{"id":135270,"date":"2026-07-01T13:28:13","date_gmt":"2026-07-01T13:28:13","guid":{"rendered":"https:\/\/www.europesays.com\/cz\/135270\/"},"modified":"2026-07-01T13:28:13","modified_gmt":"2026-07-01T13:28:13","slug":"lebron-prida-v-nba-dalsi-sezonu-ale-lakers-da-sbohem-zamiri-za-currym-idnes-cz","status":"publish","type":"post","link":"https:\/\/www.europesays.com\/cz\/135270\/","title":{"rendered":"LeBron p\u0159id\u00e1 v NBA dal\u0161\u00ed sezonu, ale Lakers d\u00e1 sbohem. Zam\u00ed\u0159\u00ed za Currym? &#8211; iDNES.cz"},"content":{"rendered":"<p><a href=\"https:\/\/news.google.com\/rss\/articles\/CBMiuwFBVV95cUxORGdvdDVkbnBFWlFWYW51UUUtc1lSUzMzQUZ0UE4tMnF3cHFvbFJGU0Q0cWFXdmE2MjZQQ0ZCU21RUkNDaXRud0E4aTcyYVVMbThSc0lWTUtQYVpuU1oxbTJqeDJDMGItSF9YTE1HSTVXdDRBSFRHNGI5d3BvNFI0UkRNdURhZU9FZ0NOUnhYNFlycjY2cjYxWGFyb0hxcllvLVNmcFZvdVdMSDZrcXd4Q2FTYW5iTzVra0VR?oc=5\" target=\"_blank\" rel=\"nofollow noopener\">LeBron p\u0159id\u00e1 v NBA dal\u0161\u00ed sezonu, ale Lakers d\u00e1 sbohem. Zam\u00ed\u0159\u00ed za Currym?<\/a>&nbsp;&nbsp;iDNES.cz<a href=\"https:\/\/news.google.com\/rss\/articles\/CBMiywFBVV95cUxNUG9GcnREOXNVamwwZEdBOFE2ay0xUWdkV21peW5nUjA1ZzZCeDdUSjNBNmdCTExCYXpueG42bFEwVWQ3Zk1USGdoMFRSYmUxYjFWOGZYQ3ZGWkt0Q2JQSlJZX0lpWjhtZzkyWVM3QmI5ejlUTHgteVVZcTR6SjdRdWVYVUlHdU1wSHhNeU4zWTNRWU5SRTBnVTAtb2kwT1YxZDFqVDFDSk5OTEdJVm1qM1FLc0g2VzU1aU1TNU5NTXBpNGxkN1c0SEw2Yw?oc=5\" target=\"_blank\" rel=\"nofollow noopener\">Lebron James bude pokra\u010dovat v NBA, u\u017e ne ale jako hr\u00e1\u010d Los Angeles Lakers<\/a>&nbsp;&nbsp;Seznam Zpr\u00e1vy<a href=\"https:\/\/news.google.com\/rss\/articles\/CBMiSEFVX3lxTE5yaHdkM2F6bTAxeE5YbEhnWXBVSFdpdlEyWWZIeHhtcnB3NEo5MEttRUJ2R3YzaTNFVEZMLVRKNl9rbi1YTzJOVA?oc=5\" target=\"_blank\" rel=\"nofollow noopener\">Americk\u00fd basketbalista LeBron James bude pokra\u010dovat v kari\u00e9\u0159e i v sezon\u011b 2026\/2027, nebude ale hr\u00e1t za Los Angeles Lakers<\/a>&nbsp;&nbsp;Den\u00edk N<a href=\"https:\/\/news.google.com\/rss\/articles\/CBMimgFBVV95cUxQY1NRaTRMOW1FNGlvMGhwUWVLUTgzWGpNakhPU09JRHNMZkVEOVhtYUU5Wkd4dllHdnFmUmlCTjFERWhJX2NtczlROHpxSHpOWnZFdjQ3ZDZuWlo1SXAyZHJadXNGMzI2Q0tvcm05ZWdiSTdlUml4RUF0el9OZ0xBOEdyLWtiRWdlb1JRaVRKUzJ4bXRJa1QyMHNB?oc=5\" target=\"_blank\" rel=\"nofollow noopener\">Legend\u00e1rn\u00ed LeBron James kon\u010d\u00ed v Lakers. Jak to bude s jeho kari\u00e9rou?<\/a>&nbsp;&nbsp;REFRESHER.cz<a href=\"https:\/\/news.google.com\/rss\/articles\/CBMijAFBVV95cUxQRi1KLW5KU0d0YUVueVd0eE5PQWtPZERQNWFZV2pPZUVzYTk1Z25TaXVFY2lsWkpQdVJCdGtGX3hFREhDWjFKbmFsbHNnemFiRld1S1pWeV9yLVpfS3VQX0JDQnM1bDBreGpHR1BQN2tuLTdEMFZpTmN2WDNKZTNwLXZkTERnUjZ1dURnRQ?oc=5\" target=\"_blank\" rel=\"nofollow noopener\">LeBron James opou\u0161t\u00ed Los Angeles Lakers. R\u00fdsuje se velk\u00fd p\u0159estup<\/a>&nbsp;&nbsp;Ruik<\/p>\n","protected":false},"excerpt":{"rendered":"LeBron p\u0159id\u00e1 v NBA dal\u0161\u00ed sezonu, ale Lakers d\u00e1 sbohem. Zam\u00ed\u0159\u00ed za Currym?&nbsp;&nbsp;iDNES.czLebron James bude pokra\u010dovat v NBA,&hellip;\n","protected":false},"author":2,"featured_media":135271,"comment_status":"","ping_status":"","sticky":false,"template":"","format":"standard","meta":{"footnotes":"","_share_on_mastodon":"0"},"categories":[15],"tags":[36320,20278,36319,13713,2879,36318,94,93,36317],"class_list":["post-135270","post","type-post","status-publish","format-standard","has-post-thumbnail","category-sport","tag-cleveland-cavaliers","tag-espn","tag-la-lakers","tag-lebron-james","tag-nba","tag-rich-paul","tag-sport","tag-sports","tag-stephen-curry"],"share_on_mastodon":{"url":"https:\/\/pubeurope.com\/@cz\/116844960428509242","error":""},"_links":{"self":[{"href":"https:\/\/www.europesays.com\/cz\/wp-json\/wp\/v2\/posts\/135270","targetHints":{"allow":["GET"]}}],"collection":[{"href":"https:\/\/www.europesays.com\/cz\/wp-json\/wp\/v2\/posts"}],"about":[{"href":"https:\/\/www.europesays.com\/cz\/wp-json\/wp\/v2\/types\/post"}],"author":[{"embeddable":true,"href":"https:\/\/www.europesays.com\/cz\/wp-json\/wp\/v2\/users\/2"}],"replies":[{"embeddable":true,"href":"https:\/\/www.europesays.com\/cz\/wp-json\/wp\/v2\/comments?post=135270"}],"version-history":[{"count":0,"href":"https:\/\/www.europesays.com\/cz\/wp-json\/wp\/v2\/posts\/135270\/revisions"}],"wp:featuredmedia":[{"embeddable":true,"href":"https:\/\/www.europesays.com\/cz\/wp-json\/wp\/v2\/media\/135271"}],"wp:attachment":[{"href":"https:\/\/www.europesays.com\/cz\/wp-json\/wp\/v2\/media?parent=135270"}],"wp:term":[{"taxonomy":"category","embeddable":true,"href":"https:\/\/www.europesays.com\/cz\/wp-json\/wp\/v2\/categories?post=135270"},{"taxonomy":"post_tag","embeddable":true,"href":"https:\/\/www.europesays.com\/cz\/wp-json\/wp\/v2\/tags?post=135270"}],"curies":[{"name":"wp","href":"https:\/\/api.w.org\/{rel}","templated":true}]}}