{"id":135322,"date":"2026-07-01T14:05:18","date_gmt":"2026-07-01T14:05:18","guid":{"rendered":"https:\/\/www.europesays.com\/cz\/135322\/"},"modified":"2026-07-01T14:05:18","modified_gmt":"2026-07-01T14:05:18","slug":"krize-chylkova-poprve-o-zivote-bez-krause","status":"publish","type":"post","link":"https:\/\/www.europesays.com\/cz\/135322\/","title":{"rendered":"KRIZE? Ch\u00fdlkov\u00e1 poprv\u00e9 o \u017eivot\u011b bez Krause!"},"content":{"rendered":"<p data-path-to-node=\"4\">Sta\u010dilo jedin\u00e9 vyj\u00e1d\u0159en\u00ed v podcastu a fanou\u0161ci slavn\u00e9ho p\u00e1ru okam\u017eit\u011b zbyst\u0159ili. Slova o tom, \u017ee Jan Kraus po pandemii natrvalo zakotvil na venkov\u011b, zat\u00edmco jeho polovi\u010dka z\u016fst\u00e1v\u00e1 v divadeln\u00edm shonu metropole, toti\u017e zn\u011bla jako nefal\u0161ovan\u00e9 p\u0159izn\u00e1n\u00ed partnersk\u00e9ho odlou\u010den\u00ed. Realita v\u0161edn\u00edch dn\u016f je v\u0161ak mnohem prost\u0161\u00ed a drama se nekon\u00e1. Cel\u00e1 situace pramen\u00ed pouze z odli\u0161n\u00e9ho pracovn\u00edho tempa a logistiky. Zat\u00edmco moder\u00e1tor si u\u017e\u00edv\u00e1 klidu mimo Prahu, here\u010dku dr\u017e\u00ed v centru d\u011bn\u00ed pracovn\u00ed povinnosti.<\/p>\n<p data-path-to-node=\"5\">\u201ePros\u00edm v\u00e1s, j\u00e1 jsem \u0159ekla, \u017ee \u017eijeme odd\u011blen\u011b, proto\u017ee m\u00e1m hodn\u011b pr\u00e1ce v Praze, jinak my \u017eijeme po\u0159\u00e1d spolu,\u201c uvedla Ch\u00fdlkov\u00e1 pro eXtra.cz.<\/p>\n<p>    <a href=\"https:\/\/www.ahaonline.cz\/clanek\/zhave-drby\/234807\/jed-na-krysy-v-jidle-a-pest-u-nosu-enevova-desi-o-janu-krausovi.html\" rel=\"nofollow noopener\" target=\"_blank\"><\/p>\n<p>        <img decoding=\"async\" src=\"https:\/\/www.europesays.com\/cz\/wp-content\/uploads\/2026\/07\/9501622.jpg\" alt=\"Jed na krysy v j\u00eddle a p\u011bst u nosu: Enevov\u00e1 d\u011bs\u00ed o Janu Krausovi\" title=\"Jed na krysy v j\u00eddle a p\u011bst u nosu: Enevov\u00e1 d\u011bs\u00ed o Janu Krausovi\" height=\"140\" width=\"220\" class=\"lazyload \" loading=\"lazy\" \/><\/p>\n<p>    <\/a><\/p>\n<p data-path-to-node=\"6\">Podle jej\u00edch slov se jednalo o pouh\u00e9 nepochopen\u00ed jej\u00edho specifick\u00e9ho smyslu pro humor a \u017e\u00e1dn\u00e9 \u010dern\u00e9 mraky se nad jejich vztahem nestahuj\u00ed. \u201eAle odd\u011blen\u011b ne\u017eijeme. To byla nads\u00e1zka,\u201c dodala here\u010dka jednozna\u010dn\u011b. Dom\u00e1c\u00ed idylu nav\u00edc potvrdila r\u00e1zn\u00fdm prohl\u00e1\u0161en\u00edm, kter\u00fdm definitivn\u011b utnula ve\u0161ker\u00e9 dohady o ponorkov\u00e9 nemoci: \u201eJen\u00ed\u010dek mi v\u016fbec nem\u016f\u017ee l\u00e9zt na nervy. To v\u016fbec nep\u0159ipad\u00e1 v \u00favahu.\u201c<\/p>\n<p data-path-to-node=\"7\">Chv\u00edle odlou\u010den\u00ed pouze umoc\u0148uj\u00ed radost z op\u011btovn\u00e9ho shled\u00e1n\u00ed. Ch\u00fdlkov\u00e1 s nads\u00e1zkou p\u0159izn\u00e1v\u00e1, \u017ee zvuk zvrtnut\u00ed kl\u00ed\u010de v z\u00e1mku v n\u00ed st\u00e1le vyvol\u00e1v\u00e1 \u00fasm\u011bv, proto\u017ee p\u0159\u00edchod jej\u00edho chot\u011b slibuje humor a rozpt\u00fdlen\u00ed.<\/p>\n<p data-path-to-node=\"8\">V podobn\u011b origin\u00e1ln\u00edm duchu se ponesou i nadch\u00e1zej\u00edc\u00ed letn\u00ed m\u011bs\u00edce. \u017d\u00e1dn\u00e9 exotick\u00e9 pl\u00e1\u017ee se nekonaj\u00ed, man\u017eel\u00e9 pl\u00e1nuj\u00ed pro\u017e\u00edt l\u00e9to v dom\u00e1c\u00edch luz\u00edch a h\u00e1j\u00edch. Strategicky toti\u017e vyu\u017e\u00edvaj\u00ed momentu, kdy v\u011bt\u0161ina n\u00e1roda odj\u00ed\u017ed\u00ed za hranice. \u201eT\u00edm p\u00e1dem jsou \u010cechy na\u0161e,\u201c glosovala s \u00fasm\u011bvem Ch\u00fdlkov\u00e1. Cesty do tepl\u00fdch krajin si tak rad\u011bji schov\u00e1vaj\u00ed a\u017e na sychrav\u00e9 zimn\u00ed obdob\u00ed.<\/p>\n<p>    <a href=\"https:\/\/www.ahaonline.cz\/clanek\/zhave-drby\/234272\/konec-poradu-7-padu-honzy-dedka-prekvapive-vyjadreni-moderatora.html\" rel=\"nofollow noopener\" target=\"_blank\"><\/p>\n<p>        <img decoding=\"async\" src=\"https:\/\/www.europesays.com\/cz\/wp-content\/uploads\/2026\/07\/7398416.jpg\" alt=\"Konec po\u0159adu 7 p\u00e1d\u016f Honzy D\u011bdka: P\u0159ekvapiv\u00e9 vyj\u00e1d\u0159en\u00ed moder\u00e1tora!\" title=\"Konec po\u0159adu 7 p\u00e1d\u016f Honzy D\u011bdka: P\u0159ekvapiv\u00e9 vyj\u00e1d\u0159en\u00ed moder\u00e1tora!\" height=\"140\" width=\"220\" class=\"lazyload \" loading=\"lazy\" \/><\/p>\n<p>    <\/a><\/p>\n<p data-path-to-node=\"9\">\u00a0<\/p>\n","protected":false},"excerpt":{"rendered":"Sta\u010dilo jedin\u00e9 vyj\u00e1d\u0159en\u00ed v podcastu a fanou\u0161ci slavn\u00e9ho p\u00e1ru okam\u017eit\u011b zbyst\u0159ili. Slova o tom, \u017ee Jan Kraus po&hellip;\n","protected":false},"author":2,"featured_media":135323,"comment_status":"","ping_status":"","sticky":false,"template":"","format":"standard","meta":{"footnotes":"","_share_on_mastodon":"0"},"categories":[14],"tags":[36326,36325,79,349,1574,3294,4777,36324,80,163],"class_list":["post-135322","post","type-post","status-publish","format-standard","has-post-thumbnail","category-zabava","tag-dlouhe-odlouceni","tag-duvod-odlouceni-od-manzela","tag-entertainment","tag-herec","tag-ivana-chylkova","tag-jan-kraus","tag-manzele","tag-odlouceni","tag-zabava","tag-zhave-drby"],"share_on_mastodon":{"url":"https:\/\/pubeurope.com\/@cz\/116845105909025494","error":""},"_links":{"self":[{"href":"https:\/\/www.europesays.com\/cz\/wp-json\/wp\/v2\/posts\/135322","targetHints":{"allow":["GET"]}}],"collection":[{"href":"https:\/\/www.europesays.com\/cz\/wp-json\/wp\/v2\/posts"}],"about":[{"href":"https:\/\/www.europesays.com\/cz\/wp-json\/wp\/v2\/types\/post"}],"author":[{"embeddable":true,"href":"https:\/\/www.europesays.com\/cz\/wp-json\/wp\/v2\/users\/2"}],"replies":[{"embeddable":true,"href":"https:\/\/www.europesays.com\/cz\/wp-json\/wp\/v2\/comments?post=135322"}],"version-history":[{"count":0,"href":"https:\/\/www.europesays.com\/cz\/wp-json\/wp\/v2\/posts\/135322\/revisions"}],"wp:featuredmedia":[{"embeddable":true,"href":"https:\/\/www.europesays.com\/cz\/wp-json\/wp\/v2\/media\/135323"}],"wp:attachment":[{"href":"https:\/\/www.europesays.com\/cz\/wp-json\/wp\/v2\/media?parent=135322"}],"wp:term":[{"taxonomy":"category","embeddable":true,"href":"https:\/\/www.europesays.com\/cz\/wp-json\/wp\/v2\/categories?post=135322"},{"taxonomy":"post_tag","embeddable":true,"href":"https:\/\/www.europesays.com\/cz\/wp-json\/wp\/v2\/tags?post=135322"}],"curies":[{"name":"wp","href":"https:\/\/api.w.org\/{rel}","templated":true}]}}