{"id":137129,"date":"2026-07-03T09:33:20","date_gmt":"2026-07-03T09:33:20","guid":{"rendered":"https:\/\/www.europesays.com\/cz\/137129\/"},"modified":"2026-07-03T09:33:20","modified_gmt":"2026-07-03T09:33:20","slug":"obrazem-modernizace-obri-odpocivky-na-rozvadove-jde-do-finale-ve-smeru-z-nemecka-se-uzavrela","status":"publish","type":"post","link":"https:\/\/www.europesays.com\/cz\/137129\/","title":{"rendered":"Obrazem: Modernizace ob\u0159\u00ed odpo\u010d\u00edvky na Rozvadov\u011b jde do fin\u00e1le. Ve sm\u011bru z N\u011bmecka se uzav\u0159ela"},"content":{"rendered":"<p>\n                                        V provozu z\u016fst\u00e1v\u00e1 jen pr\u016fjezd mezi levou a pravou stranou odpo\u010d\u00edvky. Hotovo bude v listopadu.                                    <\/p>\n<p>Na d\u00e1lnici D5 na hrani\u010dn\u00edm p\u0159echodu Rozvadov na Tachovsku je od st\u0159edy zav\u0159en\u00e1 v\u011bt\u0161ina odpo\u010d\u00edvadla ve sm\u011bru z N\u011bmecka na Plze\u0148 a Prahu, v\u010detn\u011b \u010derpac\u00ed stanice. Odpo\u010d\u00edvka proch\u00e1z\u00ed rozs\u00e1hlou p\u0159estavbou a zkapacitn\u011bn\u00edm, \u010d\u00e1st ve sm\u011bru do N\u011bmecka u\u017e je hotova, letos se a\u017e dosud stavebn\u00ed \u010dinnost soust\u0159edila p\u0159edev\u0161\u00edm na obnovu kolektorov\u00e9 komunikace ur\u010den\u00e9 pro nadm\u011brn\u00e1 vozidla.<\/p>\n<p>Od st\u0159edy se stavba\u0159i posunuli i do st\u0159edn\u00ed \u010d\u00e1sti odpo\u010d\u00edvky, kde se p\u016fvodn\u011b nach\u00e1zela p\u0159ev\u00e1\u017en\u00e1 v\u011bt\u0161ina parkovac\u00edch st\u00e1n\u00ed pro n\u00e1kladn\u00ed automobily. V\u011bt\u0161ina odpo\u010d\u00edvky je tak nyn\u00ed zcela uzav\u0159ena.<\/p>\n<p>V provozu z\u016fst\u00e1v\u00e1 prakticky jen zm\u00edn\u011bn\u00e1 kolektorov\u00e1 komunikace pro pr\u016fjezd mezi levou a pravou stranou rozvadovsk\u00e9 odpo\u010d\u00edvky s mo\u017enost\u00ed \u00fahrady m\u00fdtn\u00fdch poplatk\u016f \u010di zakoupen\u00ed d\u00e1lni\u010dn\u00ed zn\u00e1mky. V t\u00e9to podob\u011b by m\u011bla omezen\u00ed platit a\u017e do zprovozn\u011bn\u00ed cel\u00e9 odpo\u010d\u00edvky.<\/p>\n<p>Rozsahem i rozpo\u010dtem nejv\u011bt\u0161\u00ed rekonstrukci odpo\u010d\u00edvky v \u010cesku prov\u00e1d\u00ed pro \u0158editelstv\u00ed silnic a d\u00e1lnic sdru\u017een\u00ed spole\u010dnost\u00ed STRABAG a SUPTel za 648 milion\u016f korun.<\/p>\n<p>V lo\u0148sk\u00e9m roce pro\u0161la kompletn\u00ed rekonstrukc\u00ed prvn\u00ed polovina odpo\u010d\u00edvky ve sm\u011bru na n\u011bmeck\u00e9 hranice. Po\u010det st\u00e1n\u00ed pro n\u00e1kladn\u00ed automobily zde byl v\u00edce ne\u017e zdvojn\u00e1soben na st\u00e1vaj\u00edc\u00edch 206 m\u00edst. Po\u010det st\u00e1n\u00ed pro osobn\u00ed automobily se n\u00e1sledn\u011b nav\u00fd\u0161il z p\u016fvodn\u00edch 54 na 89.<\/p>\n<p>Cel\u00fd prostor pro\u0161el modernizac\u00ed, byla kompletn\u011b obnovena nap\u0159\u00edklad kanalizace a dal\u0161\u00ed \u010d\u00e1sti in\u017een\u00fdrsk\u00fdch s\u00edt\u00ed. Prostor byl dopln\u011bn o nov\u00fd mobili\u00e1\u0159 zahrnuj\u00edc\u00ed nap\u0159\u00edklad d\u011btsk\u00e9 h\u0159i\u0161t\u011b, odpo\u010dinkov\u00e9 z\u00f3ny, zast\u0159e\u0161en\u00e1 posezen\u00ed nebo toalety se sprchami.<\/p>\n<p>Toto\u017en\u00e9 zm\u011bny jsou nyn\u00ed prov\u00e1d\u011bny i na lev\u00e9 stran\u011b odpo\u010d\u00edvky. Na t\u00e9to \u010d\u00e1sti bude po\u010det parkovac\u00edch st\u00e1n\u00ed pro n\u00e1kladn\u00ed automobily roz\u0161\u00ed\u0159en z p\u016fvodn\u00edch 106 na 303. Po\u010det parkovac\u00edch st\u00e1n\u00ed pro osobn\u00ed automobily se n\u00e1sledn\u011b zv\u00fd\u0161\u00ed z 24 na 131. Vznikne zde tak\u00e9 tzv. v\u00edtac\u00ed objekt, kter\u00fd vznikne p\u0159estavbou budovy b\u00fdval\u00e9ho odbaven\u00ed.<\/p>\n<p>                                                        Tagy<\/p>\n<p>                                                                                                                                                                                                                            <a href=\"https:\/\/zdopravy.cz\/tag\/odpocivka-rozvadov\/\" type=\"button\" class=\"btn btn-secondary mb-1 btn-sm\" rel=\"nofollow noopener\" target=\"_blank\"><br \/>\n                                                                odpo\u010d\u00edvka Rozvadov                                                            <\/a><br \/>\n                                                                                                                                                                                                                                <a href=\"https:\/\/zdopravy.cz\/tag\/rozvadov\/\" type=\"button\" class=\"btn btn-secondary mb-1 btn-sm\" rel=\"nofollow noopener\" target=\"_blank\"><br \/>\n                                                                Rozvadov                                                            <\/a><br \/>\n                                                                                                                                                                                                                                <a href=\"https:\/\/zdopravy.cz\/tag\/rsd-cr\/\" type=\"button\" class=\"btn btn-secondary mb-1 btn-sm\" rel=\"nofollow noopener\" target=\"_blank\"><br \/>\n                                                                \u0158SD \u010cR                                                            <\/a><\/p>\n<p>                                                <a href=\"https:\/\/zdopravy.cz\/obrazem-prestavba-obri-odpocivky-na-rozvadove-jde-do-finale-ve-smeru-z-nemecka-se-uzavrela-287529\/?comments=1#comments\" class=\"ml-3 text-body mb-3 mt-4 d-inline-block\" rel=\"nofollow noopener\" target=\"_blank\"><\/p>\n<p>                                                    2 koment\u00e1\u0159e                                                <\/a><\/p>\n","protected":false},"excerpt":{"rendered":"V provozu z\u016fst\u00e1v\u00e1 jen pr\u016fjezd mezi levou a pravou stranou odpo\u010d\u00edvky. Hotovo bude v listopadu. Na d\u00e1lnici D5&hellip;\n","protected":false},"author":2,"featured_media":137130,"comment_status":"","ping_status":"","sticky":false,"template":"","format":"standard","meta":{"footnotes":"","_share_on_mastodon":"0"},"categories":[7],"tags":[43,42,41,40,12192,23317,1328,119],"class_list":["post-137129","post","type-post","status-publish","format-standard","has-post-thumbnail","category-cesko","tag-ceska-republika","tag-cesko","tag-czech-republic","tag-czechia","tag-odpocivka-rozvadov","tag-rozvadov","tag-rsd-cr","tag-seznam"],"share_on_mastodon":{"url":"https:\/\/pubeurope.com\/@cz\/116855361121290803","error":""},"_links":{"self":[{"href":"https:\/\/www.europesays.com\/cz\/wp-json\/wp\/v2\/posts\/137129","targetHints":{"allow":["GET"]}}],"collection":[{"href":"https:\/\/www.europesays.com\/cz\/wp-json\/wp\/v2\/posts"}],"about":[{"href":"https:\/\/www.europesays.com\/cz\/wp-json\/wp\/v2\/types\/post"}],"author":[{"embeddable":true,"href":"https:\/\/www.europesays.com\/cz\/wp-json\/wp\/v2\/users\/2"}],"replies":[{"embeddable":true,"href":"https:\/\/www.europesays.com\/cz\/wp-json\/wp\/v2\/comments?post=137129"}],"version-history":[{"count":0,"href":"https:\/\/www.europesays.com\/cz\/wp-json\/wp\/v2\/posts\/137129\/revisions"}],"wp:featuredmedia":[{"embeddable":true,"href":"https:\/\/www.europesays.com\/cz\/wp-json\/wp\/v2\/media\/137130"}],"wp:attachment":[{"href":"https:\/\/www.europesays.com\/cz\/wp-json\/wp\/v2\/media?parent=137129"}],"wp:term":[{"taxonomy":"category","embeddable":true,"href":"https:\/\/www.europesays.com\/cz\/wp-json\/wp\/v2\/categories?post=137129"},{"taxonomy":"post_tag","embeddable":true,"href":"https:\/\/www.europesays.com\/cz\/wp-json\/wp\/v2\/tags?post=137129"}],"curies":[{"name":"wp","href":"https:\/\/api.w.org\/{rel}","templated":true}]}}