{"id":137465,"date":"2026-07-03T14:05:15","date_gmt":"2026-07-03T14:05:15","guid":{"rendered":"https:\/\/www.europesays.com\/cz\/137465\/"},"modified":"2026-07-03T14:05:15","modified_gmt":"2026-07-03T14:05:15","slug":"nhl-brankar-rittich-se-v-nhl-stehuje","status":"publish","type":"post","link":"https:\/\/www.europesays.com\/cz\/137465\/","title":{"rendered":"NHL | Brank\u00e1\u0159 Rittich se v\u00a0NHL st\u011bhuje"},"content":{"rendered":"<p class=\"b_bF\">Rittich v\u00a0posledn\u00edch letech plnil v\u00a0NHL roli dvojky a\u00a0nejinak tomu bylo i\u00a0v minul\u00e9 sezon\u011b u\u00a0Islanders. Nevedl si \u0161patn\u011b &#8211; nasko\u010dil do 30\u00a0z\u00e1pas\u016f a\u00a0\u00fasp\u011b\u0161nost z\u00e1krok\u016f m\u011bl 89,4\u00a0procent.<\/p>\n<p class=\"b_bF\">Po sezon\u011b mu vypr\u0161ela smlouva, a\u00a0kdy\u017e Ostrovan\u00e9 p\u0159ivedli k\u00a0Iljovi Sorokinovi V\u00edtka Van\u011b\u010dka, bylo jasn\u00e9, \u017ee pro Ritticha u\u017e nebude m\u00edsto. Ten si tak po Calgary, Torontu, Nashvillu, Winnipegu, Los Angeles a\u00a0Islanders vyzkou\u0161\u00ed sedm\u00fd klub v\u00a0NHL.<\/p>\n<p class=\"b_bF\">Z osmi \u010desk\u00fdch g\u00f3lman\u016f, kte\u0159\u00ed v\u00a0minul\u00e9m ro\u010dn\u00edku nastoupili v\u00a0NHL, je aktu\u00e1ln\u011b bez kontraktu u\u017e jen Petr Mr\u00e1zek, jen\u017e skon\u010dil v\u00a0Anaheimu.<\/p>\n<p><a data-dot=\"atm-link\" target=\"_self\" href=\"https:\/\/www.sport.cz\/clanek\/hokej-nhl-dobes-s-montrealem-prodlouzil-smlouvu-5497527\" class=\"b_V g_ia\" rel=\"nofollow noopener\"><img fetchpriority=\"high\" height=\"924\" width=\"1233\" src=\"https:\/\/www.europesays.com\/cz\/wp-content\/uploads\/2026\/07\/1783087515_309_nhl-hokej-jakub-dobes.jpeg\" loading=\"eager\" decoding=\"sync\" class=\"b_B b_z\"\/><\/a><\/p>\n","protected":false},"excerpt":{"rendered":"Rittich v\u00a0posledn\u00edch letech plnil v\u00a0NHL roli dvojky a\u00a0nejinak tomu bylo i\u00a0v minul\u00e9 sezon\u011b u\u00a0Islanders. Nevedl si \u0161patn\u011b &#8211;&hellip;\n","protected":false},"author":2,"featured_media":137466,"comment_status":"","ping_status":"","sticky":false,"template":"","format":"standard","meta":{"footnotes":"","_share_on_mastodon":"0"},"categories":[10],"tags":[16213,17,21,29,19397,16,1553,18,19,22,20],"class_list":["post-137465","post","type-post","status-publish","format-standard","has-post-thumbnail","category-zpravy","tag-david-rittich","tag-headlines","tag-hlavni-udalosti","tag-hokej","tag-new-jersey","tag-news","tag-nhl","tag-top-news","tag-top-stories","tag-udalosti-dne","tag-zpravy"],"share_on_mastodon":{"url":"https:\/\/pubeurope.com\/@cz\/116856430616210437","error":""},"_links":{"self":[{"href":"https:\/\/www.europesays.com\/cz\/wp-json\/wp\/v2\/posts\/137465","targetHints":{"allow":["GET"]}}],"collection":[{"href":"https:\/\/www.europesays.com\/cz\/wp-json\/wp\/v2\/posts"}],"about":[{"href":"https:\/\/www.europesays.com\/cz\/wp-json\/wp\/v2\/types\/post"}],"author":[{"embeddable":true,"href":"https:\/\/www.europesays.com\/cz\/wp-json\/wp\/v2\/users\/2"}],"replies":[{"embeddable":true,"href":"https:\/\/www.europesays.com\/cz\/wp-json\/wp\/v2\/comments?post=137465"}],"version-history":[{"count":0,"href":"https:\/\/www.europesays.com\/cz\/wp-json\/wp\/v2\/posts\/137465\/revisions"}],"wp:featuredmedia":[{"embeddable":true,"href":"https:\/\/www.europesays.com\/cz\/wp-json\/wp\/v2\/media\/137466"}],"wp:attachment":[{"href":"https:\/\/www.europesays.com\/cz\/wp-json\/wp\/v2\/media?parent=137465"}],"wp:term":[{"taxonomy":"category","embeddable":true,"href":"https:\/\/www.europesays.com\/cz\/wp-json\/wp\/v2\/categories?post=137465"},{"taxonomy":"post_tag","embeddable":true,"href":"https:\/\/www.europesays.com\/cz\/wp-json\/wp\/v2\/tags?post=137465"}],"curies":[{"name":"wp","href":"https:\/\/api.w.org\/{rel}","templated":true}]}}