{"id":13759,"date":"2026-03-04T11:56:07","date_gmt":"2026-03-04T11:56:07","guid":{"rendered":"https:\/\/www.europesays.com\/cz\/13759\/"},"modified":"2026-03-04T11:56:07","modified_gmt":"2026-03-04T11:56:07","slug":"luxus-pavlovych-v-alpach-tak-si-uziva-prvni-par-ceska","status":"publish","type":"post","link":"https:\/\/www.europesays.com\/cz\/13759\/","title":{"rendered":"Luxus Pavlov\u00fdch v Alp\u00e1ch: Tak si u\u017e\u00edv\u00e1 prvn\u00ed p\u00e1r \u010ceska"},"content":{"rendered":"<p>Prezidentsk\u00fd p\u00e1r si ani tentokr\u00e1t nedop\u0159\u00e1l klasickou odpo\u010dinkovou dovolenou. \u00a0Jak je ale u nich zvykem, nejl\u00e9pe si od n\u00e1ro\u010dn\u00fdch povinnost\u00ed odpo\u010dinou v pohybu. Man\u017eel\u00e9 <a class=\"celebrity celebwiki\" href=\"https:\/\/celebwiki.blesk.cz\/osobnost\/3172\/petr-pavel\/\" target=\"_blank\" rel=\"nofollow noopener\">Pavlovi<\/a> proto vyrazili s p\u0159\u00e1teli na zasn\u011b\u017een\u00e9 svahy rakousk\u00fdch Alp, kde na p\u00e1r dn\u00ed vym\u011bnili pracovn\u00ed tempo za horsk\u00fd vzduch a ly\u017ea\u0159sk\u00e9 trat\u011b. \u201eOdlo\u017eili jsme mobiln\u00ed telefony, nadechli se \u010derstv\u00e9ho horsk\u00e9ho vzduchu, zaly\u017eovali si a dop\u0159\u00e1li si \u010das na spole\u010dn\u00e9 pov\u00edd\u00e1n\u00ed,\u201c uvedla <a class=\"celebrity celebwiki\" href=\"https:\/\/celebwiki.blesk.cz\/osobnost\/7549\/eva-pavlova\/\" target=\"_blank\" rel=\"nofollow noopener\">Eva Pavlov\u00e1<\/a> na soci\u00e1ln\u00edch s\u00edt\u00edch.<\/p>\n<p>Pr\u00e1v\u011b podobn\u00e9 chv\u00edle jsou podle n\u00ed i prezidenta d\u016fle\u017eit\u00e9 \u2013 zvl\u00e1\u0161\u0165 v dob\u011b, kdy hlava st\u00e1tu \u010del\u00ed nap\u011bt\u00ed na dom\u00e1c\u00ed politick\u00e9 sc\u00e9n\u011b i slo\u017eit\u00e9mu v\u00fdvoji v zahrani\u010d\u00ed, aktu\u00e1ln\u011b p\u0159edev\u0161\u00edm na Bl\u00edzk\u00e9m v\u00fdchod\u011b. Kr\u00e1tk\u00fd v\u00fdlet s p\u0159\u00e1teli tak p\u0159edstavoval v\u00edtan\u00e9 zpest\u0159en\u00ed a mo\u017enost na okam\u017eik vystoupit z ka\u017edodenn\u00edho koloto\u010de povinnost\u00ed.<\/p>\n<p style=\"text-align: center;\">Pavl\u016fv projev ve Sn\u011bmovn\u011b: Apel kv\u016fli v\u00fddaj\u016fm na obranu a slova o v\u00e1lce v \u00cdr\u00e1ku<\/p>\n<p>\u201eSd\u00edleli jsme radosti i starosti a znovu si uv\u011bdomili, \u017ee mnoh\u00e9 z t\u011bch na\u0161ich jsou vlastn\u011b mnohem men\u0161\u00ed, ne\u017e se n\u011bkdy zd\u00e1,\u201c p\u0159iznala Eva Pavlov\u00e1, kter\u00e1 sv\u00e1 slova doplnila o s\u00e9rii fotografi\u00ed. Po n\u00e1vratu do \u010ceska se v\u0161ak oba rychle vr\u00e1tili k pracovn\u00edm z\u00e1vazk\u016fm. Prezident Petr Pavel v\u010dera vystoupil s projevem v Poslaneck\u00e9 sn\u011bmovn\u011b a u\u017e z\u00edtra jej \u010dek\u00e1 dal\u0161\u00ed ve\u0159ejn\u00e9 vystoupen\u00ed \u2013 promluv\u00ed na konferenci Na\u0161e bezpe\u010dnost nen\u00ed samoz\u0159ejmost, jak informoval Pra\u017esk\u00fd hrad.<\/p>\n<p>    <a href=\"https:\/\/www.ahaonline.cz\/clanek\/zhave-drby\/231738\/pavlova-pristi-prezidentkou-mne-se-chce-az-brecet-zni-v-reakcich.html\" rel=\"nofollow noopener\" target=\"_blank\"><\/p>\n<p>        <img decoding=\"async\" src=\"https:\/\/www.europesays.com\/cz\/wp-content\/uploads\/2026\/03\/9747526.jpg\" alt=\"Pavlov\u00e1 p\u0159\u00ed\u0161t\u00ed prezidentkou? Mn\u011b se chce a\u017e bre\u010det, zn\u00ed v reakc\u00edch\" title=\"Pavlov\u00e1 p\u0159\u00ed\u0161t\u00ed prezidentkou? Mn\u011b se chce a\u017e bre\u010det, zn\u00ed v reakc\u00edch\" height=\"140\" width=\"220\" class=\"lazyload \" loading=\"lazy\" \/><\/p>\n<p>    <\/a><\/p>\n","protected":false},"excerpt":{"rendered":"Prezidentsk\u00fd p\u00e1r si ani tentokr\u00e1t nedop\u0159\u00e1l klasickou odpo\u010dinkovou dovolenou. \u00a0Jak je ale u nich zvykem, nejl\u00e9pe si od&hellip;\n","protected":false},"author":2,"featured_media":13760,"comment_status":"","ping_status":"","sticky":false,"template":"","format":"standard","meta":{"footnotes":"","_share_on_mastodon":"0"},"categories":[7],"tags":[43,42,41,40,1471,5573,364,213,580,7750,163],"class_list":["post-13759","post","type-post","status-publish","format-standard","has-post-thumbnail","category-cesko","tag-ceska-republika","tag-cesko","tag-czech-republic","tag-czechia","tag-dovolena","tag-eva-pavlova","tag-lyzovani","tag-petr-pavel","tag-prezident","tag-prvni-dama","tag-zhave-drby"],"share_on_mastodon":{"url":"https:\/\/pubeurope.com\/@cz\/116170783675088698","error":""},"_links":{"self":[{"href":"https:\/\/www.europesays.com\/cz\/wp-json\/wp\/v2\/posts\/13759","targetHints":{"allow":["GET"]}}],"collection":[{"href":"https:\/\/www.europesays.com\/cz\/wp-json\/wp\/v2\/posts"}],"about":[{"href":"https:\/\/www.europesays.com\/cz\/wp-json\/wp\/v2\/types\/post"}],"author":[{"embeddable":true,"href":"https:\/\/www.europesays.com\/cz\/wp-json\/wp\/v2\/users\/2"}],"replies":[{"embeddable":true,"href":"https:\/\/www.europesays.com\/cz\/wp-json\/wp\/v2\/comments?post=13759"}],"version-history":[{"count":0,"href":"https:\/\/www.europesays.com\/cz\/wp-json\/wp\/v2\/posts\/13759\/revisions"}],"wp:featuredmedia":[{"embeddable":true,"href":"https:\/\/www.europesays.com\/cz\/wp-json\/wp\/v2\/media\/13760"}],"wp:attachment":[{"href":"https:\/\/www.europesays.com\/cz\/wp-json\/wp\/v2\/media?parent=13759"}],"wp:term":[{"taxonomy":"category","embeddable":true,"href":"https:\/\/www.europesays.com\/cz\/wp-json\/wp\/v2\/categories?post=13759"},{"taxonomy":"post_tag","embeddable":true,"href":"https:\/\/www.europesays.com\/cz\/wp-json\/wp\/v2\/tags?post=13759"}],"curies":[{"name":"wp","href":"https:\/\/api.w.org\/{rel}","templated":true}]}}