{"id":138530,"date":"2026-07-04T17:24:06","date_gmt":"2026-07-04T17:24:06","guid":{"rendered":"https:\/\/www.europesays.com\/cz\/138530\/"},"modified":"2026-07-04T17:24:06","modified_gmt":"2026-07-04T17:24:06","slug":"novy-terminal-i-sedmikolejny-usek-sz-vysoutezila-projektanta-pro-cernovickou-etapu-uzlu-brno","status":"publish","type":"post","link":"https:\/\/www.europesays.com\/cz\/138530\/","title":{"rendered":"Nov\u00fd termin\u00e1l i sedmikolejn\u00fd \u00fasek. S\u017d vysout\u011b\u017eila projektanta pro \u010dernovickou etapu uzlu Brno"},"content":{"rendered":"<p>\n                                        N\u00e1vrh bude po\u010d\u00edtat i s rezervou pro budouc\u00ed tramvajovou tra\u0165.                                    <\/p>\n<p>Spr\u00e1va \u017eeleznic vysout\u011b\u017eila jednu z nejv\u011bt\u0161\u00edch leto\u0161n\u00edch zak\u00e1zek na projektovou p\u0159\u00edpravu. V sout\u011b\u017ei s odhadovanou cenou 279,5 milionu korun na\u0161la firmu, kter\u00e1 p\u0159iprav\u00ed projekt p\u0159estavby \u017eelezni\u010dn\u00edho uzlu Brno pro etapu \u010cernovice.<\/p>\n<p>Do sout\u011b\u017ee p\u0159i\u0161ly \u010dty\u0159i nab\u00eddky. Zak\u00e1zku z\u00edskala spole\u010dnost SAGASTA za 222,2 milionu, co\u017e je 80 % nejvy\u0161\u0161\u00ed p\u0159\u00edpustn\u00e9 nab\u00eddkov\u00e9 ceny v tendru. Pro S\u017d p\u0159iprav\u00ed dokumentaci pot\u0159ebnou pro z\u00edsk\u00e1n\u00ed povolen\u00ed z\u00e1m\u011bru a budouc\u00ed v\u00fdb\u011br zhotovitele stavby. Sou\u010d\u00e1st\u00ed zak\u00e1zky bude tak\u00e9 majetkopr\u00e1vn\u00ed p\u0159\u00edprava a n\u00e1sledn\u00fd dozor b\u011bhem v\u00fdstavby.<\/p>\n<p>Projekt p\u0159inese nov\u00fd p\u0159estupn\u00ed termin\u00e1l Brno-\u010cernovice, kter\u00fd vznikne na estak\u00e1d\u011b nad Olomouckou ulic\u00ed a nahrad\u00ed sou\u010dasnou zast\u00e1vku. Termin\u00e1l bude ur\u010den pro region\u00e1ln\u00ed vlaky a nab\u00eddne \u010dty\u0159i n\u00e1stupi\u0161t\u011b, bezbari\u00e9rov\u00fd p\u0159\u00edstup, v\u00fdtahy i nov\u00e9 z\u00e1zem\u00ed pro cestuj\u00edc\u00ed.<\/p>\n<p>P\u0159\u00edmo pod termin\u00e1lem vzniknou zast\u00e1vky m\u011bstsk\u00e9 hromadn\u00e9 dopravy, kter\u00e9 usnadn\u00ed p\u0159estupy. N\u00e1vrh z\u00e1rove\u0148 po\u010d\u00edt\u00e1 s rezervou pro budouc\u00ed tramvajovou tra\u0165.<\/p>\n<p>\u201e\u010cernovice budou hr\u00e1t v budouc\u00edm uspo\u0159\u00e1d\u00e1n\u00ed brn\u011bnsk\u00e9 \u017eeleznice mnohem v\u00fdznamn\u011bj\u0161\u00ed roli ne\u017e dnes. Nov\u00fd termin\u00e1l zlep\u0161\u00ed n\u00e1vaznost na m\u011bstskou dopravu a z\u00e1rove\u0148 pom\u016f\u017ee zv\u00fd\u0161it kapacitu trat\u00ed ve v\u00fdchodn\u00ed \u010d\u00e1sti m\u011bsta,\u201c uvedl gener\u00e1ln\u00ed \u0159editel Spr\u00e1vy \u017eeleznic Tom\u00e1\u0161 T\u00f3th.<\/p>\n<p>Projekt p\u0159inese z\u00e1sadn\u00ed zm\u011bny tak\u00e9 v uspo\u0159\u00e1d\u00e1n\u00ed koleji\u0161t\u011b. Od nov\u00e9ho hlavn\u00edho n\u00e1dra\u017e\u00ed povede k \u010cernovic\u00edm sedmikolejn\u00fd \u00fasek, kter\u00fd se d\u00e1le rozd\u011bl\u00ed do dvou \u010dty\u0159kolejn\u00fdch v\u011btv\u00ed ve sm\u011bru na \u017didenice a Slatinu. Sou\u010d\u00e1st\u00ed stavby bude i nov\u00e1 kolejov\u00e1 spojka sm\u011brem do Chrlic.<\/p>\n<p>Jde o jednu ze t\u0159\u00ed staveb, kter\u00e9 tvo\u0159\u00ed celkovou p\u0159estavbu \u017eelezni\u010dn\u00edho uzlu Brno. Dal\u0161\u00edmi stavbami jsou \u201e\u017delezni\u010dn\u00ed uzel Brno, etapa Her\u0161pice a osobn\u00ed n\u00e1dra\u017e\u00ed\u201c a \u201e\u017delezni\u010dn\u00ed uzel Brno, etapa \u017didenice\u201c. Rozs\u00e1hl\u00e1 p\u0159estavba brn\u011bnsk\u00e9ho uzlu m\u00e1 za c\u00edl zv\u00fd\u0161it kapacitu a p\u0159ipravit infrastrukturu pro dal\u0161\u00ed rozvoj region\u00e1ln\u00edch, d\u00e1lkov\u00fdch i budouc\u00edch vysokorychlostn\u00edch spoj\u016f.<\/p>\n<p>Podle d\u0159\u00edv\u011bj\u0161\u00edch informac\u00ed Spr\u00e1vy \u017eeleznic maj\u00ed stavebn\u00ed pr\u00e1ce za\u010d\u00edt v roce 2028, hotovo bude do roku 2035.<\/p>\n<p>                                                        Tagy<\/p>\n<p>                                                                                                                                                                                                                            <a href=\"https:\/\/zdopravy.cz\/tag\/brno-cernovice\/\" type=\"button\" class=\"btn btn-secondary mb-1 btn-sm\" rel=\"nofollow noopener\" target=\"_blank\"><br \/>\n                                                                Brno-\u010cernovice                                                            <\/a><br \/>\n                                                                                                                                                                                                                                <a href=\"https:\/\/zdopravy.cz\/tag\/sagasta\/\" type=\"button\" class=\"btn btn-secondary mb-1 btn-sm\" rel=\"nofollow noopener\" target=\"_blank\"><br \/>\n                                                                Sagasta                                                            <\/a><br \/>\n                                                                                                                                                                                                                                                                                                                                            <a href=\"https:\/\/zdopravy.cz\/tag\/sprava-zeleznic\/\" type=\"button\" class=\"btn btn-secondary mb-1 btn-sm\" rel=\"nofollow noopener\" target=\"_blank\"><br \/>\n                                                                Spr\u00e1va \u017eeleznic                                                            <\/a><\/p>\n<p>                                                <a href=\"https:\/\/zdopravy.cz\/novy-terminal-i-sedmikolejny-usek-sz-vysoutezila-projektanta-pro-cernovickou-etapu-uzlu-brno-287893\/?comments=1#comments\" class=\"ml-3 text-body mb-3 mt-4 d-inline-block\" rel=\"nofollow noopener\" target=\"_blank\"><\/p>\n<p>                                                    11 koment\u00e1\u0159\u016f                                                <\/a><\/p>\n","protected":false},"excerpt":{"rendered":"N\u00e1vrh bude po\u010d\u00edtat i s rezervou pro budouc\u00ed tramvajovou tra\u0165. Spr\u00e1va \u017eeleznic vysout\u011b\u017eila jednu z nejv\u011bt\u0161\u00edch leto\u0161n\u00edch zak\u00e1zek&hellip;\n","protected":false},"author":2,"featured_media":138531,"comment_status":"","ping_status":"","sticky":false,"template":"","format":"standard","meta":{"footnotes":"","_share_on_mastodon":"0"},"categories":[7],"tags":[36803,43,42,41,40,31898,119,535],"class_list":["post-138530","post","type-post","status-publish","format-standard","has-post-thumbnail","category-cesko","tag-brno-cernovice","tag-ceska-republika","tag-cesko","tag-czech-republic","tag-czechia","tag-sagasta","tag-seznam","tag-sprava-zeleznic"],"share_on_mastodon":{"url":"https:\/\/pubeurope.com\/@cz\/116862875277494476","error":""},"_links":{"self":[{"href":"https:\/\/www.europesays.com\/cz\/wp-json\/wp\/v2\/posts\/138530","targetHints":{"allow":["GET"]}}],"collection":[{"href":"https:\/\/www.europesays.com\/cz\/wp-json\/wp\/v2\/posts"}],"about":[{"href":"https:\/\/www.europesays.com\/cz\/wp-json\/wp\/v2\/types\/post"}],"author":[{"embeddable":true,"href":"https:\/\/www.europesays.com\/cz\/wp-json\/wp\/v2\/users\/2"}],"replies":[{"embeddable":true,"href":"https:\/\/www.europesays.com\/cz\/wp-json\/wp\/v2\/comments?post=138530"}],"version-history":[{"count":0,"href":"https:\/\/www.europesays.com\/cz\/wp-json\/wp\/v2\/posts\/138530\/revisions"}],"wp:featuredmedia":[{"embeddable":true,"href":"https:\/\/www.europesays.com\/cz\/wp-json\/wp\/v2\/media\/138531"}],"wp:attachment":[{"href":"https:\/\/www.europesays.com\/cz\/wp-json\/wp\/v2\/media?parent=138530"}],"wp:term":[{"taxonomy":"category","embeddable":true,"href":"https:\/\/www.europesays.com\/cz\/wp-json\/wp\/v2\/categories?post=138530"},{"taxonomy":"post_tag","embeddable":true,"href":"https:\/\/www.europesays.com\/cz\/wp-json\/wp\/v2\/tags?post=138530"}],"curies":[{"name":"wp","href":"https:\/\/api.w.org\/{rel}","templated":true}]}}