{"id":138684,"date":"2026-07-04T21:30:17","date_gmt":"2026-07-04T21:30:17","guid":{"rendered":"https:\/\/www.europesays.com\/cz\/138684\/"},"modified":"2026-07-04T21:30:17","modified_gmt":"2026-07-04T21:30:17","slug":"utajeny-porod-oblibene-herecky-elisku-krenkovou-prozradil-prijezd-na-karlovarsky-festival","status":"publish","type":"post","link":"https:\/\/www.europesays.com\/cz\/138684\/","title":{"rendered":"Utajen\u00fd porod obl\u00edben\u00e9 here\u010dky: Eli\u0161ku K\u0159enkovou prozradil p\u0159\u00edjezd na karlovarsk\u00fd festival"},"content":{"rendered":"<p>\n                        Here\u010dce Eli\u0161ce K\u0159enkov\u00e9 se p\u0159ed ve\u0159ejnost\u00ed z\u0159ejm\u011b poda\u0159ilo dokonale utajit porod. Zat\u00edmco je\u0161t\u011b p\u0159ed t\u0159emi m\u011bs\u00edci vystoupila v Show Jana Krause s t\u011bhotensk\u00fdm b\u0159\u00ed\u0161kem, na filmov\u00fd festival v Karlov\u00fdch Varech ji\u017e dorazila bez jak\u00fdchkoliv stop po jin\u00e9m stavu. Dokazuj\u00ed to dostupn\u00e9 fotografie. Podle Blesku se nav\u00edc po kolon\u00e1d\u011b ve Varech proch\u00e1zela s d\u011btsk\u00fdm ko\u010d\u00e1rkem.\n                    <\/p>\n<p>\u0160estat\u0159icetilet\u00e1 here\u010dka se o t\u011bhotenstv\u00ed rozhovo\u0159ila v k\u0159esle u moder\u00e1tora Jana Krause <a target=\"_blank\" href=\"https:\/\/zeny.iprima.cz\/tehotna-eliska-krenkova-o-svem-pozehnanem-stavu-506944\" rel=\"nofollow noopener\">letos v b\u0159eznu,<\/a> kdy\u017e l\u00ed\u010dila prvotn\u00ed pocity z radostn\u00e9 novinky sd\u00edlen\u00e9 s jej\u00edm p\u0159\u00edtelem. \u201eMysl\u00edm si, \u017ee mu to chvilku trvalo, ne\u017e mu to do\u0161lo. Mn\u011b to taky chvilku trvalo,\u201c sv\u011b\u0159ila se K\u0159enkov\u00e1 s prvotn\u00edmi pocity.<\/p>\n<p>\u010cT\u011aTE TAK\u00c9: <a target=\"_blank\" class=\"hover:underline block mb-2\" href=\"https:\/\/cnn.iprima.cz\/prvni-modely-z-varu-podivejte-se-kdo-na-cervenem-koberci-zazaril-a-kdo-slapl-vedle-516291\" rel=\"nofollow noopener\">Prvn\u00ed modely z Var\u016f: Pod\u00edvejte se, kdo na \u010derven\u00e9m koberci zaz\u00e1\u0159il a kdo \u0161l\u00e1pl vedle<\/a><\/p>\n<p>Nyn\u00ed se ve Varech objevila na p\u0159edstaven\u00ed filmu Vyvolen\u00fd ji\u017e bez jak\u00fdchkoli zn\u00e1mek t\u011bhotenstv\u00ed. \u201eA\u010dkoliv byli filmov\u00ed fanou\u0161ci up\u0159\u00edmn\u011b zv\u011bdav\u00ed, jak se nyn\u00ed \u017eivot Eli\u0161\u010diny rodiny prom\u011bnil, ona zachovala klid a\u00a0po projekci se op\u011bt rychle ztratila zadn\u00edm vchodem. A\u010dkoliv brzy pot\u00e9 korzovala po kolon\u00e1d\u011b s ko\u010d\u00e1rkem, aspiruje na nejtajemn\u011bj\u0161\u00ed n\u00e1v\u0161t\u011bvnici leto\u0161n\u00edho filmov\u00e9ho festivalu,\u201d popsal <a target=\"_blank\" href=\"https:\/\/www.blesk.cz\/clanek\/celebrity-karlovy-vary\/843154\/eliska-krenkova-utajila-porod-do-varu-uz-prijela-bez-tehotenskeho-bricha.html\" rel=\"nofollow noopener\">Blesk<\/a>.<\/p>\n<p>Sn\u00edmek Vyvolen\u00fd re\u017eis\u00e9ra Tomasze Mielnika m\u011bl na karlovarsk\u00e9m mezin\u00e1rodn\u00edm filmov\u00e9m festivalu v sobotu premi\u00e9ru. Uvedla jej delegace slo\u017een\u00e1 z herc\u016f i tv\u016frc\u016f v tamn\u00edm M\u011bstsk\u00e9m divadle. Tv\u016frci filmu sn\u00edmek popsali jako divokou absurdn\u00ed poetickou komedii. Sc\u00e9n\u00e1\u0159 vznikl na motivy rom\u00e1nu Thomase Manna.<\/p>\n<p>Film se objevil v nesout\u011b\u017en\u00ed sekci zvan\u00e9 Zvl\u00e1\u0161tn\u00ed uveden\u00ed a b\u011bhem festivalu ho \u010dekaj\u00ed je\u0161t\u011b t\u0159i repr\u00edzy. P\u0159\u00edb\u011bh potuln\u00e9ho divadeln\u00edka vypr\u00e1v\u00ed o chlapci, kter\u00fd se narodil ze zak\u00e1zan\u00e9 l\u00e1sky bratra a sestry a za\u017eil mnoh\u00e1 dobrodru\u017estv\u00ed. Mezi jeho nejv\u011bt\u0161\u00ed hv\u011bzdy pat\u0159\u00ed Miroslav Donutil, Petr Uhl\u00edk nebo pr\u00e1v\u011b Eli\u0161ka K\u0159enkov\u00e1.<\/p>\n<p>MOHLO V\u00c1M UNIKNOUT: <a target=\"_blank\" class=\"hover:underline block mb-2\" href=\"https:\/\/cnn.iprima.cz\/kralovska-prvni-dama-a-esteticka-bolest-z-gumy-prinasime-velky-modni-rozbor-z-varu-516320\" rel=\"nofollow noopener\">Kr\u00e1lovsk\u00e1 prvn\u00ed d\u00e1ma a estetick\u00e1 bolest z gumy: P\u0159in\u00e1\u0161\u00edme velk\u00fd m\u00f3dn\u00ed rozbor z Var\u016f<\/a><\/p>\n","protected":false},"excerpt":{"rendered":"Here\u010dce Eli\u0161ce K\u0159enkov\u00e9 se p\u0159ed ve\u0159ejnost\u00ed z\u0159ejm\u011b poda\u0159ilo dokonale utajit porod. Zat\u00edmco je\u0161t\u011b p\u0159ed t\u0159emi m\u011bs\u00edci vystoupila v&hellip;\n","protected":false},"author":2,"featured_media":138685,"comment_status":"","ping_status":"","sticky":false,"template":"","format":"standard","meta":{"footnotes":"","_share_on_mastodon":"0"},"categories":[14],"tags":[1538,15179,79,4000,349,3294,726,1448,3551,745,8397,1682,9639,36818,80,9635],"class_list":["post-138684","post","type-post","status-publish","format-standard","has-post-thumbnail","category-zabava","tag-celebrity","tag-eliska-krenkova","tag-entertainment","tag-film","tag-herec","tag-jan-kraus","tag-karlovy-vary","tag-kultura","tag-mezinarodni-filmovy-festival-karlovy-vary","tag-porod","tag-spolecenska-rubrika","tag-umeni","tag-umeni-a-zabava","tag-vyvoleny","tag-zabava","tag-zabava-a-media"],"share_on_mastodon":{"url":"https:\/\/pubeurope.com\/@cz\/116863842686552420","error":""},"_links":{"self":[{"href":"https:\/\/www.europesays.com\/cz\/wp-json\/wp\/v2\/posts\/138684","targetHints":{"allow":["GET"]}}],"collection":[{"href":"https:\/\/www.europesays.com\/cz\/wp-json\/wp\/v2\/posts"}],"about":[{"href":"https:\/\/www.europesays.com\/cz\/wp-json\/wp\/v2\/types\/post"}],"author":[{"embeddable":true,"href":"https:\/\/www.europesays.com\/cz\/wp-json\/wp\/v2\/users\/2"}],"replies":[{"embeddable":true,"href":"https:\/\/www.europesays.com\/cz\/wp-json\/wp\/v2\/comments?post=138684"}],"version-history":[{"count":0,"href":"https:\/\/www.europesays.com\/cz\/wp-json\/wp\/v2\/posts\/138684\/revisions"}],"wp:featuredmedia":[{"embeddable":true,"href":"https:\/\/www.europesays.com\/cz\/wp-json\/wp\/v2\/media\/138685"}],"wp:attachment":[{"href":"https:\/\/www.europesays.com\/cz\/wp-json\/wp\/v2\/media?parent=138684"}],"wp:term":[{"taxonomy":"category","embeddable":true,"href":"https:\/\/www.europesays.com\/cz\/wp-json\/wp\/v2\/categories?post=138684"},{"taxonomy":"post_tag","embeddable":true,"href":"https:\/\/www.europesays.com\/cz\/wp-json\/wp\/v2\/tags?post=138684"}],"curies":[{"name":"wp","href":"https:\/\/api.w.org\/{rel}","templated":true}]}}