{"id":138694,"date":"2026-07-04T21:43:10","date_gmt":"2026-07-04T21:43:10","guid":{"rendered":"https:\/\/www.europesays.com\/cz\/138694\/"},"modified":"2026-07-04T21:43:10","modified_gmt":"2026-07-04T21:43:10","slug":"klausova-vzala-do-varu-vnoucata-na-festival-jezdi-pres-30-let-zavzpominala-na-bartosku","status":"publish","type":"post","link":"https:\/\/www.europesays.com\/cz\/138694\/","title":{"rendered":"Klausov\u00e1 vzala do Var\u016f vnou\u010data, na festival jezd\u00ed p\u0159es 30 let. Zavzpom\u00ednala na Barto\u0161ku"},"content":{"rendered":"<p>\n                        Filmy, jedine\u010dn\u00e1 atmosf\u00e9ra a \u010das str\u00e1ven\u00fd s rodinou. Pr\u00e1v\u011b to si Livia Klausov\u00e1 ka\u017edoro\u010dn\u011b u\u017e\u00edv\u00e1 na Mezin\u00e1rodn\u00edm filmov\u00e9m festivalu v Karlov\u00fdch Varech. B\u00fdval\u00e1 prvn\u00ed d\u00e1ma dorazila i letos a zavzpom\u00ednala na \u00fasm\u011bvnou p\u0159\u00edhodu s Ji\u0159\u00edm Barto\u0161kou.\n                    <\/p>\n<p>B\u00fdval\u00e1 prvn\u00ed d\u00e1ma Livia Klausov\u00e1 pat\u0159\u00ed k pravideln\u00fdm n\u00e1v\u0161t\u011bvn\u00edk\u016fm karlovarsk\u00e9ho filmov\u00e9ho festivalu. Jak sama p\u0159izn\u00e1v\u00e1, do l\u00e1ze\u0148sk\u00e9ho m\u011bsta se vrac\u00ed u\u017e v\u00edce ne\u017e t\u0159i desetilet\u00ed a poka\u017ed\u00e9 se t\u011b\u0161\u00ed nejen na filmov\u00e9 novinky, ale i na neopakovatelnou atmosf\u00e9ru.<\/p>\n<p>\u010cT\u011aTE TAK\u00c9: <a target=\"_blank\" href=\"https:\/\/cnn.iprima.cz\/sledujte-zive-deni-z-cerveneho-koberce-516252\" rel=\"nofollow noopener\">Obrazem z KVIFF. Dustin Hoffman vyrazil mezi fanou\u0161ky, Keitel tan\u010dil na \u010derven\u00e9m koberci<\/a><\/p>\n<p>\u201eJako v\u017edycky. T\u011b\u0161\u00edm se na filmy, t\u011b\u0161\u00edm se na atmosf\u00e9ru a t\u011b\u0161\u00edm se na ten slavn\u00fd rok. Pr\u00e1v\u011b jsme toti\u017e vzpom\u00ednali, kolikr\u00e1t jsem u\u017e v Karlov\u00fdch Varech byla, kolikr\u00e1t se mnou byla vnou\u010data\u2026 U m\u011b je to ur\u010dit\u011b p\u0159es t\u0159icet let,\u201c sv\u011b\u0159ila se <a target=\"_blank\" href=\"https:\/\/zeny.iprima.cz\/livia-klausova-je-ve-varech-jako-doma-516295\" rel=\"nofollow noopener\">redakci Prima \u017deny<\/a>.<\/p>\n<p>Za dlouh\u00e1 l\u00e9ta m\u00e1 s festivalem spojenou \u0159adu vzpom\u00ednek. Jedna z nich ale s filmov\u00fdm pl\u00e1tnem v\u016fbec nesouvis\u00ed. \u201eKdysi d\u00e1vno m\u011b vzal Jirka Barto\u0161ka na golfov\u00e9 h\u0159i\u0161t\u011b a cht\u011bl, abych si to zkusila. A pot\u00e9, co jsme tam str\u00e1vili n\u011bjak\u00fd \u010das, \u0159\u00edkal, \u017ee to prod\u00e1 do Blesku,\u201c rozesm\u00e1la se p\u0159i vzpom\u00ednce na dlouholet\u00e9ho prezidenta festivalu.<\/p>\n<p>Dorazila s doprovodem<\/p>\n<p>Ani letos nep\u0159ijela sama. Na \u010derven\u00e9m koberci i b\u011bhem festivalov\u00e9ho programu j\u00ed spole\u010dnost d\u011blaj\u00ed vnou\u010data, kter\u00e1 podle n\u00ed zd\u011bdila l\u00e1sku ke kultu\u0159e. \u201eHlavn\u011b z\u00e1le\u017e\u00ed na tom, jak se rodi\u010de d\u011btem v\u011bnuj\u00ed od \u00fatl\u00e9ho d\u011btstv\u00ed. Moje vnou\u010data maj\u00ed vztah i k literatu\u0159e. \u010ctou, chod\u00ed do kina i do divadla,\u201c pochv\u00e1lila svou rodinu.<\/p>\n<p>Po festivalov\u00e9m d\u011bn\u00ed ji \u010dek\u00e1 n\u00e1vrat k b\u011b\u017en\u00fdm povinnostem. P\u0159esto\u017ee by mnoz\u00ed o\u010dek\u00e1vali letn\u00ed dovolenou plnou odpo\u010dinku, b\u00fdval\u00e1 prvn\u00ed d\u00e1ma m\u00e1 jin\u00e9 pl\u00e1ny. \u201eTe\u010f tr\u00e1v\u00edm l\u00e9to lakov\u00e1n\u00edm oken doma, abych to tro\u0161ku odleh\u010dila, a potom ur\u010dit\u011b pojedu na \u010das na chalupu,\u201c prozradila. A jak podle n\u00ed vypad\u00e1 ide\u00e1ln\u00ed relax? Odpov\u011b\u010f p\u0159i\u0161la bez zav\u00e1h\u00e1n\u00ed. \u201ePrac\u00ed,\u201c \u0159ekla se sm\u00edchem.<\/p>\n<p>MOHLO V\u00c1M UNIKNOUT: <a target=\"_blank\" href=\"https:\/\/cnn.iprima.cz\/prvni-modely-z-varu-podivejte-se-kdo-na-cervenem-koberci-zazaril-a-kdo-slapl-vedle-516291\" rel=\"nofollow noopener\">Prvn\u00ed modely z Var\u016f. Pod\u00edvejte se, kdo na \u010derven\u00e9m koberci zaz\u00e1\u0159il a kdo \u0161l\u00e1pl vedle<\/a><\/p>\n","protected":false},"excerpt":{"rendered":"Filmy, jedine\u010dn\u00e1 atmosf\u00e9ra a \u010das str\u00e1ven\u00fd s rodinou. Pr\u00e1v\u011b to si Livia Klausov\u00e1 ka\u017edoro\u010dn\u011b u\u017e\u00edv\u00e1 na Mezin\u00e1rodn\u00edm filmov\u00e9m&hellip;\n","protected":false},"author":2,"featured_media":138695,"comment_status":"","ping_status":"","sticky":false,"template":"","format":"standard","meta":{"footnotes":"","_share_on_mastodon":"0"},"categories":[7],"tags":[1538,4743,43,42,41,40,5961,726,1448,5996,3551,7750,8397,1682,9639,9635],"class_list":["post-138694","post","type-post","status-publish","format-standard","has-post-thumbnail","category-cesko","tag-celebrity","tag-cerveny-koberec","tag-ceska-republika","tag-cesko","tag-czech-republic","tag-czechia","tag-jiri-bartoska","tag-karlovy-vary","tag-kultura","tag-livia-klausova","tag-mezinarodni-filmovy-festival-karlovy-vary","tag-prvni-dama","tag-spolecenska-rubrika","tag-umeni","tag-umeni-a-zabava","tag-zabava-a-media"],"share_on_mastodon":{"url":"https:\/\/pubeurope.com\/@cz\/116863893904291277","error":""},"_links":{"self":[{"href":"https:\/\/www.europesays.com\/cz\/wp-json\/wp\/v2\/posts\/138694","targetHints":{"allow":["GET"]}}],"collection":[{"href":"https:\/\/www.europesays.com\/cz\/wp-json\/wp\/v2\/posts"}],"about":[{"href":"https:\/\/www.europesays.com\/cz\/wp-json\/wp\/v2\/types\/post"}],"author":[{"embeddable":true,"href":"https:\/\/www.europesays.com\/cz\/wp-json\/wp\/v2\/users\/2"}],"replies":[{"embeddable":true,"href":"https:\/\/www.europesays.com\/cz\/wp-json\/wp\/v2\/comments?post=138694"}],"version-history":[{"count":0,"href":"https:\/\/www.europesays.com\/cz\/wp-json\/wp\/v2\/posts\/138694\/revisions"}],"wp:featuredmedia":[{"embeddable":true,"href":"https:\/\/www.europesays.com\/cz\/wp-json\/wp\/v2\/media\/138695"}],"wp:attachment":[{"href":"https:\/\/www.europesays.com\/cz\/wp-json\/wp\/v2\/media?parent=138694"}],"wp:term":[{"taxonomy":"category","embeddable":true,"href":"https:\/\/www.europesays.com\/cz\/wp-json\/wp\/v2\/categories?post=138694"},{"taxonomy":"post_tag","embeddable":true,"href":"https:\/\/www.europesays.com\/cz\/wp-json\/wp\/v2\/tags?post=138694"}],"curies":[{"name":"wp","href":"https:\/\/api.w.org\/{rel}","templated":true}]}}