{"id":138799,"date":"2026-07-05T05:17:10","date_gmt":"2026-07-05T05:17:10","guid":{"rendered":"https:\/\/www.europesays.com\/cz\/138799\/"},"modified":"2026-07-05T05:17:10","modified_gmt":"2026-07-05T05:17:10","slug":"cinske-klimatizace-bez-vrtani-do-zdi-dobyvaji-evropu-firma-hlasi-rekordni-prodeje-bruselu-to-kazi-plany","status":"publish","type":"post","link":"https:\/\/www.europesays.com\/cz\/138799\/","title":{"rendered":"\u010c\u00ednsk\u00e9 klimatizace bez vrt\u00e1n\u00ed do zdi dob\u00fdvaj\u00ed Evropu. Firma hl\u00e1s\u00ed rekordn\u00ed prodeje, Bruselu to kaz\u00ed pl\u00e1ny"},"content":{"rendered":"<p class=\"PDq2pG_selectionAnchorContainer\" data-start=\"298\" data-end=\"715\">Evropsk\u00e1 unie se sna\u017e\u00ed sn\u00ed\u017eit rekordn\u00ed obchodn\u00ed deficit s\u00a0\u010c\u00ednou a\u00a0dos\u00e1hnout do \u0159\u00edjna konkr\u00e9tn\u00edch v\u00fdsledk\u016f v\u00a0jedn\u00e1n\u00edch o\u00a0vyrovnan\u011bj\u0161\u00ed obchodn\u00ed v\u00fdm\u011bn\u011b. Pl\u00e1ny Bruselu ale nar\u00e1\u017eej\u00ed na ne\u010dekanou p\u0159ek\u00e1\u017eku. Historick\u00e1 vlna veder nap\u0159\u00ed\u010d Evropou toti\u017e prudce zv\u00fd\u0161ila popt\u00e1vku po klimatizac\u00edch, jejich\u017e v\u00fdrobu ovl\u00e1daj\u00ed p\u0159edev\u0161\u00edm \u010d\u00ednsk\u00e9 spole\u010dnosti. Upozornila na to americk\u00e1 televize <a href=\"https:\/\/www.cnbc.com\/2026\/07\/02\/european-union-china-meeting-summer-heatwave-trade-imbalance-tariffs-.html\" rel=\"nofollow noopener\" target=\"_blank\">CNBC<\/a>.<\/p>\n<p data-start=\"717\" data-end=\"1094\">Evropsk\u00fd komisa\u0159 pro obchod Maro\u0161 \u0160ef\u010dovi\u010d po jedn\u00e1n\u00ed s\u00a0\u010d\u00ednsk\u00fdm ministrem obchodu Wang Wen-tchaem<a href=\"https:\/\/www.reuters.com\/world\/china\/eus-trade-chief-wants-results-trade-talks-with-china-by-october-2026-06-29\/\" rel=\"nofollow noopener\" target=\"_blank\"> uvedl<\/a>, \u017ee ob\u011b strany cht\u011bj\u00ed do \u0159\u00edjna dos\u00e1hnout \u201ehmatateln\u00fdch v\u00fdsledk\u016f\u201c v\u00a0ot\u00e1zk\u00e1ch obchodn\u00ed nerovnov\u00e1hy, p\u0159\u00edstupu na trh \u010di v\u00fdvozn\u00edch omezen\u00ed. Vzniknout m\u00e1 tak\u00e9 spole\u010dn\u00e1 pracovn\u00ed skupina, kter\u00e1 bude sledovat obchodn\u00ed toky mezi ob\u011bma ekonomikami.<\/p>\n<p>Obchodn\u00ed deficit v\u016f\u010di \u010c\u00edn\u011b vzrostl<\/p>\n<p data-start=\"1096\" data-end=\"1421\">Situaci v\u0161ak komplikuje pr\u00e1v\u011b extr\u00e9mn\u00ed po\u010das\u00ed. Evropa se dosud klimatizac\u00edm sp\u00ed\u0161e vyh\u00fdbala, proto\u017ee je pova\u017eovala za energeticky n\u00e1ro\u010dn\u00e9 nebo nevhodn\u00e9 z\u00a0hlediska m\u011bstsk\u00e9 architektury. Sou\u010dasn\u00e1 vedra ale m\u011bn\u00ed chov\u00e1n\u00ed spot\u0159ebitel\u016f a\u00a0zvy\u0161uj\u00ed dovoz za\u0159\u00edzen\u00ed, kter\u00e1 poch\u00e1zej\u00ed p\u0159ev\u00e1\u017en\u011b z\u00a0\u010c\u00edny.<\/p>\n<p><a class=\"article-card__image\" data-ac-image=\"\" href=\"https:\/\/www.e15.cz\/zahranicni\/obavane-el-nino-je-tady-a-nabira-na-sile-meteorologove-varuji-evropu-pred-extremy-1432782\" title=\"Ob\u00e1van\u00e9 El Ni\u00f1o je tady a nab\u00edr\u00e1 na s\u00edle. Meteorologov\u00e9 varuj\u00ed Evropu p\u0159ed extr\u00e9my\" rel=\"nofollow noopener\" target=\"_blank\"><img decoding=\"async\" alt=\"Ob\u00e1van\u00e9 El Ni\u00f1o je tady a nab\u00edr\u00e1 na s\u00edle. Meteorologov\u00e9 varuj\u00ed Evropu p\u0159ed extr\u00e9my\" title=\"Ob\u00e1van\u00e9 El Ni\u00f1o je tady a nab\u00edr\u00e1 na s\u00edle. Meteorologov\u00e9 varuj\u00ed Evropu p\u0159ed extr\u00e9my\" class=\"\" data-magazine=\"\" src=\"https:\/\/www.europesays.com\/cz\/wp-content\/uploads\/2026\/07\/1783228630_546_9562997.jpg\" loading=\"lazy\" style=\"aspect-ratio: 328 \/ 184\"\/><\/a><a class=\"article-card__title-link line-limit-3\" data-ac-title=\"\" href=\"https:\/\/www.e15.cz\/zahranicni\/obavane-el-nino-je-tady-a-nabira-na-sile-meteorologove-varuji-evropu-pred-extremy-1432782\" title=\"Ob\u00e1van\u00e9 El Ni\u00f1o je tady a nab\u00edr\u00e1 na s\u00edle. Meteorologov\u00e9 varuj\u00ed Evropu p\u0159ed extr\u00e9my\" rel=\"nofollow noopener\" target=\"_blank\">Ob\u00e1van\u00e9 El Ni\u00f1o je tady a nab\u00edr\u00e1 na s\u00edle. Meteorologov\u00e9 varuj\u00ed Evropu p\u0159ed extr\u00e9my<\/a><\/p>\n<p data-start=\"1423\" data-end=\"1728\">Obchodn\u00ed deficit Evropsk\u00e9 unie v\u016f\u010di \u010c\u00edn\u011b loni vzrostl o\u00a015\u00a0procent na 360\u00a0miliard eur. Jen za prvn\u00ed \u010dtvrtlet\u00ed leto\u0161n\u00edho roku dos\u00e1hl 98\u00a0miliard eur, co\u017e p\u0159edstavuje nejvy\u0161\u0161\u00ed hodnotu od roku 2022. Mezi nejv\u00fdznamn\u011bj\u0161\u00ed dov\u00e1\u017een\u00e9 polo\u017eky pat\u0159\u00ed elektrick\u00e1 za\u0159\u00edzen\u00ed a\u00a0stroje.<\/p>\n<p data-start=\"2157\" data-end=\"2690\">Velkou roli v\u00a0sou\u010dasn\u00e9m boomu hraje i\u00a0\u010d\u00ednsk\u00e1 spole\u010dnost Midea. Jej\u00ed p\u0159enosn\u00e1 klimatizace PortaSplit byla navr\u017eena tak, aby vyhov\u011bla evropsk\u00fdm stavebn\u00edm p\u0159edpis\u016fm. Za\u0159\u00edzen\u00ed nevy\u017eaduje vrt\u00e1n\u00ed do fas\u00e1d a\u00a0spl\u0148uje limity pro mno\u017estv\u00ed chladiva nap\u0159\u00edklad ve Francii. Firma podle CNBC letos eviduje v\u00edce ne\u017e 200\u00a0tis\u00edc objedn\u00e1vek tohoto modelu, co\u017e je dvojn\u00e1sobek oproti lo\u0148sk\u00e9mu tempu. V\u00a0N\u011bmecku se nav\u00edc staly popul\u00e1rn\u00ed weby sleduj\u00edc\u00ed skladov\u00e9 z\u00e1soby t\u011bchto klimatizac\u00ed, kter\u00e9 jsou na mnoha m\u00edstech vyprodan\u00e9.<\/p>\n<p>Nejprod\u00e1van\u011bj\u0161\u00ed klimatizace nejsou z\u00a0EU<\/p>\n<p data-start=\"2692\" data-end=\"3102\">Podle \u00fadaj\u016f <a href=\"https:\/\/www.iea.org\/data-and-statistics\/data-product\/household-appliances-database#\" rel=\"nofollow noopener\" target=\"_blank\">Mezin\u00e1rodn\u00ed energetick\u00e9 agentury<\/a> m\u00e1 klimatizaci p\u0159ibli\u017en\u011b p\u011btina evropsk\u00fdch dom\u00e1cnost\u00ed, zat\u00edmco ve Spojen\u00fdch st\u00e1tech jde t\u00e9m\u011b\u0159 o\u00a090\u00a0procent. O\u010dek\u00e1v\u00e1 se, \u017ee s\u00a0rostouc\u00edmi teplotami bude evropsk\u00fd trh d\u00e1l expandovat, z\u00a0\u010deho\u017e budou t\u011b\u017eit p\u0159edev\u0161\u00edm asij\u0161t\u00ed v\u00fdrobci. \u017d\u00e1dn\u00e1 z\u00a0p\u011bti nejprod\u00e1van\u011bj\u0161\u00edch zna\u010dek klimatizac\u00ed v\u00a0Evrop\u011b toti\u017e nepoch\u00e1z\u00ed z\u00a0Evropsk\u00e9 unie.<\/p>\n<p data-start=\"3104\" data-end=\"3581\" data-is-last-node=\"\" data-is-only-node=\"\">Brusel proto stoj\u00ed p\u0159ed slo\u017eit\u00fdm rozhodov\u00e1n\u00edm. Na jedn\u00e9 stran\u011b chce omezit z\u00e1vislost na \u010d\u00ednsk\u00fdch dod\u00e1vk\u00e1ch a\u00a0chr\u00e1nit evropsk\u00fd pr\u016fmysl, na stran\u011b druh\u00e9 v\u0161ak mus\u00ed reagovat na rostouc\u00ed popt\u00e1vku spot\u0159ebitel\u016f po cenov\u011b dostupn\u00fdch technologi\u00edch. Evropsk\u00e1 komise u\u017e zp\u0159\u00edsnila n\u011bkter\u00e1 opat\u0159en\u00ed v\u016f\u010di \u010d\u00ednsk\u00fdm firm\u00e1m nap\u0159\u00edklad v\u00a0oblasti sol\u00e1rn\u00edch panel\u016f nebo da\u0148ov\u00fdch v\u00fdjimek pro levn\u00e9 z\u00e1silky. O\u00a0plo\u0161n\u00fdch clech se ale zat\u00edm neuva\u017euje.<\/p>\n","protected":false},"excerpt":{"rendered":"Evropsk\u00e1 unie se sna\u017e\u00ed sn\u00ed\u017eit rekordn\u00ed obchodn\u00ed deficit s\u00a0\u010c\u00ednou a\u00a0dos\u00e1hnout do \u0159\u00edjna konkr\u00e9tn\u00edch v\u00fdsledk\u016f v\u00a0jedn\u00e1n\u00edch o\u00a0vyrovnan\u011bj\u0161\u00ed obchodn\u00ed v\u00fdm\u011bn\u011b.&hellip;\n","protected":false},"author":2,"featured_media":138800,"comment_status":"","ping_status":"","sticky":false,"template":"","format":"standard","meta":{"footnotes":"","_share_on_mastodon":"0"},"categories":[3],"tags":[3678,202,17651,8462,109,108,106,571,378,6119,36851,36852,375],"class_list":["post-138799","post","type-post","status-publish","format-standard","has-post-thumbnail","category-evropa","tag-brusel","tag-cina","tag-cnbc","tag-deficit","tag-europa","tag-europe","tag-evropa","tag-evropska-unie","tag-francie","tag-klimatizace","tag-maros-sefcovic","tag-midea","tag-nemecko"],"share_on_mastodon":{"url":"https:\/\/pubeurope.com\/@cz\/116865679005709593","error":""},"_links":{"self":[{"href":"https:\/\/www.europesays.com\/cz\/wp-json\/wp\/v2\/posts\/138799","targetHints":{"allow":["GET"]}}],"collection":[{"href":"https:\/\/www.europesays.com\/cz\/wp-json\/wp\/v2\/posts"}],"about":[{"href":"https:\/\/www.europesays.com\/cz\/wp-json\/wp\/v2\/types\/post"}],"author":[{"embeddable":true,"href":"https:\/\/www.europesays.com\/cz\/wp-json\/wp\/v2\/users\/2"}],"replies":[{"embeddable":true,"href":"https:\/\/www.europesays.com\/cz\/wp-json\/wp\/v2\/comments?post=138799"}],"version-history":[{"count":0,"href":"https:\/\/www.europesays.com\/cz\/wp-json\/wp\/v2\/posts\/138799\/revisions"}],"wp:featuredmedia":[{"embeddable":true,"href":"https:\/\/www.europesays.com\/cz\/wp-json\/wp\/v2\/media\/138800"}],"wp:attachment":[{"href":"https:\/\/www.europesays.com\/cz\/wp-json\/wp\/v2\/media?parent=138799"}],"wp:term":[{"taxonomy":"category","embeddable":true,"href":"https:\/\/www.europesays.com\/cz\/wp-json\/wp\/v2\/categories?post=138799"},{"taxonomy":"post_tag","embeddable":true,"href":"https:\/\/www.europesays.com\/cz\/wp-json\/wp\/v2\/tags?post=138799"}],"curies":[{"name":"wp","href":"https:\/\/api.w.org\/{rel}","templated":true}]}}