{"id":139169,"date":"2026-07-05T14:02:08","date_gmt":"2026-07-05T14:02:08","guid":{"rendered":"https:\/\/www.europesays.com\/cz\/139169\/"},"modified":"2026-07-05T14:02:08","modified_gmt":"2026-07-05T14:02:08","slug":"foldynu-zaskocila-okamurova-schuzka-se-zbrojarem-strnadem-chce-vysvetleni-idnes-cz","status":"publish","type":"post","link":"https:\/\/www.europesays.com\/cz\/139169\/","title":{"rendered":"Foldynu zasko\u010dila Okamurova sch\u016fzka se zbroja\u0159em Strnadem, chce vysv\u011btlen\u00ed &#8211; iDNES.cz"},"content":{"rendered":"<p><a href=\"https:\/\/news.google.com\/rss\/articles\/CBMiywFBVV95cUxPM0RicE5QNUR6NjlfWVhEbGp6U1FwNEpvNFRmWGIyQ3V2VnJEX21aWC1KWXNmazVvUWxFUmdud1AtZVMxU19tNWpwbkdzcmcxTjNMMnVEX1NZVnlINVBJN2RaTUMtNVE5R21wbl9xZTJoQ2FzajFOMlRsaEFfbzlFUUxJbWExa0dPVXRSLXp1Um9JTzNoRjRDa0ZPU2s2cnZ4NWdxWllzSENIYkZ4OEVITWtzMTM4TElsV1VFQ3BFMzItc3VuVHlGaW45RQ?oc=5\" target=\"_blank\" rel=\"nofollow noopener\">Foldynu zasko\u010dila Okamurova sch\u016fzka se zbroja\u0159em Strnadem, chce vysv\u011btlen\u00ed<\/a>&nbsp;&nbsp;iDNES.cz<a href=\"https:\/\/news.google.com\/rss\/articles\/CBMiogFBVV95cUxOWDlWMVNiSGtiaTVwN3dwWGgxVFZQdmJYaVliMDZkS3VIdGNGQ3FCNnl2R3dZRU44anhQRU1peG9BbnoxV2I3TWl4djB0WDdZdmZXQWJ3b2o5RkxzUVFGSzBraVRLckc3NHZyYmpwdURUNzNDX1FQTkFGVWpVMzBoYXNGaWMwV01xdGdXRW1oOEE0UmV0SXJtS2RScHhDck9jVVE?oc=5\" target=\"_blank\" rel=\"nofollow noopener\">Sch\u016fzka, o kter\u00e9 nikdo nem\u011bl v\u011bd\u011bt: Strnad p\u0159i\u0161el za Okamurou, i kdy\u017e to o p\u00e1r minut d\u0159\u00edve pop\u00edral<\/a>&nbsp;&nbsp;Den\u00edk N<a href=\"https:\/\/news.google.com\/rss\/articles\/CBMi1AFBVV95cUxNRFdZMmlmWnl5M3RTNzlUUUVOMVgxbEZJZm1JS1VRS3pkdVpHMGNpNThMREZ1TG5yYlR5VE5VUmg2R1JKVVdKQzMyRnR2NlNaNi1rU3hWZmVMeTNDbERubUdOVkh6MEFheUFjeF8tMzd1Wi11Q3lkTWJHNFVVUm50Q2hQT0szVWt2aElpLUdKNEt2TU15RC05U3VQS0VRT1JTZlVZMFlUTk5xUEVNOGY2RDFLQ0ZhVFd0T0g1eWx3WGNGMm9mcmFJU1NzV1E1OTNWV21hVdIB2gFBVV95cUxOX3R3emc1ZnJuRExBMlZnWUZCcFpnbUtiUll3YmZhVi0zTEtzeG1zSE5mMWlpU2gxNi1DYm1tcmFCT2s2N1pPTWhSbEFTNS1PWFZLd2ZhX19hazBVZ1MzektSRFdZWjRTdEY5YUJxbS1SMW1zS0h5Sks4YTFiOXN2cWhORGE2cVNYeXczNjFmc3NiUW1DeDFHM3hlQWVRb3FWc1JIbTR0YVBRcDB5UnZmRURPZWZYMVdva3VIQko4VVFXT2RMNVhzQkdwM2NhSHVSMU9HelprOXlyUQ?oc=5\" target=\"_blank\" rel=\"nofollow noopener\">Pro\u010d se Okamura se\u0161el se zbroja\u0159em Strnadem? &#8222;Jeho&#8220; poslanec chce vysv\u011btlen\u00ed<\/a>&nbsp;&nbsp;www.prahanadlani.cz<a href=\"https:\/\/news.google.com\/rss\/articles\/CBMi-AFBVV95cUxPbzRZd19BQ1JFY3p4WTlSVlpZbU5KckU0UXRNck9hQnYzZkIwV202TFp2clpsZWo5V1lKcE81UGprWHplLWU0NDFoSnYwMTFja2k4QjJpS3BZQktIOWRpVVNnWEFiUVdYQmdsSFpDel9kV1R1WXFEelY4ZklBQ1dWb0VwMnJMS2ZKUEp6SkUtZTNEOVA1a3gxNldhYWFwaFJXRFRsNXU2OEh2Ukt0U0Z1LVdmVFlmZ0RzSXJrbU95bUxadmxIbW9iVGNkWm8wN2NoTEYtdEJLamFnaDZpeUQ4bW5QaW5LeEwtOVNoWmZNQk9WX0V0RHNCeg?oc=5\" target=\"_blank\" rel=\"nofollow noopener\">Zbroja\u0159 Strnad se se\u0161el s Okamurou | \u010cT vym\u00e1h\u00e1 \u010dty\u0159milionovou \u0161kodu od radn\u00edch | P\u0159i masivn\u00edm rusk\u00e9m \u00fatoku na Kyjev zem\u0159elo t\u0159icet lid\u00ed<\/a>&nbsp;&nbsp;Den\u00edk N<\/p>\n","protected":false},"excerpt":{"rendered":"Foldynu zasko\u010dila Okamurova sch\u016fzka se zbroja\u0159em Strnadem, chce vysv\u011btlen\u00ed&nbsp;&nbsp;iDNES.czSch\u016fzka, o kter\u00e9 nikdo nem\u011bl v\u011bd\u011bt: Strnad p\u0159i\u0161el za Okamurou,&hellip;\n","protected":false},"author":2,"featured_media":139170,"comment_status":"","ping_status":"","sticky":false,"template":"","format":"standard","meta":{"footnotes":"","_share_on_mastodon":"0"},"categories":[7],"tags":[43,42,41,40,1834,4255,1956,19076,5241,1341,1838],"class_list":["post-139169","post","type-post","status-publish","format-standard","has-post-thumbnail","category-cesko","tag-ceska-republika","tag-cesko","tag-czech-republic","tag-czechia","tag-czechoslovak-group","tag-denik-n","tag-jaromir-zuna","tag-jaroslav-foldyna","tag-michal-strnad","tag-spd","tag-tomio-okamura"],"share_on_mastodon":{"url":"https:\/\/pubeurope.com\/@cz\/116867743412881917","error":""},"_links":{"self":[{"href":"https:\/\/www.europesays.com\/cz\/wp-json\/wp\/v2\/posts\/139169","targetHints":{"allow":["GET"]}}],"collection":[{"href":"https:\/\/www.europesays.com\/cz\/wp-json\/wp\/v2\/posts"}],"about":[{"href":"https:\/\/www.europesays.com\/cz\/wp-json\/wp\/v2\/types\/post"}],"author":[{"embeddable":true,"href":"https:\/\/www.europesays.com\/cz\/wp-json\/wp\/v2\/users\/2"}],"replies":[{"embeddable":true,"href":"https:\/\/www.europesays.com\/cz\/wp-json\/wp\/v2\/comments?post=139169"}],"version-history":[{"count":0,"href":"https:\/\/www.europesays.com\/cz\/wp-json\/wp\/v2\/posts\/139169\/revisions"}],"wp:featuredmedia":[{"embeddable":true,"href":"https:\/\/www.europesays.com\/cz\/wp-json\/wp\/v2\/media\/139170"}],"wp:attachment":[{"href":"https:\/\/www.europesays.com\/cz\/wp-json\/wp\/v2\/media?parent=139169"}],"wp:term":[{"taxonomy":"category","embeddable":true,"href":"https:\/\/www.europesays.com\/cz\/wp-json\/wp\/v2\/categories?post=139169"},{"taxonomy":"post_tag","embeddable":true,"href":"https:\/\/www.europesays.com\/cz\/wp-json\/wp\/v2\/tags?post=139169"}],"curies":[{"name":"wp","href":"https:\/\/api.w.org\/{rel}","templated":true}]}}