{"id":140003,"date":"2026-07-06T14:55:17","date_gmt":"2026-07-06T14:55:17","guid":{"rendered":"https:\/\/www.europesays.com\/cz\/140003\/"},"modified":"2026-07-06T14:55:17","modified_gmt":"2026-07-06T14:55:17","slug":"havlova-po-varech-bali-kufry-misto-plne-silnych-vzpominek","status":"publish","type":"post","link":"https:\/\/www.europesays.com\/cz\/140003\/","title":{"rendered":"Havlov\u00e1 po Varech bal\u00ed kufry: M\u00edsto pln\u00e9 siln\u00fdch vzpom\u00ednek"},"content":{"rendered":"<p>Here\u010dka a b\u00fdval\u00e1 prvn\u00ed d\u00e1ma <a class=\"celebrity celebwiki\" href=\"https:\/\/celebwiki.blesk.cz\/osobnost\/1083\/dagmar-havlova-veskrnova\/\" target=\"_blank\" rel=\"nofollow noopener\">Dagmar Havlov\u00e1<\/a> (71) m\u00e1 po n\u00e1ro\u010dn\u00e9m festivalov\u00e9m t\u00fddnu v Karlov\u00fdch Varech jasn\u00e9 pl\u00e1ny. Po kr\u00e1tk\u00e9m odpo\u010dinku bal\u00ed kufry a m\u00ed\u0159\u00ed do destinace, kter\u00e1 pro ni nen\u00ed jen oby\u010dejnou dovolenkovou zast\u00e1vkou.<\/p>\n<p style=\"text-align: center;\">Dagmar Havlov\u00e1 na MFF KV: Otev\u0159e st\u00e1nek s man\u017eelem!<\/p>\n<p>    <a href=\"https:\/\/www.ahaonline.cz\/clanek\/zhave-drby\/235507\/havlova-ignorovala-varovani-tela-bolest-znovu-uderila.html\" rel=\"nofollow noopener\" target=\"_blank\"><\/p>\n<p>        <img decoding=\"async\" src=\"https:\/\/www.europesays.com\/cz\/wp-content\/uploads\/2026\/07\/9897734-crop.jpg\" alt=\"Havlov\u00e1 ignorovala varov\u00e1n\u00ed t\u011bla: Bolest znovu ude\u0159ila!\" title=\"Havlov\u00e1 ignorovala varov\u00e1n\u00ed t\u011bla: Bolest znovu ude\u0159ila!\" height=\"140\" width=\"220\" class=\"lazyload \" loading=\"lazy\" \/><\/p>\n<p>    <\/a><\/p>\n<p>M\u00edsto, kam se chyst\u00e1, m\u00e1 toti\u017e spojen\u00ed s jej\u00edm zesnul\u00fdm man\u017eelem, prezidentem <a class=\"celebrity celebwiki\" href=\"https:\/\/celebwiki.blesk.cz\/osobnost\/1090\/vaclav-havel\/\" target=\"_blank\" rel=\"nofollow noopener\">V\u00e1clav Havel<\/a>. Pr\u00e1v\u011b tam spolu v minulosti tr\u00e1vili \u010das a Havlov\u00e1 se k t\u011bmto vzpom\u00ednk\u00e1m podle v\u0161eho st\u00e1le r\u00e1da vrac\u00ed.<\/p>\n<p>Po hektick\u00fdch dnech ve Varech tak vol\u00ed klidn\u011bj\u0161\u00ed re\u017eim a prost\u0159ed\u00ed, kde m\u016f\u017ee zpomalit a odpo\u010dinout si od spole\u010dnosti i m\u00e9di\u00ed. Jak je u n\u00ed zvykem, i leto\u0161n\u00ed l\u00e9to tak kombinuje cestov\u00e1n\u00ed, pr\u00e1ci i osobn\u00ed rovinu, kter\u00e1 hraje d\u016fle\u017eitou roli.<\/p>\n<p style=\"text-align: center;\">Dagmar Havlov\u00e1 na festivalov\u00e9m t\u00fddnu ve Varech.<\/p>\n<p>  <a href=\"https:\/\/www.ahaonline.cz\/galerie\/389118\/?foto=7\" class=\"imgInGallery galleryTransition\" title=\"Dagmar Havlov\u00e1\" onclick=\"saveImageId(9899562)\" rel=\"nofollow noopener\" target=\"_blank\"><\/p>\n<p>      <img decoding=\"async\" src=\"https:\/\/www.europesays.com\/cz\/wp-content\/uploads\/2026\/07\/9899562.jpg\" alt=\"\" title=\"\" height=\"387\" width=\"258\" class=\"lazyload \" loading=\"lazy\" \/><\/p>\n<p>  <\/a><\/p>\n<p>Dagmar Havlov\u00e1\u00a0\u2022 foto ara<\/p>\n<\/p>\n<p>    <a href=\"https:\/\/www.ahaonline.cz\/clanek\/zhave-drby\/235010\/krainova-promluvila-o-havlove-a-schytala-potupnou-sprchu.html\" rel=\"nofollow noopener\" target=\"_blank\"><\/p>\n<p>        <img decoding=\"async\" src=\"https:\/\/www.europesays.com\/cz\/wp-content\/uploads\/2026\/07\/1783349717_639_9878087.jpg\" alt=\"Krainov\u00e1 promluvila o Havlov\u00e9 a schytala potupnou sprchu!\" title=\"Krainov\u00e1 promluvila o Havlov\u00e9 a schytala potupnou sprchu!\" height=\"140\" width=\"220\" class=\"lazyload \" loading=\"lazy\" \/><\/p>\n<p>    <\/a><\/p>\n","protected":false},"excerpt":{"rendered":"Here\u010dka a b\u00fdval\u00e1 prvn\u00ed d\u00e1ma Dagmar Havlov\u00e1 (71) m\u00e1 po n\u00e1ro\u010dn\u00e9m festivalov\u00e9m t\u00fddnu v Karlov\u00fdch Varech jasn\u00e9 pl\u00e1ny.&hellip;\n","protected":false},"author":2,"featured_media":140004,"comment_status":"","ping_status":"","sticky":false,"template":"","format":"standard","meta":{"footnotes":"","_share_on_mastodon":"0"},"categories":[14],"tags":[536,8288,79,726,19892,7750,2947,652,80,163],"class_list":["post-140003","post","type-post","status-publish","format-standard","has-post-thumbnail","category-zabava","tag-cestovani","tag-dagmar-havlova","tag-entertainment","tag-karlovy-vary","tag-kufr","tag-prvni-dama","tag-vaclav-havel","tag-vztahy","tag-zabava","tag-zhave-drby"],"share_on_mastodon":{"url":"https:\/\/pubeurope.com\/@cz\/116873614378528049","error":""},"_links":{"self":[{"href":"https:\/\/www.europesays.com\/cz\/wp-json\/wp\/v2\/posts\/140003","targetHints":{"allow":["GET"]}}],"collection":[{"href":"https:\/\/www.europesays.com\/cz\/wp-json\/wp\/v2\/posts"}],"about":[{"href":"https:\/\/www.europesays.com\/cz\/wp-json\/wp\/v2\/types\/post"}],"author":[{"embeddable":true,"href":"https:\/\/www.europesays.com\/cz\/wp-json\/wp\/v2\/users\/2"}],"replies":[{"embeddable":true,"href":"https:\/\/www.europesays.com\/cz\/wp-json\/wp\/v2\/comments?post=140003"}],"version-history":[{"count":0,"href":"https:\/\/www.europesays.com\/cz\/wp-json\/wp\/v2\/posts\/140003\/revisions"}],"wp:featuredmedia":[{"embeddable":true,"href":"https:\/\/www.europesays.com\/cz\/wp-json\/wp\/v2\/media\/140004"}],"wp:attachment":[{"href":"https:\/\/www.europesays.com\/cz\/wp-json\/wp\/v2\/media?parent=140003"}],"wp:term":[{"taxonomy":"category","embeddable":true,"href":"https:\/\/www.europesays.com\/cz\/wp-json\/wp\/v2\/categories?post=140003"},{"taxonomy":"post_tag","embeddable":true,"href":"https:\/\/www.europesays.com\/cz\/wp-json\/wp\/v2\/tags?post=140003"}],"curies":[{"name":"wp","href":"https:\/\/api.w.org\/{rel}","templated":true}]}}