{"id":14064,"date":"2026-03-04T16:45:09","date_gmt":"2026-03-04T16:45:09","guid":{"rendered":"https:\/\/www.europesays.com\/cz\/14064\/"},"modified":"2026-03-04T16:45:09","modified_gmt":"2026-03-04T16:45:09","slug":"vyhazovali-nas-z-mista-na-misto-vzpomina-rychlik-vznikl-serial-o-hadivadle","status":"publish","type":"post","link":"https:\/\/www.europesays.com\/cz\/14064\/","title":{"rendered":"Vyhazovali n\u00e1s z\u00a0m\u00edsta na m\u00edsto, vzpom\u00edn\u00e1 Rychl\u00edk. Vznikl seri\u00e1l o\u00a0HaDivadle"},"content":{"rendered":"<p class=\"e_bK\">Dokumentarist\u00e9 d\u00edky tomu nat\u00e1\u010deli jak na akc\u00edch p\u0159ipraven\u00fdch k\u00a0jubileu v\u00a0Prost\u011bjov\u011b, kde ans\u00e1mbl vznikl, tak v\u00a0Brn\u011b, kde dnes HaDivadlo s\u00eddl\u00ed v\u00a0pas\u00e1\u017ei Alfa. \u201eDokument ukazuje, kolik osobnost\u00ed t\u00edm p\u016fvodn\u011b mal\u00fdm divadlem z\u00a0Prost\u011bjova pro\u0161lo a\u00a0kolik ud\u011blalo pr\u00e1ce,\u201c shrnuje scen\u00e1rista projektu B\u0159etislav Rychl\u00edk, s\u00e1m n\u011bkdej\u0161\u00ed autor a\u00a0re\u017eis\u00e9r HaDivadla.<\/p>\n<p class=\"e_bK\">Desetid\u00edln\u00fd seri\u00e1l, jeho\u017e prvn\u00ed dv\u011b epizody lze <a data-dot=\"atm-link\" target=\"_blank\" rel=\"noopener nofollow\" href=\"https:\/\/www.ceskatelevize.cz\/porady\/15785785625-hadivadlo-padesatka-na-krku\/\" class=\"e_m\">zp\u011btn\u011b vid\u011bt<\/a> tak\u00e9 na platform\u011b iVys\u00edl\u00e1n\u00ed, p\u0159ipom\u00edn\u00e1 zakladatele Svatopluka V\u00e1lu, pr\u016fkopn\u00edky Arno\u0161ta Goldflama a\u00a0Josefa Koval\u010duka, re\u017eis\u00e9ry i\u00a0autory Jana Anton\u00edna Pit\u00ednsk\u00e9ho, J\u00e1na Sedala, Mari\u00e1na Amslera \u010di Ivana Buraje. Nechyb\u00ed ani opory hereck\u00e9ho souboru.<\/p>\n<p class=\"e_bK\">V HaDivadle dosud \u00fa\u010dinkuj\u00ed pam\u011btn\u00edci jeho prost\u011bjovsk\u00e9 \u00e9ry Miloslav Mar\u0161\u00e1lek a\u00a0Cyril Drozda, k\u00a0v\u00fdrazn\u00fdm tv\u00e1\u0159\u00edm t\u00e9to brn\u011bnsk\u00e9 sc\u00e9ny d\u00e1le pat\u0159\u00ed Simona Pekov\u00e1 nebo Marie Ludv\u00edkov\u00e1. HaDivadlem pro\u0161li nap\u0159\u00edklad Jana Plodkov\u00e1, Tom\u00e1\u0161 Matonoha a\u00a0Pavel Li\u0161ka, stejn\u011b jako zp\u011bva\u010dka Monika Na\u010deva.<\/p>\n<p class=\"e_bK\">Re\u017eis\u00e9rka dokumentu Monika Rychl\u00edkov\u00e1, co\u017e je \u017eena B\u0159etislava Rychl\u00edka, propojuje vzpom\u00ednky pam\u011btn\u00edk\u016f s\u00a0pohledem na sou\u010dasnost divadla, je\u017e m\u00e1 <a data-dot=\"atm-link\" target=\"_blank\" href=\"https:\/\/www.seznamzpravy.cz\/clanek\/kultura-hadivadlo-brno-2025-sezona-285513\" class=\"e_m\" rel=\"nofollow noopener\">nov\u011b<\/a> mlad\u00e9 veden\u00ed. S\u00a0kamerou nav\u0161t\u00edvila Rychl\u00edkov\u00e1 tak\u00e9 m\u00edsta, kde soubor p\u016fsobil d\u0159\u00edve, krom\u011b prost\u011bjovsk\u00e9ho N\u00e1rodn\u00edho domu nap\u0159\u00edklad brn\u011bnskou \u0160elepku a\u00a0Kabinet m\u00faz. <\/p>\n<p class=\"e_bK\">\u201eZa\u017eil jsem je\u0161t\u011b \u00e9ru v\u00a0Prost\u011bjov\u011b, kde jsme \u017eili beatnick\u00fdm zp\u016fsobem \u017eivota. Za\u017eil jsem p\u0159echod do Brna. Bylo n\u00e1s sice jen p\u011bt a\u00a0p\u016fl, ale ta pr\u00e1ce m\u011bla smysl a\u00a0s\u00edlu, h\u00fdbali jsme za\u017eit\u00fdmi p\u0159edstavami o\u00a0divadle v\u00a0\u010dasech komunistick\u00e9 normalizace,\u201c vzpom\u00edn\u00e1 B\u0159etislav Rychl\u00edk. \u201eVyhazovali n\u00e1s z\u00a0m\u00edsta na m\u00edsto, vyd\u00edrali finan\u010dn\u011b, \u017eili jsme opravdu na hranici b\u00eddy, byli jsme outsidery, ale ta na\u0161e chudoba byla nakonec p\u0159ednost\u00ed. Spont\u00e1nn\u011b to vytv\u00e1\u0159elo \u00e9tos, hrdost a\u00a0vzdor. Odm\u011bnou byla svoboda a\u00a0v\u00e1\u0161e\u0148 pro tvorbu,\u201c dod\u00e1v\u00e1.<\/p>\n<p><img fetchpriority=\"high\" height=\"1199\"   width=\"1800\" src=\"https:\/\/www.europesays.com\/cz\/wp-content\/uploads\/2026\/03\/hadivadlo.jpeg\" loading=\"eager\" decoding=\"sync\" class=\"e_U e_S\"\/>Foto: Profimedia.cz<\/p>\n<p class=\"e_bK\">Sc\u00e9n\u00e1\u0159 seri\u00e1lu napsal B\u0159etislav Rychl\u00edk, n\u011bkdej\u0161\u00ed autor a\u00a0re\u017eis\u00e9r HaDivadla (na fotografii z\u00a0lo\u0148sk\u00e9 debaty).<\/p>\n<p class=\"e_bK\">Seri\u00e1l p\u0159ipom\u00edn\u00e1 nejen um\u011bleckou pr\u00e1ci souboru, ale tak\u00e9 ob\u010danskou rovinu jeho \u010dinnosti. HaDivadlo bylo podle tv\u016frc\u016f dokumentu v\u017edy kritick\u00e9, provokativn\u00ed a\u00a0svobodn\u00e9. <\/p>\n<p class=\"e_bK\">Pr\u00e1v\u011b HaDivadlo spolu s\u00a0tehdej\u0161\u00edm Divadlem na prov\u00e1zku p\u0159ineslo p\u0159i pra\u017esk\u00e9m hostov\u00e1n\u00ed 17.\u00a0listopadu 1989\u00a0div\u00e1k\u016fm prvn\u00ed zpr\u00e1vy o\u00a0masakru na N\u00e1rodn\u00ed t\u0159\u00edd\u011b. N\u00e1sleduj\u00edc\u00ed den oba soubory zah\u00e1jily st\u00e1vku divadel. \u201eHaDivadlo s\u00a0Divadlem na prov\u00e1zku byly prvn\u00edmi st\u00e1vkuj\u00edc\u00edmi divadly v\u00a0republice. Tenkr\u00e1t se p\u0159i hostov\u00e1n\u00ed v\u00a0Junior klubu Na Chmelnici m\u00edsto p\u0159edstaven\u00ed Rozrazil uskute\u010dnil rozhovor se zml\u00e1cen\u00fdm studentem z\u00a0N\u00e1rodn\u00ed t\u0159\u00eddy Romanem R\u00e1\u010dkem,\u201c dopl\u0148uje re\u017eis\u00e9rka Monika Rychl\u00edkov\u00e1.<\/p>\n","protected":false},"excerpt":{"rendered":"Dokumentarist\u00e9 d\u00edky tomu nat\u00e1\u010deli jak na akc\u00edch p\u0159ipraven\u00fdch k\u00a0jubileu v\u00a0Prost\u011bjov\u011b, kde ans\u00e1mbl vznikl, tak v\u00a0Brn\u011b, kde dnes HaDivadlo&hellip;\n","protected":false},"author":2,"featured_media":14065,"comment_status":"","ping_status":"","sticky":false,"template":"","format":"standard","meta":{"footnotes":"","_share_on_mastodon":"0"},"categories":[14],"tags":[7843,1172,79,5357,80],"class_list":["post-14064","post","type-post","status-publish","format-standard","has-post-thumbnail","category-zabava","tag-bretislav-rychlik","tag-divadelni-predstaveni","tag-entertainment","tag-hadivadlo","tag-zabava"],"share_on_mastodon":{"url":"https:\/\/pubeurope.com\/@cz\/116171920088650071","error":""},"_links":{"self":[{"href":"https:\/\/www.europesays.com\/cz\/wp-json\/wp\/v2\/posts\/14064","targetHints":{"allow":["GET"]}}],"collection":[{"href":"https:\/\/www.europesays.com\/cz\/wp-json\/wp\/v2\/posts"}],"about":[{"href":"https:\/\/www.europesays.com\/cz\/wp-json\/wp\/v2\/types\/post"}],"author":[{"embeddable":true,"href":"https:\/\/www.europesays.com\/cz\/wp-json\/wp\/v2\/users\/2"}],"replies":[{"embeddable":true,"href":"https:\/\/www.europesays.com\/cz\/wp-json\/wp\/v2\/comments?post=14064"}],"version-history":[{"count":0,"href":"https:\/\/www.europesays.com\/cz\/wp-json\/wp\/v2\/posts\/14064\/revisions"}],"wp:featuredmedia":[{"embeddable":true,"href":"https:\/\/www.europesays.com\/cz\/wp-json\/wp\/v2\/media\/14065"}],"wp:attachment":[{"href":"https:\/\/www.europesays.com\/cz\/wp-json\/wp\/v2\/media?parent=14064"}],"wp:term":[{"taxonomy":"category","embeddable":true,"href":"https:\/\/www.europesays.com\/cz\/wp-json\/wp\/v2\/categories?post=14064"},{"taxonomy":"post_tag","embeddable":true,"href":"https:\/\/www.europesays.com\/cz\/wp-json\/wp\/v2\/tags?post=14064"}],"curies":[{"name":"wp","href":"https:\/\/api.w.org\/{rel}","templated":true}]}}