{"id":140691,"date":"2026-07-07T10:19:15","date_gmt":"2026-07-07T10:19:15","guid":{"rendered":"https:\/\/www.europesays.com\/cz\/140691\/"},"modified":"2026-07-07T10:19:15","modified_gmt":"2026-07-07T10:19:15","slug":"pribude-rybicka-ceska-biatlonova-medailistka-ohlasila-tehotenstvi","status":"publish","type":"post","link":"https:\/\/www.europesays.com\/cz\/140691\/","title":{"rendered":"P\u0159ibude rybi\u010dka. \u010cesk\u00e1 biatlonov\u00e1 medailistka ohl\u00e1sila t\u011bhotenstv\u00ed"},"content":{"rendered":"<p class=\"b_bF\">Prvn\u00ed se \u0161tafetov\u00e9 medailistce z\u00a0olympijsk\u00e9ho So\u010di a\u00a0mistrovstv\u00ed sv\u011bta v\u00a0Anterselv\u011b narodil p\u0159ed dv\u011bma a\u00a0\u010dtvrt lety, kdy s\u00a0partnerem p\u0159iv\u00edtali na sv\u011bt syna pojmenovan\u00e9ho Paride.<\/p>\n<p class=\"b_bF\">Pr\u00e1v\u011b on m\u011bl origin\u00e1ln\u00ed koment\u00e1\u0159 ke sn\u00edmku sv\u00e9ho budouc\u00edho sourozence. \u201eJak \u0159ekl Paride na ultrazvuku p\u0159i pohledu na obrazovku: ryba. Tak\u017ee ano, do na\u0161\u00ed rodiny p\u0159ibude rybi\u010dka,\u201c okomentovala p\u011btat\u0159icetilet\u00e1 Puskar\u010d\u00edkov\u00e1 video inspirovan\u00e9 americkou here\u010dkou Anne Hathawayovou.<\/p>\n<p class=\"b_bF\">T\u0159ia\u010dty\u0159icetilet\u00e1 hv\u011bzda film\u016f \u010e\u00e1bel nos\u00ed Pradu sv\u00e9 t\u0159et\u00ed t\u011bhotenstv\u00ed oznamovala v\u00a0podobn\u00e9m stylu rovn\u011b\u017e s\u00a0p\u00edsn\u00ed Baby, I&#8217;m Yours.<\/p>\n<p class=\"b_bF\">Puskar\u010d\u00edkov\u00e1, kter\u00e1 kari\u00e9ru ukon\u010dila v\u00a0roce 2022, s\u00a0rodinou \u017eije st\u0159\u00eddav\u011b v\u00a0\u010cesku a\u00a0v italsk\u00e9m Livignu, kde Bormoliniov\u00e9 vlastn\u00ed penzion.<\/p>\n<p class=\"b_bF\">Ke sv\u00e9mu radostn\u00e9mu o\u010dek\u00e1v\u00e1n\u00ed dostala na Instagramu \u0159adu gratulac\u00ed od kolegy\u0148 ze sou\u010dasn\u00e9ho reprezenta\u010dn\u00edho t\u00fdmu Terezy Voborn\u00edkov\u00e9, Mark\u00e9ty Davidov\u00e9 a\u00a0Jessiky Jislov\u00e9 \u010di n\u011bkdej\u0161\u00edch soupe\u0159ek Denise Herrmannov\u00e9-Wickov\u00e9 a\u00a0Paul\u00edny B\u00e1tovsk\u00e9 Fialkov\u00e9.<\/p>\n<p><a data-dot=\"atm-link\" target=\"_self\" href=\"https:\/\/www.sport.cz\/clanek\/zimni-sporty-rychlobrusleni-nase-navzdy-sablikova-se-zdrahalovou-si-rekly-ano-5496704\" class=\"b_V g_ia\" rel=\"nofollow noopener\"><img fetchpriority=\"high\" height=\"1200\" width=\"1600\" src=\"https:\/\/www.europesays.com\/cz\/wp-content\/uploads\/2026\/07\/1783419555_965_martina-sablikova-rychlobrusleni-nikola-zdrahalova.jpeg\" loading=\"eager\" decoding=\"sync\" class=\"b_B b_z\"\/><\/a><\/p>\n","protected":false},"excerpt":{"rendered":"Prvn\u00ed se \u0161tafetov\u00e9 medailistce z\u00a0olympijsk\u00e9ho So\u010di a\u00a0mistrovstv\u00ed sv\u011bta v\u00a0Anterselv\u011b narodil p\u0159ed dv\u011bma a\u00a0\u010dtvrt lety, kdy s\u00a0partnerem p\u0159iv\u00edtali na&hellip;\n","protected":false},"author":2,"featured_media":140692,"comment_status":"","ping_status":"","sticky":false,"template":"","format":"standard","meta":{"footnotes":"","_share_on_mastodon":"0"},"categories":[15],"tags":[1109,37193,94,93,8080],"class_list":["post-140691","post","type-post","status-publish","format-standard","has-post-thumbnail","category-sport","tag-biatlon","tag-eva-kristejn-puskarcikova","tag-sport","tag-sports","tag-tehotenstvi"],"share_on_mastodon":{"url":"https:\/\/pubeurope.com\/@cz\/116878191088836526","error":""},"_links":{"self":[{"href":"https:\/\/www.europesays.com\/cz\/wp-json\/wp\/v2\/posts\/140691","targetHints":{"allow":["GET"]}}],"collection":[{"href":"https:\/\/www.europesays.com\/cz\/wp-json\/wp\/v2\/posts"}],"about":[{"href":"https:\/\/www.europesays.com\/cz\/wp-json\/wp\/v2\/types\/post"}],"author":[{"embeddable":true,"href":"https:\/\/www.europesays.com\/cz\/wp-json\/wp\/v2\/users\/2"}],"replies":[{"embeddable":true,"href":"https:\/\/www.europesays.com\/cz\/wp-json\/wp\/v2\/comments?post=140691"}],"version-history":[{"count":0,"href":"https:\/\/www.europesays.com\/cz\/wp-json\/wp\/v2\/posts\/140691\/revisions"}],"wp:featuredmedia":[{"embeddable":true,"href":"https:\/\/www.europesays.com\/cz\/wp-json\/wp\/v2\/media\/140692"}],"wp:attachment":[{"href":"https:\/\/www.europesays.com\/cz\/wp-json\/wp\/v2\/media?parent=140691"}],"wp:term":[{"taxonomy":"category","embeddable":true,"href":"https:\/\/www.europesays.com\/cz\/wp-json\/wp\/v2\/categories?post=140691"},{"taxonomy":"post_tag","embeddable":true,"href":"https:\/\/www.europesays.com\/cz\/wp-json\/wp\/v2\/tags?post=140691"}],"curies":[{"name":"wp","href":"https:\/\/api.w.org\/{rel}","templated":true}]}}