{"id":140753,"date":"2026-07-07T11:16:09","date_gmt":"2026-07-07T11:16:09","guid":{"rendered":"https:\/\/www.europesays.com\/cz\/140753\/"},"modified":"2026-07-07T11:16:09","modified_gmt":"2026-07-07T11:16:09","slug":"cesi-prichazeji-na-chut-ojetym-elektromobilum-a-automobilky-na-to-reaguji-muzete-usetrit-i-milion-garaz-cz","status":"publish","type":"post","link":"https:\/\/www.europesays.com\/cz\/140753\/","title":{"rendered":"\u010ce\u0161i p\u0159ich\u00e1zej\u00ed na chu\u0165 ojet\u00fdm elektromobil\u016fm a automobilky na to reaguj\u00ed. M\u016f\u017eete u\u0161et\u0159it i milion &#8211; Gar\u00e1\u017e.cz"},"content":{"rendered":"<p><a href=\"https:\/\/news.google.com\/rss\/articles\/CBMi3AFBVV95cUxOaGtMbWJ6ZFVnN2RLYUpWVTFpLUVJRlA3d3hDZTRuaE5tREpjSGxiSTBFX3Btc3EwR3FfWDhFV3h3bWpiWGpNeWRzUTNsSnJySkRLdk9qLXJJNGg3akp0U0RQdmZ1emNZbklCWlZfaEtuMlNZSjR6ekJ4U3JGd0UtY2ZvdHlvQ0NUSy1EeFF6NkNrYjY2Y3g5OVB2TVJBaTZOVHdhN09oMVp1UWEzbUU0UG9OUi1FYUtFYk5fckp5MER3SzcxdV9nWWVmSm80YUlJNkc5SzdWWUd2LVVH?oc=5\" target=\"_blank\" rel=\"nofollow noopener\">\u010ce\u0161i p\u0159ich\u00e1zej\u00ed na chu\u0165 ojet\u00fdm elektromobil\u016fm a automobilky na to reaguj\u00ed. M\u016f\u017eete u\u0161et\u0159it i milion<\/a>&nbsp;&nbsp;Gar\u00e1\u017e.cz<a href=\"https:\/\/news.google.com\/rss\/articles\/CBMikAFBVV95cUxNdGpLZk5FTGJIdlNwVTh3MUUyWGlndF9hclkzMktJRkNLSEhWNEtIek1hV3VuTGw0bmJRWXA3aGI5am1CVWdiT2tRSm1iMWhvVnhNemNjZ1hBQV9ENVZHd2tsa2JRQkJpSDNXelNVQTVvVUc4YzJlbWI3bXBFR3V6ZW5JeFFJY3Vpb2ZTRGVQdTE?oc=5\" target=\"_blank\" rel=\"nofollow noopener\">Prodej elektromobil\u016f m\u00e1 v \u010cesku nov\u00fd rekord<\/a>&nbsp;&nbsp;Novinky<a href=\"https:\/\/news.google.com\/rss\/articles\/CBMipgFBVV95cUxPZWR1TEZaLU5hTUxnM0R1MEhTZFVBVHY0NXpHV0llY1JiT280WUZKWnM0bk5lLWx2UHNsMWdGSkRaSFZBM3JySkFpaGVaOWZrVHpPR2Q1Wm0zR21RelltcWQ5VHlQMEs4MklwMHhzeC1zODRPV1JXSmd6SnVXMHBZQ1pqUjZIUFQwSkNjMWxXSTZIOHM0aHJ6ZlJSNkpCcHE4NnN1ZDdR?oc=5\" target=\"_blank\" rel=\"nofollow noopener\">\u010cesk\u00fd trh s elektromobily za\u017eil v \u010dervnu rekord a Tesla se vrac\u00ed do \u010dela<\/a>&nbsp;&nbsp;fDrive.cz<a href=\"https:\/\/news.google.com\/rss\/articles\/CBMiyAFBVV95cUxOQjJMdC1FZDRxLXhzel9sb1B4VjNnUXdfYXFiY09VSnhzY2J5Ny1WMnkxSVlpQ01tZ1hlVUxIdmkxVU9mNFhtUGRabjRPYmwxVXo2czVIbjlIRF96OS1CRFIyTVFXeGpCdFJfak9vNi1SdzhqYl9RbzNpbUZpTHQxQXVrZUE3aENXNXN3U1hvd1BGeDlLTmFaVXlZWGJ6WjRUUzVYbkNMTTdGRzRpVm00c2RnajhXLXNITDFDcnFGSy1oMFlFQ1gxdQ?oc=5\" target=\"_blank\" rel=\"nofollow noopener\">Rekordn\u00ed m\u011bs\u00edc pro elektromobily v \u010cesku: \u010derven poprv\u00e9 p\u0159ekonal hranici 2 000 registrac\u00ed, Tesla se vrac\u00ed do \u010dela<\/a>&nbsp;&nbsp;Zpr\u00e1vy Kurzy.cz<a href=\"https:\/\/news.google.com\/rss\/articles\/CBMiU0FVX3lxTE9NV2xYaGJaRXdvRXdSWEduMmoxUUEyMGE5RElINDYzYlB4MDVhMm9SZVFhdG5WN2c4UERNRW1YelFQbXNmXzhKcVh1YmNWS1c2cnJZ?oc=5\" target=\"_blank\" rel=\"nofollow noopener\">Elektromobily v \u010dervnu p\u0159ekonaly hranici 2000 prodan\u00fdch kus\u016f<\/a>&nbsp;&nbsp;\u010cesk\u00e9 noviny<\/p>\n","protected":false},"excerpt":{"rendered":"\u010ce\u0161i p\u0159ich\u00e1zej\u00ed na chu\u0165 ojet\u00fdm elektromobil\u016fm a automobilky na to reaguj\u00ed. M\u016f\u017eete u\u0161et\u0159it i milion&nbsp;&nbsp;Gar\u00e1\u017e.czProdej elektromobil\u016f m\u00e1 v&hellip;\n","protected":false},"author":2,"featured_media":140754,"comment_status":"","ping_status":"","sticky":false,"template":"","format":"standard","meta":{"footnotes":"","_share_on_mastodon":"0"},"categories":[12],"tags":[67,68,133,3539,1453],"class_list":["post-140753","post","type-post","status-publish","format-standard","has-post-thumbnail","category-byznys","tag-business","tag-byznys","tag-elektromobily-ev","tag-mercedes-benz","tag-ojeta-auta"],"share_on_mastodon":{"url":"https:\/\/pubeurope.com\/@cz\/116878415474368000","error":""},"_links":{"self":[{"href":"https:\/\/www.europesays.com\/cz\/wp-json\/wp\/v2\/posts\/140753","targetHints":{"allow":["GET"]}}],"collection":[{"href":"https:\/\/www.europesays.com\/cz\/wp-json\/wp\/v2\/posts"}],"about":[{"href":"https:\/\/www.europesays.com\/cz\/wp-json\/wp\/v2\/types\/post"}],"author":[{"embeddable":true,"href":"https:\/\/www.europesays.com\/cz\/wp-json\/wp\/v2\/users\/2"}],"replies":[{"embeddable":true,"href":"https:\/\/www.europesays.com\/cz\/wp-json\/wp\/v2\/comments?post=140753"}],"version-history":[{"count":0,"href":"https:\/\/www.europesays.com\/cz\/wp-json\/wp\/v2\/posts\/140753\/revisions"}],"wp:featuredmedia":[{"embeddable":true,"href":"https:\/\/www.europesays.com\/cz\/wp-json\/wp\/v2\/media\/140754"}],"wp:attachment":[{"href":"https:\/\/www.europesays.com\/cz\/wp-json\/wp\/v2\/media?parent=140753"}],"wp:term":[{"taxonomy":"category","embeddable":true,"href":"https:\/\/www.europesays.com\/cz\/wp-json\/wp\/v2\/categories?post=140753"},{"taxonomy":"post_tag","embeddable":true,"href":"https:\/\/www.europesays.com\/cz\/wp-json\/wp\/v2\/tags?post=140753"}],"curies":[{"name":"wp","href":"https:\/\/api.w.org\/{rel}","templated":true}]}}