{"id":141409,"date":"2026-07-08T03:54:11","date_gmt":"2026-07-08T03:54:11","guid":{"rendered":"https:\/\/www.europesays.com\/cz\/141409\/"},"modified":"2026-07-08T03:54:11","modified_gmt":"2026-07-08T03:54:11","slug":"stezka-ceskem-proc-na-ni-vyrazit-a-co-zabalit","status":"publish","type":"post","link":"https:\/\/www.europesays.com\/cz\/141409\/","title":{"rendered":"Stezka \u010ceskem: Pro\u010d na ni vyrazit a co zabalit"},"content":{"rendered":"<p class=\"b_bt\">Vyr\u00e1\u017eet na n\u011bkolik t\u00fddn\u016f dlouh\u00fd trek s\u00a0osmn\u00e1ctikilov\u00fdm batohem nen\u00ed jednoduch\u00e9 ani pro zku\u0161en\u00e9 dobrodruhy. Kdy\u017e se nav\u00edc rozhodnete j\u00edt jen se sv\u00fdm psem a\u00a0bez v\u011bt\u0161\u00edch zku\u0161enost\u00ed s\u00a0d\u00e1lkov\u00fdm putov\u00e1n\u00edm, chce to po\u0159\u00e1dnou d\u00e1vku odvahy. P\u0159esn\u011b tak za\u010dal p\u0159\u00edb\u011bh \u0160\u00e1rky Huclov\u00e9, kter\u00e1 se vydala na Stezku \u010ceskem. Na cest\u011b za\u017eila bolest, \u00fanavu, chv\u00edle, kdy cht\u011bla v\u0161echno vzd\u00e1t, ale tak\u00e9 ne\u010dekan\u00e1 p\u0159\u00e1telstv\u00ed, lidskou laskavost a\u00a0pocit svobody, kter\u00fd se jen t\u011b\u017eko popisuje. O\u00a0tom, co j\u00ed putov\u00e1n\u00ed dalo a\u00a0pro\u010d doporu\u010duje vyrazit ka\u017ed\u00e9mu alespo\u0148 na p\u00e1r dn\u00ed, vypr\u00e1v\u00ed v\u00a0na\u0161em rozhovoru.<\/p>\n<p class=\"b_bt\">Co v\u00e1s vedlo k\u00a0rozhodnut\u00ed vyrazit na Stezku \u010ceskem \u00fapln\u011b sama?<\/p>\n<p class=\"b_bt\">Nevyr\u00e1\u017eela jsem \u00fapln\u011b sama, ale s\u00a0m\u00fdm psem Benem, kter\u00e9ho jsem si vzala v\u00a0jeho t\u0159ech letech, abych ho zachr\u00e1nila p\u0159ed \u00fatulkem. Sl\u00edbila jsem mu, \u017ee jednou obejdeme celou <a data-dot=\"atm-link\" target=\"_blank\" href=\"https:\/\/www.prozeny.cz\/clanek\/vylety-po-cesku-to-nejlepsi-podle-kraju-76096\" class=\"b_g\" rel=\"nofollow noopener\">\u010ceskou republiku<\/a>. To bylo p\u0159ed \u010dty\u0159mi lety. Tenkr\u00e1t jsem v\u016fbec netu\u0161ila, \u017ee n\u011bco jako Stezka \u010ceskem existuje.<\/p>\n<p class=\"b_bt\">Jak dlouho v\u00e1m trvalo, ne\u017e jste se odhodlala vyrazit?<\/p>\n<p class=\"b_bt\">P\u0159ipravovala jsem se asi p\u016fl roku, \u010detla r\u016fzn\u00e9 \u010dl\u00e1nky o\u00a0pot\u0159ebn\u00e9m vybaven\u00ed, sledovala videa ze Stezky \u010ceskem\u2026 A\u00a0nakonec jsem se z\u00a0t\u00e9 cesty tak vystresovala, \u017ee jsem m\u00e1lem nikam nejela, proto\u017ee se mi hlavou honily my\u0161lenky: \u201eCo budu d\u011blat, a\u017e\u2026 A\u00a0co kdy\u017e\u2026\u201c Nem\u011bla jsem v\u00a0okol\u00ed nikoho, kdo by byl stejn\u00fd bl\u00e1zen jako j\u00e1, tak jsem si p\u0159es online skupinu Stezky na\u0161la jednoho kluka, s\u00a0n\u00edm\u017e jsem \u0161la prvn\u00edch \u0161est dn\u00ed. Ka\u017ed\u00fd jsme ale byli jin\u00fd a\u00a0m\u011bli jsme o\u00a0putov\u00e1n\u00ed odli\u0161n\u00e9 p\u0159edstavy, tak\u017ee nakonec jsem dosp\u011bla k\u00a0rozhodnut\u00ed, \u017ee d\u00e1l p\u016fjdu u\u017e jen s\u00a0Benem.<\/p>\n<p class=\"b_bt\">M\u011bla jste n\u011bjak\u00e9 p\u0159edchoz\u00ed zku\u0161enosti s\u00a0d\u00e1lkov\u00fdmi treky a\u00a0podobn\u00fdm dobrodru\u017estv\u00edm?<\/p>\n<p class=\"b_bt\">Moj\u00ed jedinou zku\u0161enost\u00ed do t\u00e9 doby bylo, \u017ee jsem \u0161la <a data-dot=\"atm-link\" target=\"_blank\" href=\"https:\/\/www.prozeny.cz\/clanek\/zdravi-a-zivotni-styl-vsechny-cesty-vedou-do-santiaga-jak-si-vedly-poutnice-pracharova-pfauserova-elbel-a-dalsi-88404\" class=\"b_g\" rel=\"nofollow noopener\">Camino do Santiaga<\/a> p\u0159es cestovn\u00ed kancel\u00e1\u0159, kdy jsme spali v\u00a0ubytov\u00e1n\u00ed, tak\u017ee m\u016fj batoh m\u011bl jen n\u011bjak\u00fdch osm kilogram\u016f. Na\u00a0Stezku jsem vyrazila s\u00a018kg batohem, co\u017e m\u011b po pravd\u011b m\u00e1lem zabilo u\u017e na za\u010d\u00e1tku.\u00a0Stan jsem poprv\u00e9 stav\u011bla a\u017e na Stezce a\u00a0trvalo mi to asi hodinu.Vlastn\u011b jsem celou na\u0161i cestu vzala dost na punk.<\/p>\n<p class=\"b_bt\">Vzpomenete si, jak vypadaly va\u0161e prvn\u00ed dny na trase? Byl to sp\u00ed\u0161 euforick\u00fd start, nebo p\u0159i\u0161ly i\u00a0obavy a\u00a0pochybnosti?<\/p>\n<p class=\"b_bt\">Prvn\u00ed dny, kdy jsem \u0161la sama s\u00a0Benem, byly hrozn\u00e9. Hned prvn\u00ed den jsem p\u0159ep\u00e1lila za\u010d\u00e1tek a\u00a0u\u0161la s\u00a0m\u00fdm osmn\u00e1ctikilov\u00fdm batohem 45\u00a0kilometr\u016f, co\u017e je p\u0159esn\u011b to, co d\u011blat nem\u00e1te. Druh\u00fd den jsem nemohla do\u0161lapovat na levou nohu a\u00a0ramena jsem m\u011bla sed\u0159en\u00e1 a\u017e do krve. Dva t\u00fddny mi trvalo d\u00e1t se dohromady, ka\u017ed\u00e9 r\u00e1no se mi bolest\u00ed cht\u011blo bre\u010det.<\/p>\n<p class=\"b_bt\">Krom\u011b vy\u010derp\u00e1n\u00ed a\u00a0bolesti, co bylo nejt\u011b\u017e\u0161\u00ed v\u00a0moment\u011b, kdy jste poprv\u00e9 vyrazila sama do p\u0159\u00edrody na del\u0161\u00ed \u010das v\u00a0kuse?<\/p>\n<p class=\"b_bt\">Na pln\u00e9m za\u010d\u00e1tku to ur\u010dit\u011b byla moje psychika, v\u011bdom\u00ed, \u017ee se mus\u00edm spol\u00e9hat jen sama na sebe\u2026 a\u00a0\u017ee pokud se ztrat\u00edte v\u00a0lese, kdo za to m\u016f\u017ee? Cel\u00e9 dny jste jen sama se sebou. J\u00e1 tedy m\u011bla \u0161t\u011bst\u00ed, \u017ee jsem m\u011bla je\u0161t\u011b Bena, tak\u017ee jsem si ob\u010das pov\u00eddala s\u00a0n\u00edm. Vzpom\u00edn\u00e1m si na moment, kdy jsem proch\u00e1zela <a data-dot=\"atm-link\" target=\"_blank\" href=\"https:\/\/www.prozeny.cz\/clanek\/kam-jet-kam-na-vylet-cesko-nejkrasnejsi-vyslapy-v-krusnych-horach-kudy-na-klinovec-plesivec-meluzinu-nebo-fichtelberg-99037\" class=\"b_g\" rel=\"nofollow noopener\">Kru\u0161n\u00e9 hory<\/a> a\u00a0najednou za\u010dalo n\u011bjak\u00e9 zv\u00ed\u0159e stra\u0161n\u011b v\u00fdt, Ben se zastavil a\u00a0jen poslouchal. V\u00a0t\u00e9 chv\u00edli nev\u00edte, jestli je to sme\u010dka vlk\u016f nebo jen psi z\u00a0vesnice, a\u00a0\u0159\u00edk\u00e1te si, sakra, co j\u00e1 budu d\u011blat a\u00a0kdo n\u00e1s zachr\u00e1n\u00ed?<\/p>\n<p class=\"b_bt\">To m\u011b p\u0159iv\u00e1d\u00ed k\u00a0ot\u00e1zce, jak \u0159e\u0161\u00edte bezpe\u010dnost po cest\u011b, kdy\u017e putujete sama \u017eena? P\u0159esp\u00e1v\u00e1te na divoko v\u00a0p\u0159\u00edrod\u011b, nebo preferujete noclehy v\u00a0\u00fatuln\u00e1ch \u010di chat\u00e1ch?<\/p>\n<p class=\"b_bt\">Kdy\u017e jsem byla sama, spala jsem v\u011bt\u0161inou v\u00a0kempech nebo na ubytov\u00e1n\u00ed. P\u0159izn\u00e1m se, \u017ee m\u00e1m strach z\u00a0divo\u010d\u00e1k\u016f, tak\u017ee p\u0159esp\u00e1v\u00e1n\u00ed uprost\u0159ed lesa nen\u00ed nic pro m\u011b. Kdy\u017e jsem \u0161la s\u00a0n\u011bk\u00fdm dal\u0161\u00edm, neb\u00e1la jsem se tolik a\u00a0nocovali jsme i\u00a0v p\u0159\u00edrod\u011b. Jinak jsme p\u0159esp\u00e1vali v\u00a0\u00fatuln\u00e1ch, horsk\u00fdch chat\u00e1ch nebo u\u00a0lid\u00ed, kte\u0159\u00ed n\u00e1m nab\u00eddli pomoc. Jedna serv\u00edrka n\u00e1s s\u00a0Benem dokonce ubytovala p\u0159\u00edmo u\u00a0sebe doma. Pro v\u011bt\u0161\u00ed pocit bezpe\u010d\u00ed s\u00a0sebou nos\u00edm n\u016f\u017e, pep\u0159ov\u00fd sprej a\u00a0samoz\u0159ejm\u011b m\u00e1m Bena.<\/p>\n<p class=\"b_bt\">P\u0159ihodilo se v\u00e1m po cest\u011b n\u011bco, co v\u00e1s opravdu vyd\u011bsilo nebo p\u0159inutilo zm\u011bnit pl\u00e1ny?<\/p>\n<p class=\"b_bt\">Loni jsem s\u00a0Benem p\u0159esp\u00e1vala v\u00a0p\u0159\u00edst\u0159e\u0161ku na okraji lesa, kde podle mapy \u0161iroko daleko nic nebylo. V\u00a0noci m\u011b probudil Ben\u016fv \u0161t\u011bkot. K\u00a0p\u0159\u00edst\u0159e\u0161ku p\u0159ijelo auto, zastavilo a\u00a0\u0159idi\u010d rozsv\u00edtil d\u00e1lkov\u00e1 sv\u011btla p\u0159\u00edmo na n\u00e1s. Sed\u011bla jsem ve spac\u00e1ku s\u00a0pep\u0159ov\u00fdm sprejem v\u00a0ruce a\u00a0p\u0159em\u00fd\u0161lela, co budu d\u011blat. Po n\u011bkolika minut\u00e1ch auto n\u00e1hle odjelo. P\u0159esto\u017ee jsem zva\u017eovala odej\u00edt, ve tm\u011b uprost\u0159ed lesa jsem rad\u011bji z\u016fstala. Na\u0161t\u011bst\u00ed u\u017e se nikdo nevr\u00e1til.<\/p>\n<p class=\"b_bt\">M\u016f\u017eete popsat, jak vypad\u00e1 v\u00e1\u0161 b\u011b\u017en\u00fd den na Stezce, od r\u00e1na a\u017e po ulehnut\u00ed?<\/p>\n<p class=\"b_bt\">Poka\u017ed\u00e9 je to jin\u00e9. V\u011bt\u0161inou jsem si den p\u0159edem ud\u011blala pl\u00e1n, kam bych cht\u011bla doj\u00edt a\u00a0co je po cest\u011b k\u00a0vid\u011bn\u00ed. Ob\u010das jsem si tento pl\u00e1n d\u011blala a\u017e r\u00e1no. Prvn\u00ed a\u00a0nejhor\u0161\u00ed \u010d\u00e1st\u00ed dne je v\u017edy balen\u00ed a\u00a0skl\u00e1d\u00e1n\u00ed v\u011bc\u00ed do batohu tak, aby se ve\u0161ly. Pak to chce n\u011bjakou sn\u00eddani a\u00a0vyr\u00e1\u017e\u00edme na cestu. Podle pl\u00e1nu se to v\u017edy ale neda\u0159\u00ed, nap\u0159\u00edklad kdy\u017e n\u011bkoho potk\u00e1te a\u00a0pov\u00edd\u00e1te si s\u00a0n\u00edm t\u0159eba i\u00a0hodinu, tak potom nest\u00edh\u00e1te. Nebo najdete n\u011bjak\u00e9 m\u00edsto, kde se v\u00e1m l\u00edb\u00ed a\u00a0chcete si tam d\u00e1t pauzu, p\u0159\u00edpadn\u011b kdy\u017e se nekouknete na profil trasy a\u00a0zjist\u00edte, \u017ee tohle nikdy v\u00a0\u017eivot\u011b do ve\u010dera neujdete.<\/p>\n<p class=\"b_bt\">Pokud jde o\u00a0j\u00eddlo, stravovala jste se jen z\u00a0vlastn\u00edch z\u00e1sob, nebo jste si dop\u0159\u00e1la ob\u011bd \u010di ve\u010de\u0159i v\u00a0restaurac\u00edch, kdy\u017e jste n\u011bjak\u00e9 cestou potk\u00e1vala?<\/p>\n<p class=\"b_bt\">Jasn\u011b, kdy\u017e se naskytla po cest\u011b mo\u017enost nakoupit v\u00a0obchod\u011b nebo si d\u00e1t n\u011bco dobr\u00e9ho v\u00a0restauraci, skoro v\u017edycky jsme zastavili a\u00a0posilnili se. V\u011bt\u0161inu \u010dasu jdete od r\u00e1na do ve\u010dera s\u00a0n\u011bkolika pauzami bu\u010f na j\u00eddlo, nebo t\u0159eba i\u00a0na pivo. Ve\u010der dojdete na m\u00edsto, kde chcete sp\u00e1t, a\u00a0zase st\u011bhujete milion v\u011bc\u00ed z\u00a0batohu, stav\u00edte stan, va\u0159\u00edte si ve\u010de\u0159i a\u00a0jste r\u00e1di, kdy\u017e si m\u016f\u017eete lehnout a\u00a0sp\u00e1t. N\u011bkomu to m\u016f\u017ee zn\u00edt stra\u0161n\u011b, ale j\u00e1 to miluji. Nen\u00ed v\u016fbec \u010das myslet na sv\u016fj b\u011b\u017en\u00fd \u017eivot a\u00a0m\u00e1te naprost\u00fd klid od v\u0161eho.<\/p>\n<p class=\"b_bt\">Co v\u0161echno si nesete na z\u00e1dech v\u00a0batohu a\u00a0co se t\u0159eba uk\u00e1zalo jako zbyte\u010dn\u00e9? Stezka\u0159i za\u010d\u00e1te\u010dn\u00edci ur\u010dit\u011b ocen\u00ed\u2026<\/p>\n<p class=\"b_bt\">Minul\u00fd rok jsem za\u010d\u00ednala Stezku na konci kv\u011btna, letos jsem ale vyr\u00e1\u017eela u\u017e na konci b\u0159ezna, tak\u017ee to bylo dost slo\u017eit\u00e9, jeliko\u017e jsem za\u010d\u00ednala ve sn\u011bhov\u00fdch v\u00e1nic\u00edch a\u00a0minusov\u00fdch teplot\u00e1ch v\u00a0<a data-dot=\"atm-link\" target=\"_blank\" rel=\"noopener nofollow\" href=\"https:\/\/www.novinky.cz\/clanek\/cestovani-tipy-na-vylety-z-lomikarova-trhanova-az-na-vrchol-ceskeho-lesa-40396931\" class=\"b_g\">\u010cesk\u00e9m lese<\/a> a\u00a0\u0161la a\u017e do Beskyd, kde ji\u017e bylo t\u00e9m\u011b\u0159 30\u00a0stup\u0148\u016f. T\u0159eba jen v\u00fdbava pro psa se pronese, d\u00e1le si nos\u00edm va\u0159i\u010d s\u00a0plynovou kartu\u0161\u00ed, p\u00e1r dehydratovan\u00fdch j\u00eddel a\u00a0n\u011bjak\u00e9 ka\u0161e.<\/p>\n<p><img fetchpriority=\"high\" height=\"4032\"   width=\"3024\" src=\"https:\/\/www.europesays.com\/cz\/wp-content\/uploads\/2026\/07\/sarka-huclova-stezka-ceskem.mpo.jpeg\" loading=\"eager\" decoding=\"sync\" class=\"b_u b_s\"\/>Foto: \u0160\u00e1rka Huclov\u00e1<\/p>\n<p class=\"b_bt\">Bez jak\u00e9ho vybaven\u00ed se \u010dlov\u011bk na Stezce neobejde a\u00a0na co by si m\u011bl d\u00e1t p\u0159i jeho v\u00fdb\u011bru pozor?<\/p>\n<p class=\"b_bt\">Z\u00e1le\u017e\u00ed, jak dlouhou trasu pl\u00e1nujete a\u00a0kolik chcete do vybaven\u00ed investovat. Boty mus\u00ed sed\u011bt ka\u017ed\u00e9mu jinak, mn\u011b se osv\u011bd\u010dily b\u011b\u017eeck\u00e9 do ter\u00e9nu o\u00a0\u010d\u00edslo a\u00a0p\u016fl v\u011bt\u0161\u00ed, proto\u017ee nohy hodn\u011b nat\u00e9kaj\u00ed. Vyplat\u00ed se ale v\u0161echno p\u0159edem vyzkou\u0161et. J\u00e1 si nap\u0159\u00edklad koupila odleh\u010den\u00fd batoh, ani\u017e bych si zjistila jeho nosnost, a\u00a0osmn\u00e1ct kilo v\u00fdbavy mi sed\u0159elo ramena do krve. Stejn\u011b d\u016fle\u017eit\u00fd je i\u00a0spr\u00e1vn\u00fd spac\u00e1k\u00a0\u2013 kdy\u017e zvol\u00edte moc slab\u00fd, m\u016f\u017eete si trek po\u0159\u00e1dn\u011b znep\u0159\u00edjemnit.<\/p>\n<p class=\"b_bt\">Jak jste na cest\u011b \u0159e\u0161ila hygienu a\u00a0dopl\u0148ov\u00e1n\u00ed vody?<\/p>\n<p class=\"b_bt\">Proto\u017ee jsem necht\u011bla sp\u00e1t jen venku, ob\u010das jsem si na\u0161la ubytov\u00e1n\u00ed, kde jsem se mohla um\u00fdt a\u00a0vyprat si oble\u010den\u00ed. Se psem to bylo n\u00e1ro\u010dn\u011bj\u0161\u00ed na pl\u00e1nov\u00e1n\u00ed, ale v\u017edy se n\u011bco na\u0161lo. Hodn\u011b se mi osv\u011bd\u010dil filtr na vodu. Na n\u011bkter\u00fdch \u00fasec\u00edch j\u00ed po cest\u011b moc nen\u00ed, a\u00a0kdy\u017e jdete se psem, mus\u00edte d\u011blat v\u011bt\u0161\u00ed z\u00e1soby. Jednou n\u00e1m v\u00a0B\u00edl\u00fdch Karpatech voda do\u0161la a\u00a0pomohl n\u00e1m a\u017e Trail Angel, u\u00a0kter\u00e9ho jsme nakonec i\u00a0p\u0159espali.<\/p>\n<p class=\"b_bt\">Co jste o\u00a0sob\u011b b\u011bhem putov\u00e1n\u00ed zjistila? Zm\u011bnil se n\u011bjak v\u00e1\u0161 vztah k\u00a0sob\u011b sam\u00e9?<\/p>\n<p class=\"b_bt\">Zjistila jsem, \u017ee si um\u00edm st\u00e1t za sv\u00fdm snem a\u00a0\u017ee se jen tak nevzd\u00e1m. Jsem hrd\u00e1, \u017ee jsem Stezku zvl\u00e1dla, hlavn\u011b po tom t\u011b\u017ek\u00e9m za\u010d\u00e1tku, a\u00a0nejv\u00edc py\u0161n\u00e1 jsem na Bena. D\u00edky Stezce jsem si obl\u00edbila d\u00e1lkov\u00e9 treky, p\u0159estala se tolik b\u00e1t vystupovat z\u00a0komfortn\u00ed z\u00f3ny a\u00a0dnes se mnohem sn\u00e1z seznamuji s\u00a0nov\u00fdmi lidmi.<\/p>\n<p class=\"b_bt\">\u0158\u00edk\u00e1 se, \u017ee Stezka \u010ceskem spojuje lidi a\u00a0p\u00ed\u0161e kr\u00e1sn\u00e9 p\u0159\u00edb\u011bhy nov\u00fdch p\u0159\u00e1telstv\u00ed. Plat\u00ed to i\u00a0ve va\u0161em p\u0159\u00edpad\u011b?<\/p>\n<p class=\"b_bt\">Rozhodn\u011b. Kdy\u017e jsem byla po p\u00e1r dnech rozhodnut\u00e1, \u017ee pojedu dom\u016f, zastavila jsem se na D\u011b\u010d\u00ednsk\u00e9m Sn\u011b\u017en\u00edku, kde m\u011b povzbudil mil\u00fd majitel kiosku. Kr\u00e1tce nato jsem potkala Mirka, se kter\u00fdm jsme pak \u0161li dal\u0161\u00edch \u010dtrn\u00e1ct dn\u00ed a\u00a0dodnes jsme v\u00a0kontaktu. D\u00edky Stezce jsem poznala spoustu skv\u011bl\u00fdch lid\u00ed\u00a0\u2013 kamar\u00e1dku Vendy, Trail Angel K\u00e1ju i\u00a0dal\u0161\u00ed stezka\u0159e, se kter\u00fdmi se dodnes v\u00edd\u00e1me. Pr\u00e1v\u011b ta lidsk\u00e1 setk\u00e1n\u00ed pat\u0159\u00ed k\u00a0tomu nejcenn\u011bj\u0161\u00edmu, co mi Stezka dala.<\/p>\n<p class=\"b_bt\">Obej\u00edt celou republiku chce odhodl\u00e1n\u00ed a\u00a0smysl pro dobrodru\u017estv\u00ed. Kter\u00e9 \u010d\u00e1sti trasy v\u00e1m obzvl\u00e1\u0161\u0165 utkv\u011bly, kde se v\u00e1m l\u00edbilo nejv\u00edc a\u00a0naopak, kter\u00e9 \u00faseky byly nejt\u011b\u017e\u0161\u00ed?<\/p>\n<p class=\"b_bt\">M\u00e1m moc r\u00e1da <a data-dot=\"atm-link\" target=\"_blank\" href=\"https:\/\/www.prozeny.cz\/tag\/krkonose-5707\" class=\"b_g\" rel=\"nofollow noopener\">Krkono\u0161e<\/a>, Jesen\u00edky a\u00a0<a data-dot=\"atm-link\" target=\"_blank\" href=\"https:\/\/www.prozeny.cz\/clanek\/kam-jet-kam-na-vylet-cesko-sumava-tipy-95259\" class=\"b_g\" rel=\"nofollow noopener\">\u0160umavu<\/a>, tak\u017ee pro m\u011b je tohle po\u0159\u00e1d srdcovka. Velmi m\u011b p\u0159ekvapily B\u00edl\u00e9 Karpaty. Jsou opravdu kr\u00e1sn\u00e9 a\u00a0mus\u00edm se tam je\u0161t\u011b zajet pod\u00edvat. A\u00a0co mne celkov\u011b zklamalo, to byla \u010d\u00e1st Dolnomoravsk\u00e9ho \u00favalu, \u010cesk\u00e1 Kanada a\u00a0\u010d\u00e1st <a data-dot=\"atm-link\" target=\"_blank\" rel=\"noopener nofollow\" href=\"https:\/\/www.novinky.cz\/clanek\/cestovani-tipy-na-vylety-z-kamenne-strechy-novohradskych-hor-do-udoli-k-levade-a-vodopadu-40469740\" class=\"b_g\">Novohradsk\u00fdch hor<\/a>, jeliko\u017e tam bylo moc asfaltov\u00fdch rovin. A\u00a0kdy\u017e \u010dlov\u011bk jde s\u00e1m, dost to leze na mozek. Jinak nejt\u011b\u017e\u0161\u00ed jsou za m\u011b <a data-dot=\"atm-link\" target=\"_blank\" href=\"https:\/\/www.prozeny.cz\/tag\/beskydy-2791\" class=\"b_g\" rel=\"nofollow noopener\">Beskydy<\/a>, ty mi v\u017edy doslova vyraz\u00ed dech.<\/p>\n<p class=\"b_bt\">Co byste doporu\u010dila t\u011bm, kte\u0159\u00ed se chystaj\u00ed na sv\u016fj prvn\u00ed d\u00e1lkov\u00fd trek?<\/p>\n<p class=\"b_bt\">Hlavn\u011b se neb\u00e1t. Na Stezce \u010ceskem jste po\u0159\u00e1d v\u00a0\u010cesk\u00e9 republice, tak\u017ee se prakticky odkudkoli dostanete dom\u016f b\u011bhem p\u00e1r hodin. Na za\u010d\u00e1tek bych zvolila krat\u0161\u00ed etapu bl\u00ed\u017e domovu a\u00a0hlavn\u011b ne\u010dekala na ide\u00e1ln\u00edho par\u0165\u00e1ka. J\u00e1 jsem nakonec vyrazila sama a\u00a0bylo to jedno z\u00a0nejlep\u0161\u00edch rozhodnut\u00ed. A\u00a0v\u011bk? Ten nen\u00ed p\u0159ek\u00e1\u017ekou. Loni jsem potkala 76let\u00e9ho Jardu, kter\u00fd obe\u0161el celou republiku za 69\u00a0dn\u00ed.<\/p>\n","protected":false},"excerpt":{"rendered":"Vyr\u00e1\u017eet na n\u011bkolik t\u00fddn\u016f dlouh\u00fd trek s\u00a0osmn\u00e1ctikilov\u00fdm batohem nen\u00ed jednoduch\u00e9 ani pro zku\u0161en\u00e9 dobrodruhy. Kdy\u017e se nav\u00edc rozhodnete&hellip;\n","protected":false},"author":2,"featured_media":141410,"comment_status":"","ping_status":"","sticky":false,"template":"","format":"standard","meta":{"footnotes":"","_share_on_mastodon":"0"},"categories":[15],"tags":[536,3913,9425,1819,94,93,32764,2528,3912],"class_list":["post-141409","post","type-post","status-publish","format-standard","has-post-thumbnail","category-sport","tag-cestovani","tag-cestovani-s-detmi","tag-cestovatelske-pribehy","tag-rozhovory","tag-sport","tag-sports","tag-stezka-ceskem","tag-turistika","tag-vylety-po-cesku"],"share_on_mastodon":{"url":"https:\/\/pubeurope.com\/@cz\/116882339786205776","error":""},"_links":{"self":[{"href":"https:\/\/www.europesays.com\/cz\/wp-json\/wp\/v2\/posts\/141409","targetHints":{"allow":["GET"]}}],"collection":[{"href":"https:\/\/www.europesays.com\/cz\/wp-json\/wp\/v2\/posts"}],"about":[{"href":"https:\/\/www.europesays.com\/cz\/wp-json\/wp\/v2\/types\/post"}],"author":[{"embeddable":true,"href":"https:\/\/www.europesays.com\/cz\/wp-json\/wp\/v2\/users\/2"}],"replies":[{"embeddable":true,"href":"https:\/\/www.europesays.com\/cz\/wp-json\/wp\/v2\/comments?post=141409"}],"version-history":[{"count":0,"href":"https:\/\/www.europesays.com\/cz\/wp-json\/wp\/v2\/posts\/141409\/revisions"}],"wp:featuredmedia":[{"embeddable":true,"href":"https:\/\/www.europesays.com\/cz\/wp-json\/wp\/v2\/media\/141410"}],"wp:attachment":[{"href":"https:\/\/www.europesays.com\/cz\/wp-json\/wp\/v2\/media?parent=141409"}],"wp:term":[{"taxonomy":"category","embeddable":true,"href":"https:\/\/www.europesays.com\/cz\/wp-json\/wp\/v2\/categories?post=141409"},{"taxonomy":"post_tag","embeddable":true,"href":"https:\/\/www.europesays.com\/cz\/wp-json\/wp\/v2\/tags?post=141409"}],"curies":[{"name":"wp","href":"https:\/\/api.w.org\/{rel}","templated":true}]}}