{"id":14250,"date":"2026-03-04T20:31:08","date_gmt":"2026-03-04T20:31:08","guid":{"rendered":"https:\/\/www.europesays.com\/cz\/14250\/"},"modified":"2026-03-04T20:31:08","modified_gmt":"2026-03-04T20:31:08","slug":"abyste-si-mohl-cist-v-ct-topfer-venoval-macinkovi-v-senatu-vytisk-rudeho-prava","status":"publish","type":"post","link":"https:\/\/www.europesays.com\/cz\/14250\/","title":{"rendered":"Abyste si mohl \u010d\u00edst v\u00a0\u010cT. T\u00f6pfer v\u011bnoval Macinkovi v\u00a0Sen\u00e1tu v\u00fdtisk Rud\u00e9ho pr\u00e1va"},"content":{"rendered":"<p class=\"c_bz\">\u201eJsem moc r\u00e1d, \u017ee tady m\u00e1me pana ministra zahrani\u010d\u00ed a\u00a0jsem r\u00e1d, \u017ee k\u00a0n\u00e1m p\u0159i\u0161el a\u00a0\u017ee k\u00a0n\u00e1m bude chodit r\u00e1d. Tak bych mu r\u00e1d dal d\u00e1rek, aby se do Sen\u00e1tu t\u011b\u0161il,\u201c za\u010dal u\u00a0\u0159e\u010dnick\u00e9ho pult\u00edku sen\u00e1tor T\u00f6pfer hovo\u0159it sm\u011brem k\u00a0Macinkovi.<\/p>\n<p class=\"c_bz\">Ten do doln\u00ed komory dorazil informovat sen\u00e1tory o\u00a0aktu\u00e1ln\u00ed situaci tis\u00edc\u016f \u010desk\u00fdch ob\u010dan\u016f uv\u00edzl\u00fdch po za\u010d\u00e1tku v\u00e1le\u010dn\u00e9ho konfliktu na Bl\u00edzk\u00e9m v\u00fdchod\u011b a\u00a0o jejich repatriaci pomoc\u00ed zaji\u0161t\u011bn\u00fdch letadel.<\/p>\n<p class=\"c_bz\">\u201eJ\u00e1 jsem si v\u0161imnul, \u017ee jste zan\u00edcen\u00fd \u010dten\u00e1\u0159 a\u00a0to v\u00e1s samoz\u0159ejm\u011b \u0161lecht\u00ed. A\u00a0proto\u017ee r\u00e1d \u010dtete, tak bych v\u00e1m r\u00e1d v\u011bnoval historick\u00fd v\u00fdtisk Rud\u00e9ho pr\u00e1va, abyste si ho mohl \u010d\u00edst v\u00a0z\u00e1b\u011bru \u010cesk\u00e9 televize, kdy\u017e bude t\u0159eba mluvit pan premi\u00e9r nebo pan ministr kultury,\u201c poznamenal T\u00f6pfer s\u00a0v\u00fdtiskem Rud\u00e9ho pr\u00e1va, kter\u00fd pot\u00e9 zanesl nedaleko sed\u00edc\u00edmu Macinkovi.<\/p>\n<p><a data-dot=\"atm-link\" target=\"_self\" href=\"https:\/\/www.novinky.cz\/clanek\/domaci-macinka-si-pri-pavlovu-proslovu-listoval-rudym-pravem-40565467\" class=\"c_N\" rel=\"nofollow noopener\"><img fetchpriority=\"high\" height=\"405\" width=\"720\" src=\"https:\/\/www.europesays.com\/cz\/wp-content\/uploads\/2026\/03\/1772656268_716_macinka-rude-pravo-pavel.jpeg\" loading=\"eager\" decoding=\"sync\" class=\"c_t c_r\"\/><\/a><\/p>\n<p class=\"c_bz\">Nar\u00e1\u017eel p\u0159itom na minulost p\u0159edsedy vl\u00e1dy Andreje Babi\u0161e (ANO) a\u00a0\u0161\u00e9fa resortu kultury Oto Klemp\u00ed\u0159e (nestr. za Motoristy) spojovanou s\u00a0komunistickou St\u00e1tn\u00ed bezpe\u010dnost\u00ed. Babi\u0161 a\u00a0tak\u00e9 prezident Pavel byli rovn\u011b\u017e p\u0159ed revoluc\u00ed v\u00a0roce 1989\u00a0\u010dleny KS\u010c.<\/p>\n<p class=\"c_bz\">Videoz\u00e1znam z\u00a0T\u00f6pferova st\u0159ede\u010dn\u00edho projevu zve\u0159ejnil na soci\u00e1ln\u00ed s\u00edti <a data-dot=\"atm-link\" target=\"_blank\" rel=\"noopener nofollow\" href=\"https:\/\/x.com\/KlubODSaTOP\/status\/2029230560342609986\" class=\"c_N\">X<\/a> sen\u00e1torsk\u00fd klub ODS a\u00a0TOP 09.\u00a0Macinka pot\u00e9, co dar od T\u00f6pfera na pl\u00e9nu p\u0159evzal, tam s\u00a0n\u00edm kr\u00e1tce zap\u00f3zoval, ale v\u00a0danou chv\u00edli v\u011bc nijak nekomentoval a\u00a0n\u00e1sledn\u011b ze Sen\u00e1tu ode\u0161el.<\/p>\n<p class=\"c_bz\">\u201ePova\u017euji to za velice cenn\u00fd dar. Pan sen\u00e1tor mi jej dal v\u00a0origin\u00e1ln\u00edm balen\u00ed, v\u00a0n\u011bm\u017e jej s\u00e1m obdr\u017eel &#8211; od spole\u010dnosti Philip Morris. Douf\u00e1m, \u017ee jej uvedl ve sv\u00e9m majetkov\u00e9m p\u0159izn\u00e1n\u00ed,\u201c napsal Novink\u00e1m v\u00a0reakci na p\u0159evzet\u00ed kazety Macinka.<\/p>\n<p class=\"c_bz\">P\u0159\u00edle\u017eitost k\u00a0vystoupen\u00ed dal herci T\u00f6pferovi p\u0159edseda Sen\u00e1tu Milo\u0161 Vystr\u010dil (ODS), form\u00e1ln\u011b ho ozna\u010dil za fakticko-dramatickou pozn\u00e1mku. P\u0159edsedkyn\u011b klubu ANO Jana Mra\u010dkov\u00e1 Vildumetzov\u00e1 se n\u00e1sledn\u011b zaj\u00edmala o\u00a0to, zda byl jeho postup v\u00a0souladu s\u00a0jednac\u00edm \u0159\u00e1dem. Vystr\u010dil p\u0159ipustil, \u017ee nebyl. \u201eZd\u00e1lo se mi to p\u0159\u00edzna\u010dn\u00e9 a\u00a0odpov\u00eddaj\u00edc\u00ed situaci,\u201c poznamenal podle \u010cTK.<\/p>\n<p><a data-dot=\"atm-link\" target=\"_self\" href=\"https:\/\/www.novinky.cz\/clanek\/domaci-macinka-cestovatelsky-system-drozd-je-nutne-modernizovat-40565749\" class=\"c_N\" rel=\"nofollow noopener\"><img height=\"2304\" width=\"4096\" src=\"https:\/\/www.europesays.com\/cz\/wp-content\/uploads\/2026\/03\/1772656268_348_cesko-ministr-macinka.jpeg\" loading=\"eager\" decoding=\"sync\" class=\"c_t c_r\"\/><\/a><\/p>\n","protected":false},"excerpt":{"rendered":"\u201eJsem moc r\u00e1d, \u017ee tady m\u00e1me pana ministra zahrani\u010d\u00ed a\u00a0jsem r\u00e1d, \u017ee k\u00a0n\u00e1m p\u0159i\u0161el a\u00a0\u017ee k\u00a0n\u00e1m bude chodit&hellip;\n","protected":false},"author":2,"featured_media":14251,"comment_status":"","ping_status":"","sticky":false,"template":"","format":"standard","meta":{"footnotes":"","_share_on_mastodon":"0"},"categories":[10],"tags":[17,21,16,418,213,99,960,7909,18,19,22,20],"class_list":["post-14250","post","type-post","status-publish","format-standard","has-post-thumbnail","category-zpravy","tag-headlines","tag-hlavni-udalosti","tag-news","tag-petr-macinka","tag-petr-pavel","tag-praha","tag-senat","tag-tomas-topfer","tag-top-news","tag-top-stories","tag-udalosti-dne","tag-zpravy"],"share_on_mastodon":{"url":"https:\/\/pubeurope.com\/@cz\/116172808700044331","error":""},"_links":{"self":[{"href":"https:\/\/www.europesays.com\/cz\/wp-json\/wp\/v2\/posts\/14250","targetHints":{"allow":["GET"]}}],"collection":[{"href":"https:\/\/www.europesays.com\/cz\/wp-json\/wp\/v2\/posts"}],"about":[{"href":"https:\/\/www.europesays.com\/cz\/wp-json\/wp\/v2\/types\/post"}],"author":[{"embeddable":true,"href":"https:\/\/www.europesays.com\/cz\/wp-json\/wp\/v2\/users\/2"}],"replies":[{"embeddable":true,"href":"https:\/\/www.europesays.com\/cz\/wp-json\/wp\/v2\/comments?post=14250"}],"version-history":[{"count":0,"href":"https:\/\/www.europesays.com\/cz\/wp-json\/wp\/v2\/posts\/14250\/revisions"}],"wp:featuredmedia":[{"embeddable":true,"href":"https:\/\/www.europesays.com\/cz\/wp-json\/wp\/v2\/media\/14251"}],"wp:attachment":[{"href":"https:\/\/www.europesays.com\/cz\/wp-json\/wp\/v2\/media?parent=14250"}],"wp:term":[{"taxonomy":"category","embeddable":true,"href":"https:\/\/www.europesays.com\/cz\/wp-json\/wp\/v2\/categories?post=14250"},{"taxonomy":"post_tag","embeddable":true,"href":"https:\/\/www.europesays.com\/cz\/wp-json\/wp\/v2\/tags?post=14250"}],"curies":[{"name":"wp","href":"https:\/\/api.w.org\/{rel}","templated":true}]}}