{"id":142539,"date":"2026-07-09T04:33:10","date_gmt":"2026-07-09T04:33:10","guid":{"rendered":"https:\/\/www.europesays.com\/cz\/142539\/"},"modified":"2026-07-09T04:33:10","modified_gmt":"2026-07-09T04:33:10","slug":"iranci-v-odvete-za-nocni-utoky-uderili-na-americke-zakladny-v-regionu","status":"publish","type":"post","link":"https:\/\/www.europesays.com\/cz\/142539\/","title":{"rendered":"\u00cdr\u00e1nci v\u00a0odvet\u011b za no\u010dn\u00ed \u00fatoky ude\u0159ili na americk\u00e9 z\u00e1kladny v\u00a0regionu"},"content":{"rendered":"<p class=\"c_bB\">Na dvou americk\u00fdch z\u00e1kladn\u00e1ch v\u00a0Kuvajtu a\u00a0dvou v\u00a0Bahrajnu byla podle st\u00e1tn\u00ed televize IRIB, na kterou se odkazuje agentura AFP, zasa\u017eena drony a\u00a0st\u0159elami \u201ekl\u00ed\u010dov\u00e1 infrastruktura a\u00a0za\u0159\u00edzen\u00ed\u201c. Tyto informace nebylo mo\u017en\u00e9 ov\u011b\u0159it z\u00a0nez\u00e1visl\u00fdch zdroj\u016f.<\/p>\n<p class=\"c_bB\">Gardy dnes rovn\u011b\u017e varovaly, \u017ee za\u00fato\u010d\u00ed na dal\u0161\u00ed z\u00e1kladny USA v\u00a0regionu, pokud se americk\u00e9 \u00fadery budou opakovat.<\/p>\n<p class=\"c_bB\">\u00da\u0159ady v\u00a0Kuvajtu, Bahrajnu a\u00a0Kataru, kter\u00e9 host\u00ed americk\u00e9 z\u00e1kladny, neuvedly, zda si \u00edr\u00e1nsk\u00e9 \u00fatoky vy\u017e\u00e1daly n\u011bjak\u00e9 \u0161kody. Kuvajtsk\u00e1 arm\u00e1da d\u0159\u00edve uvedla, \u017ee aktivn\u011b zasahuje proti nep\u0159\u00e1telsk\u00fdm dron\u016fm a\u00a0st\u0159el\u00e1m.<\/p>\n<p><a data-dot=\"atm-link\" target=\"_self\" href=\"https:\/\/www.novinky.cz\/clanek\/zahranicni-americane-utoci-na-iran-40587212\" class=\"c_N\" rel=\"nofollow noopener\"><img fetchpriority=\"high\" height=\"1012\" width=\"1800\" src=\"https:\/\/www.europesays.com\/cz\/wp-content\/uploads\/2026\/07\/bombarder-f-a-18-super-hornet-usa-blizky-vychod-iran.jpeg\" loading=\"eager\" decoding=\"sync\" class=\"c_t c_r\"\/><\/a><\/p>\n<p class=\"c_bB\">Dvakr\u00e1t b\u011bhem t\u00e9to noci zn\u011bly sir\u00e9ny v\u00a0Bahrajnu, kde s\u00eddl\u00ed velitelstv\u00ed 5.\u00a0flotily americk\u00e9ho n\u00e1mo\u0159nictva. Obyvatel\u00e9 byli vyzv\u00e1ni, aby se uch\u00fdlili do bezpe\u010d\u00ed, uvedla agentura DPA s\u00a0odvol\u00e1n\u00edm na tamn\u00ed ministerstvo vnitra.<\/p>\n<p class=\"c_bB\">USA podnikly \u00fadery na \u00cdr\u00e1n u\u017e v\u00a0\u00fater\u00fd a\u00a0ozna\u010dily je za reakci na \u00edr\u00e1nsk\u00e9 \u00fatoky na tankery v\u00a0Hormuzsk\u00e9m pr\u016flivu. Trump ve st\u0159edu uvedl, \u017ee p\u0159\u00edm\u011b\u0159\u00ed s\u00a0\u00cdr\u00e1nem je u\u00a0konce, a\u00a0ozna\u010dil vyjedn\u00e1v\u00e1n\u00ed s\u00a0Teher\u00e1nem za ztr\u00e1tu \u010dasu. Sl\u00edbil rovn\u011b\u017e tvrd\u00fd \u00fatok na \u00cdr\u00e1n b\u011bhem noci. Na \u0159ad\u011b m\u00edst v\u00a0\u00cdr\u00e1nu byly pozd\u011b ve\u010der sly\u0161et v\u00fdbuchy.<\/p>\n<p class=\"c_bB\">Americk\u00e1 arm\u00e1da posl\u00e9ze ozn\u00e1mila, \u017ee celkem v\u00a0noci na \u010dtvrtek zas\u00e1hla devades\u00e1t c\u00edl\u016f. Mezi t\u011bmi m\u011bly b\u00fdt syst\u00e9my protivzdu\u0161n\u00e9 obrany, pob\u0159e\u017en\u00ed sledovac\u00ed za\u0159\u00edzen\u00ed, sklady raket a\u00a0dron\u016f, n\u00e1mo\u0159n\u00ed kapacity a\u00a0vojensk\u00e1 logistick\u00e1 infrastruktura pod\u00e9l pob\u0159e\u017e\u00ed \u00cdr\u00e1nu.<\/p>\n<p class=\"c_bB\">Teher\u00e1n obvinil Spojen\u00e9 st\u00e1ty z\u00a0poru\u0161ov\u00e1n\u00ed prozat\u00edmn\u00ed m\u00edrov\u00e9 dohody a\u00a0sl\u00edbil vlastn\u00ed odvetu.<\/p>\n<p class=\"c_bB\">Washington a\u00a0Teher\u00e1n v\u00a0\u010dervnu podepsaly memorandum o\u00a0porozum\u011bn\u00ed, kter\u00fdm stvrdily k\u0159ehk\u00e9 p\u0159\u00edm\u011b\u0159\u00ed. V\u00e1lku zah\u00e1jily 28.\u00a0\u00fanora Spojen\u00e9 st\u00e1ty a\u00a0Izrael \u00fatoky na \u00cdr\u00e1n, p\u0159i kter\u00fdch zabily mimo jin\u00e9 nejvy\u0161\u0161\u00edho \u00edr\u00e1nsk\u00e9ho duchovn\u00edho v\u016fdce Al\u00edho Chamene\u00edho. Od soboty se kon\u00e1 jeho poh\u0159eb, kter\u00fd m\u00e1 skon\u010dit ve \u010dtvrtek. <\/p>\n<p class=\"c_bB\">Po poh\u0159bu m\u011bla jedn\u00e1n\u00ed pokra\u010dovat. Trump se ale b\u011bhem summitu NATO nechal sly\u0161et, \u017ee s\u00a0\u00cdr\u00e1nem u\u017e jednat nechce. Jeho p\u0159edstavitele ozna\u010dil za \u0161\u00edlence, se kter\u00fdmi se na n\u011b\u010dem dohodne a\u00a0oni pak na tiskov\u00e9 konferenci \u0159eknou n\u011bco \u00fapln\u011b jin\u00e9ho. <\/p>\n<p><a data-dot=\"atm-link\" target=\"_self\" href=\"https:\/\/www.novinky.cz\/clanek\/zahranicni-blizky-a-stredni-vychod-memorandum-je-mrtve-prijdou-drasticke-dusledky-hrozi-iran-40587211\" class=\"c_N\" rel=\"nofollow noopener\"><img height=\"2009\" width=\"3573\" src=\"https:\/\/www.europesays.com\/cz\/wp-content\/uploads\/2026\/07\/e445.jpeg\" loading=\"eager\" decoding=\"sync\" class=\"c_t c_r\"\/><\/a><\/p>\n","protected":false},"excerpt":{"rendered":"Na dvou americk\u00fdch z\u00e1kladn\u00e1ch v\u00a0Kuvajtu a\u00a0dvou v\u00a0Bahrajnu byla podle st\u00e1tn\u00ed televize IRIB, na kterou se odkazuje agentura AFP,&hellip;\n","protected":false},"author":2,"featured_media":142540,"comment_status":"","ping_status":"","sticky":false,"template":"","format":"standard","meta":{"footnotes":"","_share_on_mastodon":"0"},"categories":[11],"tags":[7480,212,6387,808,7681,6527,7825,7301,54,113,53,52],"class_list":["post-142539","post","type-post","status-publish","format-standard","has-post-thumbnail","category-svet","tag-bahrajn","tag-donald-trump","tag-hormuzsky-pruliv","tag-iran","tag-islamske-iranske-revolucni-gardy","tag-katar","tag-konflikt-usa-izrael-iran","tag-kuvajt","tag-svet","tag-usa","tag-world","tag-world-news"],"share_on_mastodon":{"url":"https:\/\/pubeurope.com\/@cz\/116888155551200258","error":""},"_links":{"self":[{"href":"https:\/\/www.europesays.com\/cz\/wp-json\/wp\/v2\/posts\/142539","targetHints":{"allow":["GET"]}}],"collection":[{"href":"https:\/\/www.europesays.com\/cz\/wp-json\/wp\/v2\/posts"}],"about":[{"href":"https:\/\/www.europesays.com\/cz\/wp-json\/wp\/v2\/types\/post"}],"author":[{"embeddable":true,"href":"https:\/\/www.europesays.com\/cz\/wp-json\/wp\/v2\/users\/2"}],"replies":[{"embeddable":true,"href":"https:\/\/www.europesays.com\/cz\/wp-json\/wp\/v2\/comments?post=142539"}],"version-history":[{"count":0,"href":"https:\/\/www.europesays.com\/cz\/wp-json\/wp\/v2\/posts\/142539\/revisions"}],"wp:featuredmedia":[{"embeddable":true,"href":"https:\/\/www.europesays.com\/cz\/wp-json\/wp\/v2\/media\/142540"}],"wp:attachment":[{"href":"https:\/\/www.europesays.com\/cz\/wp-json\/wp\/v2\/media?parent=142539"}],"wp:term":[{"taxonomy":"category","embeddable":true,"href":"https:\/\/www.europesays.com\/cz\/wp-json\/wp\/v2\/categories?post=142539"},{"taxonomy":"post_tag","embeddable":true,"href":"https:\/\/www.europesays.com\/cz\/wp-json\/wp\/v2\/tags?post=142539"}],"curies":[{"name":"wp","href":"https:\/\/api.w.org\/{rel}","templated":true}]}}