{"id":142601,"date":"2026-07-09T05:50:08","date_gmt":"2026-07-09T05:50:08","guid":{"rendered":"https:\/\/www.europesays.com\/cz\/142601\/"},"modified":"2026-07-09T05:50:08","modified_gmt":"2026-07-09T05:50:08","slug":"letecky-instruktor-v-argentine-vyskocil-behem-letu-a-zabil-se-pristat-musela-zakyne","status":"publish","type":"post","link":"https:\/\/www.europesays.com\/cz\/142601\/","title":{"rendered":"Leteck\u00fd instruktor v\u00a0Argentin\u011b vysko\u010dil b\u011bhem letu a\u00a0zabil se. P\u0159ist\u00e1t musela \u017e\u00e1kyn\u011b"},"content":{"rendered":"<p class=\"c_bB\">Cel\u00e1 situace se odehr\u00e1la na palub\u011b letounu Cessna 150, kde Bertazzo zau\u010doval 22letou \u017eenu identifikovanou pouze jm\u00e9nem Rosario, informuje televizn\u00ed stanice <a data-dot=\"atm-link\" target=\"_blank\" rel=\"noopener nofollow\" href=\"https:\/\/edition.cnn.com\/2026\/07\/08\/americas\/argentina-pilot-death-scli-intl\" class=\"c_N\">CNN<\/a>. <\/p>\n<p class=\"c_bB\">\u201eV\u00ed\u0161, co m\u00e1\u0161 d\u011blat. Pokra\u010duj,\u201c \u0159ekl \u00fadajn\u011b \u017een\u011b instruktor, na\u010de\u017e si sundal sluch\u00e1tka, rozepnul bezpe\u010dnostn\u00ed p\u00e1s, otev\u0159el dve\u0159e a\u00a0vysko\u010dil z\u00a0letadla. N\u00e1sledn\u011b dopadl do vesnice Toledo.<\/p>\n<p class=\"c_bB\">\u0158editel leteck\u00e9 \u0161koly, ve kter\u00e9 Bertazzo pracoval, Eduardo \u00c1lvarez uvedl, \u017ee si nev\u0161iml \u017e\u00e1dn\u00fdch n\u00e1znak\u016f, \u017ee by zku\u0161en\u00fd pilot n\u011bco takov\u00e9ho pl\u00e1noval. V\u00a0dan\u00fd den to byl u\u017e jeho druh\u00fd let. <\/p>\n<p><a data-dot=\"atm-link\" target=\"_self\" href=\"https:\/\/www.novinky.cz\/clanek\/krimi-mlady-pilot-ktery-u-slaneho-vyskocil-z-vetrone-byl-pod-vlivem-pervitinu-40581004\" class=\"c_N\" rel=\"nofollow noopener\"><img fetchpriority=\"high\" height=\"1080\" width=\"1920\" src=\"https:\/\/www.europesays.com\/cz\/wp-content\/uploads\/2026\/07\/vetron.jpeg\" loading=\"eager\" decoding=\"sync\" class=\"c_t c_r\"\/><\/a><\/p>\n<p class=\"c_bB\">\u201eTo tragick\u00e9 rozhodnut\u00ed u\u010dinil na palub\u011b letounu, kdy\u017e m\u011bl po boku dal\u0161\u00ed osobu. Myslet na to nebo tomu porozum\u011bt je nemo\u017en\u00e9, ale lidsk\u00e1 mysl je tak komplikovan\u00e1,\u201c uvedl \u00c1lvarez.<\/p>\n<p class=\"c_bB\">D\u00e1le podotkl, \u017ee otev\u0159en\u00ed dve\u0159\u00ed letounu za letu je extr\u00e9mn\u011b obt\u00ed\u017en\u00e9. Konkr\u00e9tn\u011b to p\u0159irovnal k\u00a0otev\u0159en\u00ed dve\u0159\u00ed auta za j\u00edzdy rychlost\u00ed 200\u00a0kilometr\u016f za hodinu. Bertazza pak popsal jako \u201ekr\u00e1sn\u00e9ho \u010dlov\u011bka se skv\u011bl\u00fdm \u00fasm\u011bvem\u201c. \u201eP\u0159ekvapilo n\u00e1s, \u017ee se to stalo,\u201c dodal \u00c1lvarez.<\/p>\n<p class=\"c_bB\">Rosario \u00fadajn\u011b po sebevra\u017ed\u011b sv\u00e9ho instruktora byla v \u201e\u00fapln\u00e9m \u0161oku\u201c, ale s\u00a0letadlem bezpe\u010dn\u011b p\u0159ist\u00e1la a\u00a0stroj neutrp\u011bl \u017e\u00e1dn\u00e9 \u0161kody. Cel\u00fd incident d\u00e1l vy\u0161et\u0159uje m\u00edstn\u00ed prokuratura.<\/p>\n<p><a data-dot=\"atm-link\" target=\"_self\" href=\"https:\/\/www.novinky.cz\/clanek\/pocasi-argentinske-plaze-pokryl-snih-letovisko-zazilo-bilou-nadilku-poprve-po-22-letech-40586472\" class=\"c_N\" rel=\"nofollow noopener\"><img height=\"1012\" width=\"1800\" src=\"https:\/\/www.europesays.com\/cz\/wp-content\/uploads\/2026\/07\/1783576208_309_pocasi-snih-argentina.jpeg\" loading=\"eager\" decoding=\"sync\" class=\"c_t c_r\"\/><\/a><\/p>\n","protected":false},"excerpt":{"rendered":"Cel\u00e1 situace se odehr\u00e1la na palub\u011b letounu Cessna 150, kde Bertazzo zau\u010doval 22letou \u017eenu identifikovanou pouze jm\u00e9nem Rosario,&hellip;\n","protected":false},"author":2,"featured_media":142602,"comment_status":"","ping_status":"","sticky":false,"template":"","format":"standard","meta":{"footnotes":"","_share_on_mastodon":"0"},"categories":[10],"tags":[856,3326,17,21,37430,3654,16,3874,18,19,22,20],"class_list":["post-142601","post","type-post","status-publish","format-standard","has-post-thumbnail","category-zpravy","tag-argentina","tag-cessna","tag-headlines","tag-hlavni-udalosti","tag-instruktori","tag-letadla","tag-news","tag-sebevrazda","tag-top-news","tag-top-stories","tag-udalosti-dne","tag-zpravy"],"share_on_mastodon":{"url":"https:\/\/pubeurope.com\/@cz\/116888458158013040","error":""},"_links":{"self":[{"href":"https:\/\/www.europesays.com\/cz\/wp-json\/wp\/v2\/posts\/142601","targetHints":{"allow":["GET"]}}],"collection":[{"href":"https:\/\/www.europesays.com\/cz\/wp-json\/wp\/v2\/posts"}],"about":[{"href":"https:\/\/www.europesays.com\/cz\/wp-json\/wp\/v2\/types\/post"}],"author":[{"embeddable":true,"href":"https:\/\/www.europesays.com\/cz\/wp-json\/wp\/v2\/users\/2"}],"replies":[{"embeddable":true,"href":"https:\/\/www.europesays.com\/cz\/wp-json\/wp\/v2\/comments?post=142601"}],"version-history":[{"count":0,"href":"https:\/\/www.europesays.com\/cz\/wp-json\/wp\/v2\/posts\/142601\/revisions"}],"wp:featuredmedia":[{"embeddable":true,"href":"https:\/\/www.europesays.com\/cz\/wp-json\/wp\/v2\/media\/142602"}],"wp:attachment":[{"href":"https:\/\/www.europesays.com\/cz\/wp-json\/wp\/v2\/media?parent=142601"}],"wp:term":[{"taxonomy":"category","embeddable":true,"href":"https:\/\/www.europesays.com\/cz\/wp-json\/wp\/v2\/categories?post=142601"},{"taxonomy":"post_tag","embeddable":true,"href":"https:\/\/www.europesays.com\/cz\/wp-json\/wp\/v2\/tags?post=142601"}],"curies":[{"name":"wp","href":"https:\/\/api.w.org\/{rel}","templated":true}]}}