{"id":142645,"date":"2026-07-09T06:44:11","date_gmt":"2026-07-09T06:44:11","guid":{"rendered":"https:\/\/www.europesays.com\/cz\/142645\/"},"modified":"2026-07-09T06:44:11","modified_gmt":"2026-07-09T06:44:11","slug":"hori-dalsi-ruske-ropne-sklady","status":"publish","type":"post","link":"https:\/\/www.europesays.com\/cz\/142645\/","title":{"rendered":"Ho\u0159\u00ed dal\u0161\u00ed rusk\u00e9 ropn\u00e9 sklady"},"content":{"rendered":"<p class=\"c_bB\">Ve m\u011bst\u011b Michajlovsk byl zasa\u017een sklad spole\u010dnosti Lukoil, nejv\u011bt\u0161\u00ed rusk\u00e9 firmy podnikaj\u00edc\u00ed v\u00a0oblasti t\u011b\u017eby a\u00a0zpracov\u00e1n\u00ed ropy. Sou\u010dasn\u011b ukrajinsk\u00e9 drony za\u00fato\u010dily na ropn\u00fd sklad ve m\u011bst\u011b Tver, kter\u00e9 se nach\u00e1z\u00ed severn\u011b od Moskvy.<\/p>\n<p class=\"c_bB\">Videa zve\u0159ejn\u011bn\u00e1 na soci\u00e1ln\u00ed s\u00edti Telegram ukazuj\u00ed po\u017e\u00e1r v\u00a0oblasti jednoho z\u00a0tank\u016f spole\u010dnosti. Nad za\u0159\u00edzen\u00edm stoup\u00e1 hust\u00fd \u010dern\u00fd kou\u0159 a\u00a0\u0161lehaj\u00ed plameny. R\u00e1no se m\u011bl po\u017e\u00e1r \u00fadajn\u011b je\u0161t\u011b zhor\u0161it.<\/p>\n<p class=\"c_bB\">V sou\u010dasn\u00e9 chv\u00edli nejsou \u017e\u00e1dn\u00e9 informace od m\u00edstn\u00edch \u00fa\u0159ad\u016f o\u00a0p\u0159\u00edpadn\u00fdch ob\u011btech a\u00a0rozsahu po\u0161kozen\u00ed za\u0159\u00edzen\u00ed, p\u00ed\u0161e <a data-dot=\"atm-link\" target=\"_blank\" rel=\"noopener nofollow\" href=\"https:\/\/www.pravda.com.ua\/news\/2026\/07\/09\/8043156\/\" class=\"c_N\">web den\u00edku Ukrajinska pravda<\/a>.<\/p>\n<p class=\"c_bB\">Guvern\u00e9r Stavropolsk\u00e9 oblasti Vladimir Vladimirov potvrdil \u00fatok a\u00a0m\u00edsto \u00faderu ozna\u010dil obecn\u011b jako \u201epr\u016fmyslov\u00e9 za\u0159\u00edzen\u00ed\u201c.<\/p>\n<p class=\"c_bB\">Lukoil-Jugn\u011bft\u011b Produkt je dce\u0159in\u00e1 spole\u010dnost spole\u010dnosti Lukoil. Specializuje se na skladov\u00e1n\u00ed, p\u0159epravu a\u00a0prodej ropn\u00fdch produkt\u016f v\u00a0ji\u017en\u00edch regionech Ruska. Spole\u010dnost pat\u0159\u00ed mezi nejv\u011bt\u0161\u00ed provozovatele palivov\u00e9 infrastruktury v\u00a0severn\u00edm Kavkazu a\u00a0ji\u017en\u00edm Rusku.<\/p>\n<p class=\"c_bB\">Dod\u00e1v\u00e1 palivo s\u00edti \u010derpac\u00edch stanic a\u00a0velkoobchodn\u00edm z\u00e1kazn\u00edk\u016fm v\u00a0ji\u017en\u00edch regionech Ruska.<\/p>\n<p class=\"c_bB\">Spravuje des\u00edtky ropn\u00fdch sklad\u016f a\u00a0stovky \u010derpac\u00edch stanic, zejm\u00e9na v\u00a0oblasti Stavropolu a\u00a0Krasnodaru. Jeden z\u00a0hlavn\u00edch ropn\u00fdch sklad\u016f spole\u010dnosti se nach\u00e1z\u00ed ve m\u011bst\u011b Michajlovsk.<\/p>\n<p class=\"c_bB\">Ukrajinsk\u00e1 arm\u00e1da v\u00a0posledn\u00ed dob\u011b pravideln\u011b \u00fato\u010d\u00ed na rusk\u00fd rafin\u00e9rsk\u00fd pr\u016fmysl a\u00a0sklady paliva. Kyjev chce \u00fadery na rafinerie naru\u0161it z\u00e1sobov\u00e1n\u00ed rusk\u00e9 arm\u00e1dy pohonn\u00fdmi hmotami a\u00a0omezit p\u0159\u00edjmy Moskvy z\u00a0v\u00fdvozu ropy, kter\u00e9 jsou d\u016fle\u017eit\u00e9 pro financov\u00e1n\u00ed v\u00e1lky.<\/p>\n<p><a data-dot=\"atm-link\" target=\"_self\" href=\"https:\/\/www.novinky.cz\/clanek\/zahranicni-ukrajina-zautocila-na-dalsich-devet-tankeru-ruske-stinove-flotily-40587044\" class=\"c_N\" rel=\"nofollow noopener\"><img fetchpriority=\"high\" height=\"1080\" width=\"1920\" src=\"https:\/\/www.europesays.com\/cz\/wp-content\/uploads\/2026\/07\/1783579451_204_ukrajina-tanker-stinova-flotila-utok.jpeg\" loading=\"eager\" decoding=\"sync\" class=\"c_t c_r\"\/><\/a><\/p>\n","protected":false},"excerpt":{"rendered":"Ve m\u011bst\u011b Michajlovsk byl zasa\u017een sklad spole\u010dnosti Lukoil, nejv\u011bt\u0161\u00ed rusk\u00e9 firmy podnikaj\u00edc\u00ed v\u00a0oblasti t\u011b\u017eby a\u00a0zpracov\u00e1n\u00ed ropy. Sou\u010dasn\u011b ukrajinsk\u00e9&hellip;\n","protected":false},"author":2,"featured_media":142646,"comment_status":"","ping_status":"","sticky":false,"template":"","format":"standard","meta":{"footnotes":"","_share_on_mastodon":"0"},"categories":[10],"tags":[353,464,17,21,16,205,61,20980,18,19,22,110,56,20],"class_list":["post-142645","post","type-post","status-publish","format-standard","has-post-thumbnail","category-zpravy","tag-dronovy-utok","tag-drony","tag-headlines","tag-hlavni-udalosti","tag-news","tag-ropa","tag-rusko","tag-sklady","tag-top-news","tag-top-stories","tag-udalosti-dne","tag-ukrajina","tag-valka-rusko-ukrajina","tag-zpravy"],"share_on_mastodon":{"url":"https:\/\/pubeurope.com\/@cz\/116888670153141407","error":""},"_links":{"self":[{"href":"https:\/\/www.europesays.com\/cz\/wp-json\/wp\/v2\/posts\/142645","targetHints":{"allow":["GET"]}}],"collection":[{"href":"https:\/\/www.europesays.com\/cz\/wp-json\/wp\/v2\/posts"}],"about":[{"href":"https:\/\/www.europesays.com\/cz\/wp-json\/wp\/v2\/types\/post"}],"author":[{"embeddable":true,"href":"https:\/\/www.europesays.com\/cz\/wp-json\/wp\/v2\/users\/2"}],"replies":[{"embeddable":true,"href":"https:\/\/www.europesays.com\/cz\/wp-json\/wp\/v2\/comments?post=142645"}],"version-history":[{"count":0,"href":"https:\/\/www.europesays.com\/cz\/wp-json\/wp\/v2\/posts\/142645\/revisions"}],"wp:featuredmedia":[{"embeddable":true,"href":"https:\/\/www.europesays.com\/cz\/wp-json\/wp\/v2\/media\/142646"}],"wp:attachment":[{"href":"https:\/\/www.europesays.com\/cz\/wp-json\/wp\/v2\/media?parent=142645"}],"wp:term":[{"taxonomy":"category","embeddable":true,"href":"https:\/\/www.europesays.com\/cz\/wp-json\/wp\/v2\/categories?post=142645"},{"taxonomy":"post_tag","embeddable":true,"href":"https:\/\/www.europesays.com\/cz\/wp-json\/wp\/v2\/tags?post=142645"}],"curies":[{"name":"wp","href":"https:\/\/api.w.org\/{rel}","templated":true}]}}