{"id":142853,"date":"2026-07-09T09:50:10","date_gmt":"2026-07-09T09:50:10","guid":{"rendered":"https:\/\/www.europesays.com\/cz\/142853\/"},"modified":"2026-07-09T09:50:10","modified_gmt":"2026-07-09T09:50:10","slug":"rust-stavebnictvi-zvolnil-bytova-vystavba-v-jihomoravskem-kraji-je-na-rekordu","status":"publish","type":"post","link":"https:\/\/www.europesays.com\/cz\/142853\/","title":{"rendered":"R\u016fst stavebnictv\u00ed zvolnil, bytov\u00e1 v\u00fdstavba v\u00a0Jihomoravsk\u00e9m kraji je na rekordu"},"content":{"rendered":"<p class=\"c_bB\">R\u016fst stavebnictv\u00ed t\u00e1hly oba hlavn\u00ed segmenty. Produkce v\u00a0in\u017een\u00fdrsk\u00e9m stavitelstv\u00ed vzrostla meziro\u010dn\u011b o\u00a06,6\u00a0procenta a\u00a0v pozemn\u00edm stavitelstv\u00ed o\u00a03,3\u00a0procenta. Ve srovn\u00e1n\u00ed s\u00a0dubnem byla stavebn\u00ed produkce vy\u0161\u0161\u00ed o\u00a00,2\u00a0procenta.<\/p>\n<p class=\"c_bB\">P\u0159ibylo tak\u00e9 stavebn\u00edch povolen\u00ed i\u00a0nov\u00fdch byt\u016f. \u00da\u0159ady vydaly meziro\u010dn\u011b o\u00a011,6\u00a0procenta v\u00edce stavebn\u00edch povolen\u00ed. V\u00fdstavba 3\u00a0968\u00a0byt\u016f byla zah\u00e1jena, co\u017e p\u0159edstavuje meziro\u010dn\u00ed n\u00e1r\u016fst o\u00a048,3\u00a0procenta. Dokon\u010deno bylo 2\u00a0811\u00a0byt\u016f, o\u00a013,5\u00a0procenta v\u00edce ne\u017e p\u0159ed rokem.<\/p>\n<p class=\"c_bB\">V kv\u011btnu tak bylo celkem vyd\u00e1no 5\u00a0784\u00a0stavebn\u00edch povolen\u00ed. \u201ePo\u010det stavebn\u00edch povolen\u00ed v\u00a0kv\u011btnu meziro\u010dn\u011b rostl d\u00edky nov\u00e9 v\u00fdstavb\u011b budov i\u00a0in\u017een\u00fdrsk\u00fdch staveb,\u201c vysv\u011btlila ve <a data-dot=\"atm-link\" target=\"_blank\" rel=\"noopener nofollow\" href=\"https:\/\/csu.gov.cz\/rychle-informace\/stavebnictvi-kveten-2026\" class=\"c_N\">zpr\u00e1v\u011b<\/a> statistik\u016f Petra Cu\u0159\u00ednov\u00e1. V\u00fdrazn\u011b vzrostla tak\u00e9 velikost nov\u011b povolovan\u00fdch staveb. Celkov\u00e1 podlahov\u00e1 plocha nov\u00fdch budov byla meziro\u010dn\u011b vy\u0161\u0161\u00ed o\u00a074,2\u00a0procenta. <\/p>\n<p><a data-dot=\"atm-link\" target=\"_self\" href=\"https:\/\/www.novinky.cz\/clanek\/podcasty-hlas-na-pousti-nejvetsi-prekazkou-vystavby-je-nas-vlastni-stat-poslanci-to-mohou-ve-stredu-zmenit-40586783\" class=\"c_N\" rel=\"nofollow noopener\"><img fetchpriority=\"high\" height=\"720\" width=\"1280\" src=\"https:\/\/www.europesays.com\/cz\/wp-content\/uploads\/2026\/07\/hlas-na-pousti.jpeg\" loading=\"eager\" decoding=\"sync\" class=\"c_t c_r\"\/><\/a><\/p>\n<p class=\"c_bB\">\u201eStavebnictv\u00ed t\u011b\u017e\u00ed ze siln\u00e9 soukrom\u00e9 i\u00a0ve\u0159ejn\u00e9 popt\u00e1vky podporovan\u00e9 investicemi st\u00e1tu a\u00a0samospr\u00e1v. L\u00eddrem bytov\u00e9 v\u00fdstavby p\u0159itom nen\u00ed Praha, jak by napov\u00eddala s\u00edla tamn\u00ed popt\u00e1vky \u010di pohled na mno\u017estv\u00ed rozestav\u011bn\u00fdch projekt\u016f, ale Jihomoravsk\u00fd kraj. Ten letos zah\u00e1jil v\u00fdstavbu v\u011bt\u0161\u00edho po\u010dtu  byt\u016f ne\u017e hlavn\u00ed m\u011bsto,\u201c \u0159ekl Novink\u00e1m Petr Dufek, hlavn\u00ed ekonom banky Creditas.<\/p>\n<p class=\"c_bB\">Pouk\u00e1zal na to, \u017ee v\u00a0souhrnu za posledn\u00edch dvan\u00e1ct m\u011bs\u00edc\u016f dos\u00e1hla bytov\u00e1 v\u00fdstavba v\u00a0Jihomoravsk\u00e9m kraji historick\u00e9ho maxima. \u201eTak intenzivn\u00ed v\u00fdstavbu region nepamatuje od roku 2006, odkdy jsou k\u00a0dispozici srovnateln\u00e1  podrobn\u00e1 data,\u201c zd\u016fraznil Dufek.<\/p>\n<p><a data-dot=\"atm-link\" target=\"_self\" href=\"https:\/\/www.novinky.cz\/clanek\/ekonomika-firmy-jsou-ke-stavebnimu-zakonu-skepticke-ve-zlepseni-veri-mene-nez-polovina-z-nich-40582615\" class=\"c_N\" rel=\"nofollow noopener\"><img height=\"2304\" width=\"4096\" src=\"https:\/\/www.europesays.com\/cz\/wp-content\/uploads\/2026\/07\/byty.jpeg\" loading=\"eager\" decoding=\"sync\" class=\"c_t c_r\"\/><\/a><\/p>\n","protected":false},"excerpt":{"rendered":"R\u016fst stavebnictv\u00ed t\u00e1hly oba hlavn\u00ed segmenty. Produkce v\u00a0in\u017een\u00fdrsk\u00e9m stavitelstv\u00ed vzrostla meziro\u010dn\u011b o\u00a06,6\u00a0procenta a\u00a0v pozemn\u00edm stavitelstv\u00ed o\u00a03,3\u00a0procenta. Ve srovn\u00e1n\u00ed&hellip;\n","protected":false},"author":2,"featured_media":142854,"comment_status":"","ping_status":"","sticky":false,"template":"","format":"standard","meta":{"footnotes":"","_share_on_mastodon":"0"},"categories":[12],"tags":[67,68,43,968,49,22675,6633,3837],"class_list":["post-142853","post","type-post","status-publish","format-standard","has-post-thumbnail","category-byznys","tag-business","tag-byznys","tag-ceska-republika","tag-cesky-statisticky-urad-csu","tag-hospodareni","tag-kveten","tag-stavby","tag-stavebnictvi"],"share_on_mastodon":{"url":"https:\/\/pubeurope.com\/@cz\/116889402025918931","error":""},"_links":{"self":[{"href":"https:\/\/www.europesays.com\/cz\/wp-json\/wp\/v2\/posts\/142853","targetHints":{"allow":["GET"]}}],"collection":[{"href":"https:\/\/www.europesays.com\/cz\/wp-json\/wp\/v2\/posts"}],"about":[{"href":"https:\/\/www.europesays.com\/cz\/wp-json\/wp\/v2\/types\/post"}],"author":[{"embeddable":true,"href":"https:\/\/www.europesays.com\/cz\/wp-json\/wp\/v2\/users\/2"}],"replies":[{"embeddable":true,"href":"https:\/\/www.europesays.com\/cz\/wp-json\/wp\/v2\/comments?post=142853"}],"version-history":[{"count":0,"href":"https:\/\/www.europesays.com\/cz\/wp-json\/wp\/v2\/posts\/142853\/revisions"}],"wp:featuredmedia":[{"embeddable":true,"href":"https:\/\/www.europesays.com\/cz\/wp-json\/wp\/v2\/media\/142854"}],"wp:attachment":[{"href":"https:\/\/www.europesays.com\/cz\/wp-json\/wp\/v2\/media?parent=142853"}],"wp:term":[{"taxonomy":"category","embeddable":true,"href":"https:\/\/www.europesays.com\/cz\/wp-json\/wp\/v2\/categories?post=142853"},{"taxonomy":"post_tag","embeddable":true,"href":"https:\/\/www.europesays.com\/cz\/wp-json\/wp\/v2\/tags?post=142853"}],"curies":[{"name":"wp","href":"https:\/\/api.w.org\/{rel}","templated":true}]}}