{"id":142900,"date":"2026-07-09T10:28:09","date_gmt":"2026-07-09T10:28:09","guid":{"rendered":"https:\/\/www.europesays.com\/cz\/142900\/"},"modified":"2026-07-09T10:28:09","modified_gmt":"2026-07-09T10:28:09","slug":"posun-v-doklimatizovani-tramvaji-15t-komise-po-roce-vybrala-firmu-ceka-se-na-podpis-smlouvy","status":"publish","type":"post","link":"https:\/\/www.europesays.com\/cz\/142900\/","title":{"rendered":"Posun v doklimatizov\u00e1n\u00ed tramvaj\u00ed 15T. Komise po roce vybrala firmu, \u010dek\u00e1 se na podpis smlouvy"},"content":{"rendered":"<p>\n                                        Zak\u00e1zka se t\u00fdk\u00e1 123 tramvaj\u00ed 15T z prvn\u00ed s\u00e9rie bez \u017elut\u00e9 masky vozu.                                    <\/p>\n<p>U\u017e v\u00edce ne\u017e rok trvaj\u00edc\u00ed hled\u00e1n\u00ed firmy, kter\u00e1 instaluje chyb\u011bj\u00edc\u00ed klimatizace do 123 tramvaj\u00ed \u0160koda ForCity 15T, se ch\u00fdl\u00ed ke konci. N\u00e1m\u011bstek prim\u00e1tora pro dopravu Jarom\u00edr Ber\u00e1nek na s\u00edti X informoval, \u017ee\u00a0se kone\u010dn\u011b poda\u0159ilo vysout\u011b\u017eit dodavatele, kter\u00fd zajist\u00ed doklimatizov\u00e1n\u00ed t\u011bchto tramvaj\u00ed z prvn\u00ed s\u00e9rie. \u201eSmlouva by m\u011bla b\u00fdt podeps\u00e1na v nejbli\u017e\u0161\u00edch t\u00fddnech,\u201c dodal Ber\u00e1nek.<\/p>\n<p>Podrobnosti o v\u00edt\u011bzi \u010di vysout\u011b\u017een\u00e9 cen\u011b Ber\u00e1nek pro den\u00edk Zdopravy.cz up\u0159esnit odm\u00edtl s ohledem na st\u00e1le neuzav\u0159enou smlouvu. Dopravn\u00ed podnik ji\u017e d\u0159\u00edve uvedl, \u017ee k prob\u00edhaj\u00edc\u00ed zak\u00e1zce se nem\u016f\u017ee nijak vyjad\u0159ovat. Ani po v\u00edce ne\u017e roce tak st\u00e1le nen\u00ed jasn\u00e9, kdo se zak\u00e1zky s p\u0159edpokl\u00e1danou hodnotou 431,5 milionu korun bez DPH ujme.<\/p>\n<p>T\u00e9ma je toti\u017e citliv\u00e9. Z\u00e1m\u011br doklimatizovat tramvaje 15T ztroskotal u\u017e v minul\u00e9m volebn\u00edm obdob\u00ed, kdy se o to sna\u017eil <a href=\"https:\/\/zdopravy.cz\/nikdo-nechce-do-vezeni-pribeh-snad-o-klimatizovane-tramvaje-v-praze-ocima-primeho-ucastnika-250200\/\" rel=\"nofollow noopener\" target=\"_blank\">tehdej\u0161\u00ed n\u00e1m\u011bstek prim\u00e1tora Adam Scheinherr<\/a>. Loni v \u010dervnu se pra\u017esk\u00fd dopravn\u00ed podnik na podn\u011bt radn\u00edch rozhodl k projektu doklimatizov\u00e1n\u00ed vr\u00e1tit, sout\u011b\u017e v\u0161ak byla n\u00e1sledn\u011b v srpnu zru\u0161ena kv\u016fli velk\u00e9mu po\u010dtu dopl\u0148uj\u00edc\u00edch dotaz\u016f uchaze\u010d\u016f.<\/p>\n<p>Nov\u011b vypsan\u00fd tendr pak v listopadu 2025 u\u017e podrobn\u011bji specifikoval, kde mohou zhotovitel\u00e9 na dovybavov\u00e1n\u00ed klimatizacemi pracovat i jak\u00e9 k tomu mohou vyu\u017e\u00edt subdodavatele. Z\u00e1jemci se mohli hl\u00e1sit do 28. listopadu, ob\u00e1lky s nab\u00eddkami se otev\u00edraly 15. prosince.<\/p>\n<p>Podle informac\u00ed Zdopravy.cz podal jeden ze z\u00e1jemc\u016f u\u017e v b\u0159eznu v tendru n\u00e1mitky, kter\u00fdm bylo n\u00e1sledn\u011b v\u00fdb\u011brovou komis\u00ed vyhov\u011bno. Hodnocen\u00ed nab\u00eddek pot\u00e9 muselo za\u010d\u00edt znovu.<\/p>\n<p>20 voz\u016f ro\u010dn\u011b<\/p>\n<p>Zak\u00e1zka se t\u00fdk\u00e1 123 tramvaj\u00ed 15T z prvn\u00ed s\u00e9rie. Zbytek z celkov\u00e9ho po\u010dtu 250 kus\u016f m\u00e1 ji\u017e klimatizaci z v\u00fdroby, do dvou kus\u016f byla zp\u011btn\u011b dopln\u011bna zku\u0161ebn\u011b v r\u00e1mci pilotn\u00edho projektu.<\/p>\n<p>DPP v zad\u00e1vac\u00ed dokumentaci po\u017eaduje, aby v\u00edt\u011bzn\u00fd dodavatel po uzav\u0159en\u00ed smlouvy provedl ro\u010dn\u011b instalaci klimatiza\u010dn\u00edch jednotek do minim\u00e1ln\u011b 20 tramvaj\u00ed. V\u00fdb\u011brov\u00e1 krit\u00e9ria jsou v sout\u011b\u017ei dv\u011b: celkov\u00e1 nab\u00eddkov\u00e1 cena s v\u00e1hou 80 % a d\u00e9lka z\u00e1ruky klimatiza\u010dn\u00ed jednotky s v\u00e1hou 20 %.<\/p>\n<p>Dopravn\u00ed podnik p\u0159edpokl\u00e1d\u00e1 proveden\u00ed dodate\u010dn\u00e9 instalace klimatizace prostoru cestuj\u00edc\u00edch nahrazen\u00edm st\u00e1vaj\u00edc\u00edho syst\u00e9mu ventilace. S t\u00edm budou spojen\u00e9 i p\u0159\u00edpadn\u00e9 \u00fapravy \u0159\u00eddic\u00edho syst\u00e9mu tramvaje. Cel\u00e1 zak\u00e1zka by m\u011bla prob\u011bhnout \u201ena kl\u00ed\u010d\u2018\u2018.<\/p>\n<p><a href=\"https:\/\/zdopravy.cz\/nikdo-nechce-do-vezeni-pribeh-snad-o-klimatizovane-tramvaje-v-praze-ocima-primeho-ucastnika-250200\/\" rel=\"nofollow noopener\" target=\"_blank\">Nikdo nechce do v\u011bzen\u00ed. P\u0159\u00edb\u011bh snah o klimatizovan\u00e9 tramvaje v Praze o\u010dima p\u0159\u00edm\u00e9ho \u00fa\u010dastn\u00edka<\/a><\/p>\n<p>                                                        Tagy<\/p>\n<p>                                                                                                                                                                                                                            <a href=\"https:\/\/zdopravy.cz\/tag\/doklimatizovani-tramvaji\/\" type=\"button\" class=\"btn btn-secondary mb-1 btn-sm\" rel=\"nofollow noopener\" target=\"_blank\"><br \/>\n                                                                doklimatizov\u00e1n\u00ed tramvaj\u00ed                                                            <\/a><br \/>\n                                                                                                                                                                                                                                <a href=\"https:\/\/zdopravy.cz\/tag\/dpp\/\" type=\"button\" class=\"btn btn-secondary mb-1 btn-sm\" rel=\"nofollow noopener\" target=\"_blank\"><br \/>\n                                                                dpp                                                            <\/a><br \/>\n                                                                                                                                                                                                                                <a href=\"https:\/\/zdopravy.cz\/tag\/jaromir-beranek\/\" type=\"button\" class=\"btn btn-secondary mb-1 btn-sm\" rel=\"nofollow noopener\" target=\"_blank\"><br \/>\n                                                                Jarom\u00edr Ber\u00e1nek                                                            <\/a><br \/>\n                                                                                                                                                                                                                                                                                                                                            <a href=\"https:\/\/zdopravy.cz\/tag\/skoda-15t\/\" type=\"button\" class=\"btn btn-secondary mb-1 btn-sm\" rel=\"nofollow noopener\" target=\"_blank\"><br \/>\n                                                                \u0160koda 15T                                                            <\/a><\/p>\n<p>                                                <a href=\"https:\/\/zdopravy.cz\/posun-v-doklimatizovani-tramvaji-15t-komise-vybrala-firmu-smlouva-vsak-podepsana-stale-neni-288456\/?comments=1#comments\" class=\"ml-3 text-body mb-3 mt-4 d-inline-block\" rel=\"nofollow noopener\" target=\"_blank\"><\/p>\n<p>                                                    13 koment\u00e1\u0159\u016f                                                <\/a><\/p>\n","protected":false},"excerpt":{"rendered":"Zak\u00e1zka se t\u00fdk\u00e1 123 tramvaj\u00ed 15T z prvn\u00ed s\u00e9rie bez \u017elut\u00e9 masky vozu. U\u017e v\u00edce ne\u017e rok trvaj\u00edc\u00ed&hellip;\n","protected":false},"author":2,"featured_media":142901,"comment_status":"","ping_status":"","sticky":false,"template":"","format":"standard","meta":{"footnotes":"","_share_on_mastodon":"0"},"categories":[12],"tags":[67,68,36518,1323,3732,119,34423],"class_list":["post-142900","post","type-post","status-publish","format-standard","has-post-thumbnail","category-byznys","tag-business","tag-byznys","tag-doklimatizovani-tramvaji","tag-dpp","tag-jaromir-beranek","tag-seznam","tag-skoda-15t"],"share_on_mastodon":{"url":"https:\/\/pubeurope.com\/@cz\/116889551284187610","error":""},"_links":{"self":[{"href":"https:\/\/www.europesays.com\/cz\/wp-json\/wp\/v2\/posts\/142900","targetHints":{"allow":["GET"]}}],"collection":[{"href":"https:\/\/www.europesays.com\/cz\/wp-json\/wp\/v2\/posts"}],"about":[{"href":"https:\/\/www.europesays.com\/cz\/wp-json\/wp\/v2\/types\/post"}],"author":[{"embeddable":true,"href":"https:\/\/www.europesays.com\/cz\/wp-json\/wp\/v2\/users\/2"}],"replies":[{"embeddable":true,"href":"https:\/\/www.europesays.com\/cz\/wp-json\/wp\/v2\/comments?post=142900"}],"version-history":[{"count":0,"href":"https:\/\/www.europesays.com\/cz\/wp-json\/wp\/v2\/posts\/142900\/revisions"}],"wp:featuredmedia":[{"embeddable":true,"href":"https:\/\/www.europesays.com\/cz\/wp-json\/wp\/v2\/media\/142901"}],"wp:attachment":[{"href":"https:\/\/www.europesays.com\/cz\/wp-json\/wp\/v2\/media?parent=142900"}],"wp:term":[{"taxonomy":"category","embeddable":true,"href":"https:\/\/www.europesays.com\/cz\/wp-json\/wp\/v2\/categories?post=142900"},{"taxonomy":"post_tag","embeddable":true,"href":"https:\/\/www.europesays.com\/cz\/wp-json\/wp\/v2\/tags?post=142900"}],"curies":[{"name":"wp","href":"https:\/\/api.w.org\/{rel}","templated":true}]}}