{"id":143377,"date":"2026-07-09T18:24:11","date_gmt":"2026-07-09T18:24:11","guid":{"rendered":"https:\/\/www.europesays.com\/cz\/143377\/"},"modified":"2026-07-09T18:24:11","modified_gmt":"2026-07-09T18:24:11","slug":"tom-hanks-slavi-70-let-aut-ze-sociku-mel-vic-jeho-prvni-elektromobil-nejspis-ani-neznate","status":"publish","type":"post","link":"https:\/\/www.europesays.com\/cz\/143377\/","title":{"rendered":"Tom Hanks slav\u00ed 70\u00a0let! Aut ze soc\u00edku m\u011bl v\u00edc, jeho prvn\u00ed elektromobil nejsp\u00ed\u0161 ani nezn\u00e1te"},"content":{"rendered":"<p class=\"b_bs\">Dvojn\u00e1sobn\u00fd dr\u017eitel Oscara za hlavn\u00ed role ve filmech Philadelphia a\u00a0Forrest Gump nej\u010dast\u011bji hraje postavy, kter\u00e9 ct\u00ed mor\u00e1ln\u00ed hodnoty, maj\u00ed empatii a\u00a0cit pro spravedlnost. Dok\u00e1\u017ee b\u00fdt zap\u00e1len\u00fdm v\u011bdcem v\u00a0\u0160if\u0159e mistra Leonarda, neoblomn\u00fdm kapit\u00e1nem ve sn\u00edmku\u00a0Zachra\u0148te voj\u00edna Ryana, citliv\u00fdm v\u011bze\u0148sk\u00fdm dozorcem v\u00a0Zelen\u00e9 m\u00edli a\u00a0tak\u00e9 hlasem kovboje Woodyho v\u00a0P\u0159\u00edb\u011bhu hra\u010dek. Publikum ho miluje pro jeho skromnost a\u00a0lidskost. Podobn\u00fd vztah m\u00e1 i\u00a0k aut\u016fm.<\/p>\n<p><a data-dot=\"atm-link\" aria-hidden=\"true\" tabindex=\"-1\" href=\"https:\/\/www.garaz.cz\/clanek\/toyota-land-cruiser-z-garaze-toma-hankse-miri-do-drazby-21006562\" class=\"b_X o_gY\" rel=\"nofollow noopener\" target=\"_blank\"><img fetchpriority=\"high\" height=\"540\"   width=\"960\" src=\"https:\/\/www.europesays.com\/cz\/wp-content\/uploads\/2026\/07\/image-7.jpeg\" loading=\"eager\" decoding=\"sync\" class=\"b_D b_B\"\/><\/a><a data-dot=\"atm-link\" aria-hidden=\"true\" tabindex=\"-1\" href=\"https:\/\/www.garaz.cz\/clanek\/novinky-tom-hanks-prodal-fiat-128-jaky-mel-rad-i-enzo-ferrari-filmovy-vuz-se-prodal-za-doplnime-21008622\" class=\"b_X o_gY\" rel=\"nofollow noopener\" target=\"_blank\"><img height=\"911\"   width=\"1620\" src=\"https:\/\/www.europesays.com\/cz\/wp-content\/uploads\/2026\/07\/1975-fiat-128-tom-hanks-1975-fiat-128-2-door-sedan-cabiglio-garage-bring-a-trailer-1-09232-jpg.webp\" loading=\"eager\" decoding=\"sync\" class=\"b_D b_B\"\/><\/a>Z internetov\u00e9ho vt\u00edpku d\u00e1rek z\u00a0Polska<\/p>\n<p class=\"b_bs\">Nejzn\u00e1m\u011bj\u0161\u00edm autem Toma Hankse se stal <a data-dot=\"atm-link\" target=\"_blank\" href=\"https:\/\/www.garaz.cz\/clanek\/testy-youngtimery-veterany-malicky-fiat-126p-prezdivany-maluch-zname-velmi-dobre-i-z-nasich-silnic-polaci-jej-meli-za-rodinne-auto-21014463\" class=\"b_X\" rel=\"nofollow noopener\">Fiat 126p<\/a>. Do Malucha se zamiloval v\u00a0Ma\u010farsku p\u0159i nat\u00e1\u010den\u00ed filmu Inferno. Tohle aut\u00ed\u010dko ho tehdy tak uchv\u00e1tilo, \u017ee se za\u010dal fotit u\u00a0ka\u017ed\u00e9ho fiatu, kter\u00e9ho na sv\u00fdch cest\u00e1ch potkal. K\u00a0fotce v\u017edy p\u0159idal popisek \u201eMoje nov\u00e9 auto.\u201c Na Instagramu si toho v\u0161imla jeho fanynka a\u00a0uspo\u0159\u00e1dala internetovou sb\u00edrku. Za vybran\u00e9 pen\u00edze Malucha koupili, zrenovovali a\u00a0poslali jej Hanksovi. Ten si v\u0161ak nakonec auto nenechal a\u00a0prodal jej v\u00a0charitativn\u00ed aukci za astronomickou \u010d\u00e1stku 1,7\u00a0milionu korun. <\/p>\n<p><img height=\"413\"   width=\"620\" src=\"https:\/\/www.europesays.com\/cz\/wp-content\/uploads\/2026\/07\/1974-fiat-126-tom-hanks-1974-polski-fiat-126p-cabiglio-garage-bring-a-trailer-3-82716.jpeg\" loading=\"eager\" decoding=\"sync\" class=\"b_D b_B\"\/>Foto: Bring a Trailer<\/p>\n<p class=\"b_bs\">Dal\u0161\u00edm fiatem v\u00a0jeho sb\u00edrce byl <a data-dot=\"atm-link\" target=\"_blank\" href=\"https:\/\/www.garaz.cz\/clanek\/fiat-128-bestsellerem-ze-dne-na-den-1868\" class=\"b_X\" rel=\"nofollow noopener\">model 128<\/a>, kter\u00fd si zahr\u00e1l ve filmu Akta Pentagon: Skryt\u00e1 v\u00e1lka z\u00a0roku 2017.\u00a0Tak\u00e9 ten Hanks vydra\u017eil v\u00a0aukci a\u00a0v p\u0159epo\u010dtu t\u00e9m\u011b\u0159 600\u00a0tis\u00edc korun v\u011bnoval na charitu.<\/p>\n<p><a data-dot=\"atm-link\" aria-hidden=\"true\" tabindex=\"-1\" href=\"https:\/\/www.garaz.cz\/clanek\/zajimavosti-prodej-aut-tom-hanks-prodava-legendarniho-malucha-vytezek-pujde-na-charitu-21007839\" class=\"b_X o_gY\" rel=\"nofollow noopener\" target=\"_blank\"><img height=\"349\"   width=\"620\" src=\"https:\/\/www.europesays.com\/cz\/wp-content\/uploads\/2026\/07\/1783621449_727_1974-fiat-126-tom-hanks-1974-polski-fiat-126p-cabiglio-garage-bring-a-trailer-3-82716.jpeg\" loading=\"eager\" decoding=\"sync\" class=\"b_D b_B\"\/><\/a><a data-dot=\"atm-link\" aria-hidden=\"true\" tabindex=\"-1\" href=\"https:\/\/www.garaz.cz\/clanek\/novinky-tom-hanks-prodal-fiat-128-jaky-mel-rad-i-enzo-ferrari-filmovy-vuz-se-prodal-za-doplnime-21008622\" class=\"b_X o_gY\" rel=\"nofollow noopener\" target=\"_blank\"><img height=\"911\"   width=\"1620\" src=\"https:\/\/www.europesays.com\/cz\/wp-content\/uploads\/2026\/07\/1975-fiat-128-tom-hanks-1975-fiat-128-2-door-sedan-cabiglio-garage-bring-a-trailer-1-09232-jpg.webp\" loading=\"eager\" decoding=\"sync\" class=\"b_D b_B\"\/><\/a>Pr\u016fkopn\u00edk elektromobility<\/p>\n<p class=\"b_bs\">Hanks m\u011bl elektromobil je\u0161t\u011b p\u0159edt\u00edm, ne\u017e se z\u00a0nich stalo m\u00f3dn\u00ed t\u00e9ma a\u00a0povinn\u00e1 v\u00fdbava uv\u011bdom\u011bl\u00fdch celebrit. V\u00a0jeho gar\u00e1\u017ei se objevila <a data-dot=\"atm-link\" target=\"_blank\" href=\"https:\/\/www.garaz.cz\/clanek\/novinky-nova-toyota-rav4-ma-ceske-ceny-zas-o-tolik-nepodrazila-uz-zaklad-potesi-bohatou-vybavou-21015955\" class=\"b_X\" rel=\"nofollow noopener\">Toyota RAV4<\/a>\u00a0EV, nen\u00e1padn\u00e9 elektrick\u00e9 SUV, kter\u00e9 se vyr\u00e1b\u011blo mezi lety 1997\u00a0a\u017e 2002.<\/p>\n<p><img height=\"1236\"   width=\"1853\" src=\"https:\/\/www.europesays.com\/cz\/wp-content\/uploads\/2026\/07\/toyota-rav4-ev.jpeg\" loading=\"eager\" decoding=\"sync\" class=\"b_D b_B\"\/>Foto: Toyota<\/p>\n<p class=\"b_bs\">Toyota RAV4-EV<\/p>\n<p class=\"b_bs\">Pozd\u011bji si po\u0159\u00eddil tak\u00e9 AC Propulsion eBox, tedy elektricky p\u0159estav\u011bn\u00fd Scion xB. Hranat\u00e1 krabice byla sp\u00ed\u0161 technickou kuriozitou pro lidi, kte\u0159\u00ed v\u011b\u0159ili, \u017ee elektromobilita m\u00e1 budoucnost. V\u00a0roce 2007\u00a0se stal v\u016fbec prvn\u00edm, kdo si eBox koupil. Do t\u00e9to kapitoly pozd\u011bji zapadla i\u00a0<a data-dot=\"atm-link\" target=\"_blank\" href=\"https:\/\/www.garaz.cz\/clanek\/testy-nova-auta-tesla-model-s-plaid-je-bijec-italskych-supersportu-jeho-zrychleni-nepochopite-pro-rizeni-mejte-radeji-pilotni-prukaz-21013305\" class=\"b_X\" rel=\"nofollow noopener\">Tesla Model S<\/a>\u00a0P85D, v\u00a0roce 2015\u00a0jeden z\u00a0nejrychlej\u0161\u00edch a\u00a0nejpokro\u010dilej\u0161\u00edch elektromobil\u016f na trhu.<\/p>\n<p>Airstream jako domov na place<\/p>\n<p class=\"b_bs\">Je\u0161t\u011b slavn\u011bj\u0161\u00ed ne\u017e n\u011bkter\u00e1 jeho auta byl obytn\u00fd p\u0159\u00edv\u011bs <a data-dot=\"atm-link\" target=\"_blank\" href=\"https:\/\/www.garaz.cz\/clanek\/airstream-legendarni-americke-aerodynamicke-obytnaky-21006215\" class=\"b_X\" rel=\"nofollow noopener\">Airstream<\/a>. Hanks si ho po\u0159\u00eddil v\u00a0roce 1993\u00a0a\u00a0nechal si ho upravit p\u0159esn\u011b podle sv\u00fdch p\u0159edstav. Nebyl to nabl\u00fdskan\u00fd luxusn\u00ed autobus ve stylu rockov\u00fdch hv\u011bzd, ale \u00fatuln\u00e9 z\u00e1zem\u00ed, kter\u00e9 s\u00a0n\u00edm cestovalo po filmov\u00fdch nat\u00e1\u010den\u00edch. Slou\u017eil mu jako \u00fato\u010di\u0161t\u011b mezi sc\u00e9nami i\u00a0m\u00edsto, kde mohl m\u00edt klid od ruchu \u0161t\u00e1bu. Airstream s\u00a0Hanksem za\u017eil des\u00edtky filmov\u00fdch \u0161tac\u00ed a\u00a0stal se tich\u00fdm sv\u011bdkem jeho nejv\u011bt\u0161\u00edch kari\u00e9rn\u00edch let. K\u00a0ta\u017een\u00ed p\u0159\u00edv\u011bsu pou\u017e\u00edval i\u00a0mohutn\u00fd pick-up <a data-dot=\"atm-link\" target=\"_blank\" href=\"https:\/\/www.garaz.cz\/clanek\/evropske-pick-upy-maji-ve-srovnani-s-americkymi-co-dohanet-21000432\" class=\"b_X\" rel=\"nofollow noopener\">Ford F-450<\/a>\u00a0Super Duty.<\/p>\n<p><img height=\"1080\"   width=\"1920\" src=\"https:\/\/www.europesays.com\/cz\/wp-content\/uploads\/2026\/07\/tom-hanks-airstream-trailer-exterior-view.jpeg\" loading=\"eager\" decoding=\"sync\" class=\"b_D b_B\"\/>Foto: Bonhams<\/p>\n<p class=\"b_bs\">Airstream Toma Hankse, s\u00a0n\u00edm\u017e za\u017eil nat\u00e1\u010den\u00ed sv\u00fdch nejlep\u0161\u00edch film\u016f.<\/p>\n<p><a data-dot=\"atm-link\" aria-hidden=\"true\" tabindex=\"-1\" href=\"https:\/\/www.garaz.cz\/clanek\/tom-hanks-prodava-svuj-karavan-airstream-21006544\" class=\"b_X o_gY\" rel=\"nofollow noopener\" target=\"_blank\"><img height=\"1080\"   width=\"1920\" src=\"https:\/\/www.europesays.com\/cz\/wp-content\/uploads\/2026\/07\/tom-hanks-airstream-trailer-exterior-view.jpeg\" loading=\"eager\" decoding=\"sync\" class=\"b_D b_B\"\/><\/a>Dobrodruh s\u00a0Land Cruiserem<\/p>\n<p class=\"b_bs\">Vedle elektromobil\u016f a\u00a0obytn\u00e9ho z\u00e1zem\u00ed se v\u00a0jeho sb\u00edrce objevila tak\u00e9 <a data-dot=\"atm-link\" target=\"_blank\" href=\"https:\/\/www.garaz.cz\/clanek\/legendarni-land-cruiser-slavi-10-milionu-prodanych-kusu-21002616\" class=\"b_X\" rel=\"nofollow noopener\">Toyota Land Cruiser FJ40<\/a>\u00a0z\u00a0roku 1980.\u00a0Ikonick\u00fd ter\u00e9nn\u00ed v\u016fz s\u00a0jednoduchou technikou, poctivou konstrukc\u00ed a\u00a0pov\u011bst\u00ed auta, kter\u00e9 se nezalekne \u0161patn\u00e9 cesty. I\u00a0tady je vid\u011bt, \u017ee Hanksova auta nejsou prim\u00e1rn\u011b o\u00a0ok\u00e1zalosti.<\/p>\n<p><img height=\"1440\"   width=\"960\" src=\"https:\/\/www.europesays.com\/cz\/wp-content\/uploads\/2026\/07\/1783621451_634_image.jpeg\" loading=\"eager\" decoding=\"sync\" class=\"b_D b_B\"\/>Foto: Bonhams<\/p>\n<p class=\"b_bs\">Toyota Land Cruiser (1980) z\u00a0osobn\u00ed gar\u00e1\u017ee Toma Hankse.<\/p>\n<p class=\"b_bs\">P\u0159ejeme Tomu Hanksovi je\u0161t\u011b po\u0159\u00e1dnou d\u00e1vku skv\u011bl\u00fdch film\u016f a\u00a0tis\u00edce kilometr\u016f.<\/p>\n","protected":false},"excerpt":{"rendered":"Dvojn\u00e1sobn\u00fd dr\u017eitel Oscara za hlavn\u00ed role ve filmech Philadelphia a\u00a0Forrest Gump nej\u010dast\u011bji hraje postavy, kter\u00e9 ct\u00ed mor\u00e1ln\u00ed hodnoty,&hellip;\n","protected":false},"author":2,"featured_media":143378,"comment_status":"","ping_status":"","sticky":false,"template":"","format":"standard","meta":{"footnotes":"","_share_on_mastodon":"0"},"categories":[14],"tags":[37515,79,37512,37513,37514,1057,12454,7906,80],"class_list":["post-143377","post","type-post","status-publish","format-standard","has-post-thumbnail","category-zabava","tag-airstream","tag-entertainment","tag-fiat-126p","tag-fiat-128","tag-tesla-model-s","tag-tom-hanks","tag-toyota-land-cruiser","tag-toyota-rav4","tag-zabava"],"share_on_mastodon":{"url":"https:\/\/pubeurope.com\/@cz\/116891423085328029","error":""},"_links":{"self":[{"href":"https:\/\/www.europesays.com\/cz\/wp-json\/wp\/v2\/posts\/143377","targetHints":{"allow":["GET"]}}],"collection":[{"href":"https:\/\/www.europesays.com\/cz\/wp-json\/wp\/v2\/posts"}],"about":[{"href":"https:\/\/www.europesays.com\/cz\/wp-json\/wp\/v2\/types\/post"}],"author":[{"embeddable":true,"href":"https:\/\/www.europesays.com\/cz\/wp-json\/wp\/v2\/users\/2"}],"replies":[{"embeddable":true,"href":"https:\/\/www.europesays.com\/cz\/wp-json\/wp\/v2\/comments?post=143377"}],"version-history":[{"count":0,"href":"https:\/\/www.europesays.com\/cz\/wp-json\/wp\/v2\/posts\/143377\/revisions"}],"wp:featuredmedia":[{"embeddable":true,"href":"https:\/\/www.europesays.com\/cz\/wp-json\/wp\/v2\/media\/143378"}],"wp:attachment":[{"href":"https:\/\/www.europesays.com\/cz\/wp-json\/wp\/v2\/media?parent=143377"}],"wp:term":[{"taxonomy":"category","embeddable":true,"href":"https:\/\/www.europesays.com\/cz\/wp-json\/wp\/v2\/categories?post=143377"},{"taxonomy":"post_tag","embeddable":true,"href":"https:\/\/www.europesays.com\/cz\/wp-json\/wp\/v2\/tags?post=143377"}],"curies":[{"name":"wp","href":"https:\/\/api.w.org\/{rel}","templated":true}]}}