{"id":144064,"date":"2026-07-10T12:58:18","date_gmt":"2026-07-10T12:58:18","guid":{"rendered":"https:\/\/www.europesays.com\/cz\/144064\/"},"modified":"2026-07-10T12:58:18","modified_gmt":"2026-07-10T12:58:18","slug":"sigma-ladi-detaily-na-ligu-utocnik-trci-v-africe-tkac-hlasi-navrat-kdo-miri-pryc-idnes-cz","status":"publish","type":"post","link":"https:\/\/www.europesays.com\/cz\/144064\/","title":{"rendered":"Sigma lad\u00ed detaily na ligu, \u00fato\u010dn\u00edk tr\u010d\u00ed v Africe. Tk\u00e1\u010d hl\u00e1s\u00ed n\u00e1vrat, kdo m\u00ed\u0159\u00ed pry\u010d? &#8211; iDNES.cz"},"content":{"rendered":"<p><a href=\"https:\/\/news.google.com\/rss\/articles\/CBMirwFBVV95cUxNOHhJbEMwT3l3YVdDWjJOYVBsNm45cWRBaDNwTVNOdWV5WGZGeGl5NUpmQ0pVSFhBUlhfMzVWclp2blQ0Y0dOYWE5UWxqeXpjS2NXMmVKTFhCMUc3dk1EUjJKWjdoYmpHdDVLVmtobTlWUGNBSmhiNl9Na1VuSWpIS0hVMjhndEF6OG1lOExyR255Vk5vak5sNl9MRml4SW1jWHhobWxGb0ZtTXR5NjMw?oc=5\" target=\"_blank\" rel=\"nofollow noopener\">Sigma lad\u00ed detaily na ligu, \u00fato\u010dn\u00edk tr\u010d\u00ed v Africe. Tk\u00e1\u010d hl\u00e1s\u00ed n\u00e1vrat, kdo m\u00ed\u0159\u00ed pry\u010d?<\/a>&nbsp;&nbsp;iDNES.cz<a href=\"https:\/\/news.google.com\/rss\/articles\/CBMitAFBVV95cUxOaW5CeTJJdmU4MUZJZ2RoSElLOGQwWEJ5SUM0VTlrdUNFY2JFYVR5eXlCLWprOXg0b3I0VHFnejY1OHR3MU8ybFJSX3FzdTdSbFhCbjVneVhBT1NjWXVpdmlobDc4MnNJdFZFN1pJZU5jd0tNUWNRN05YNndlTGRuQjBXc0U5OFBzV3lXb1F2ZGhnT01JdEJMbmlFLXBzZnd2MV8zTzhXNEF2QXNKcHBRUHpoNlo?oc=5\" target=\"_blank\" rel=\"nofollow noopener\">Sigma lad\u00ed odchod Stoppena. Na soust\u0159ed\u011bn\u00ed chyb\u00ed Dembe, Elbel \u010di J\u00e1sir<\/a>&nbsp;&nbsp;Olomouck\u00fd den\u00edk<a href=\"https:\/\/news.google.com\/rss\/articles\/CBMiigFBVV95cUxQRWZTUlotd0c5enJJSy0wanJMb1FUWnBSNGZqOGZvWXFEaHltX0thTXRHOGdaRUJwdGdPQlZTa2VmSk1GeTI0V2pjT2JDSlRzY1B3WjZjbFpNNFhJRmlWV1ZjTkNmdFRLdFEtYW8wUjRpZmIyUWwwOTNtM0k2dlVteFJhNzRucjlXWnc?oc=5\" target=\"_blank\" rel=\"nofollow noopener\">Sigma je cizin\u011b, soust\u0159ed\u00ed se v Rakousku<\/a>&nbsp;&nbsp;Olomouc.cz<a href=\"https:\/\/news.google.com\/rss\/articles\/CBMirgFBVV95cUxNdFZPNjlvbTBrWXZkZEsyM2s4X2psTGlzX0JEUUpTdDZVS2Y0SGFhVDhneHFIRkl6WWtzd0gwWHVyRkhodnNmR2VpQ2FZaGJYRi1EcXI2T1liZlJoNTJyUVBkOHNWRU5pU0kxQ3A4V0ZBUUdoQkR4cHZTUFpZM3dpMDlTQXY2bXZlR1JjU3dKYkNRSUpia1gxNXFsSHNpRFZXR2xZZGs4Nld3N0xrTlE?oc=5\" target=\"_blank\" rel=\"nofollow noopener\">Sigma vyr\u00e1\u017e\u00ed na soust\u0159ed\u011bn\u00ed i se dv\u011bma marody. Hapal potvrdil, \u017ee Stoppen \u0159e\u0161\u00ed nov\u00e9 anga\u017em\u00e1<\/a>&nbsp;&nbsp;inFOTBAL<a href=\"https:\/\/news.google.com\/rss\/articles\/CBMiwAFBVV95cUxOXzJaWWloYjlyT1MzRnZZdWxSYU82Y09uWEtYc2NyYTRGaHZuT2ZuV2kzcnJuMnV4OUM4NHBBUnhFT19KalFPWkUyZV9heDI5NG5IUUJEYVkzNExsV1RndGpKS1RuZW1id3JNVzVSeFViTFJIeFZGcXVCSDVJckkxZkMzWldxSW41cm52UDJzQzVzZ1RCVWtHWVkzTHAybzk4SjQ4eURiQnJUY3d2ZFlCZ0V1N0k1QU9xVDBub1Q4RlE?oc=5\" target=\"_blank\" rel=\"nofollow noopener\">Olomouc vyrazila za p\u0159\u00edpravou do Rakouska bez brank\u00e1\u0159e Stoppena, \u0159e\u0161\u00ed jin\u00e9 anga\u017em\u00e1<\/a>&nbsp;&nbsp;Livesport<\/p>\n","protected":false},"excerpt":{"rendered":"Sigma lad\u00ed detaily na ligu, \u00fato\u010dn\u00edk tr\u010d\u00ed v Africe. Tk\u00e1\u010d hl\u00e1s\u00ed n\u00e1vrat, kdo m\u00ed\u0159\u00ed pry\u010d?&nbsp;&nbsp;iDNES.czSigma lad\u00ed odchod Stoppena.&hellip;\n","protected":false},"author":2,"featured_media":144065,"comment_status":"","ping_status":"","sticky":false,"template":"","format":"standard","meta":{"footnotes":"","_share_on_mastodon":"0"},"categories":[15],"tags":[395,19331,2844,94,93],"class_list":["post-144064","post","type-post","status-publish","format-standard","has-post-thumbnail","category-sport","tag-olomoucky-kraj","tag-pavel-hapal","tag-sigma-olomouc","tag-sport","tag-sports"],"share_on_mastodon":{"url":"https:\/\/pubeurope.com\/@cz\/116895803420276624","error":""},"_links":{"self":[{"href":"https:\/\/www.europesays.com\/cz\/wp-json\/wp\/v2\/posts\/144064","targetHints":{"allow":["GET"]}}],"collection":[{"href":"https:\/\/www.europesays.com\/cz\/wp-json\/wp\/v2\/posts"}],"about":[{"href":"https:\/\/www.europesays.com\/cz\/wp-json\/wp\/v2\/types\/post"}],"author":[{"embeddable":true,"href":"https:\/\/www.europesays.com\/cz\/wp-json\/wp\/v2\/users\/2"}],"replies":[{"embeddable":true,"href":"https:\/\/www.europesays.com\/cz\/wp-json\/wp\/v2\/comments?post=144064"}],"version-history":[{"count":0,"href":"https:\/\/www.europesays.com\/cz\/wp-json\/wp\/v2\/posts\/144064\/revisions"}],"wp:featuredmedia":[{"embeddable":true,"href":"https:\/\/www.europesays.com\/cz\/wp-json\/wp\/v2\/media\/144065"}],"wp:attachment":[{"href":"https:\/\/www.europesays.com\/cz\/wp-json\/wp\/v2\/media?parent=144064"}],"wp:term":[{"taxonomy":"category","embeddable":true,"href":"https:\/\/www.europesays.com\/cz\/wp-json\/wp\/v2\/categories?post=144064"},{"taxonomy":"post_tag","embeddable":true,"href":"https:\/\/www.europesays.com\/cz\/wp-json\/wp\/v2\/tags?post=144064"}],"curies":[{"name":"wp","href":"https:\/\/api.w.org\/{rel}","templated":true}]}}