{"id":144367,"date":"2026-07-10T17:56:12","date_gmt":"2026-07-10T17:56:12","guid":{"rendered":"https:\/\/www.europesays.com\/cz\/144367\/"},"modified":"2026-07-10T17:56:12","modified_gmt":"2026-07-10T17:56:12","slug":"na-iran-zrejme-neutoci-jen-usa","status":"publish","type":"post","link":"https:\/\/www.europesays.com\/cz\/144367\/","title":{"rendered":"Na \u00cdr\u00e1n z\u0159ejm\u011b ne\u00fato\u010d\u00ed jen USA"},"content":{"rendered":"<p class=\"c_bB\">\u00dadery nezn\u00e1m\u00e9ho p\u016fvodu jih \u00cdr\u00e1nu zas\u00e1hly p\u0159ed poh\u0159bem b\u00fdval\u00e9ho \u00edr\u00e1nsk\u00e9ho nejvy\u0161\u0161\u00edho v\u016fdce Al\u00edho Ch\u00e1mene\u00edho, kter\u00fd zem\u0159el p\u0159i americk\u00e9m \u00fatoku hned v\u00a0prvn\u00ed den konfliktu. <\/p>\n<p class=\"c_bB\">Teher\u00e1n na americko-izraelsk\u00e9 \u00fadery, kter\u00e9 za\u010daly na konci \u00fanora, tehdy odpov\u011bd\u011bl \u00fatoky na americk\u00e9 spojence v\u00a0oblasti a\u00a0uzav\u0159en\u00edm Hormuzsk\u00e9ho pr\u016flivu, p\u0159ipom\u00edn\u00e1 agentura <a data-dot=\"atm-link\" target=\"_blank\" rel=\"noopener nofollow\" href=\"https:\/\/apnews.com\/article\/iran-us-israel-war-hormuz-july-10-2026-4bf4fdd1f4d782ff08f60d152909faee\" class=\"c_N\">AP<\/a>.<\/p>\n<p class=\"c_bB\">Kdy\u017e se tento t\u00fdden rozpadlo k\u0159ehk\u00e9 p\u0159\u00edm\u011b\u0159\u00ed mezi USA a\u00a0\u00cdr\u00e1nem, Teher\u00e1n op\u011bt na americk\u00e9 \u00fatoky zareagoval \u00fadery na americk\u00e9 z\u00e1kladny v\u00a0Bahrajnu, Kuvajtu, Kataru a\u00a0Jord\u00e1nsku. Kuvajtsk\u00e9 \u00fa\u0159ady v\u00a0sou\u010dasnosti eviduj\u00ed jednoho zran\u011bn\u00e9ho.<\/p>\n<p><a data-dot=\"atm-link\" target=\"_self\" href=\"https:\/\/www.novinky.cz\/clanek\/zahranicni-amerika-usa-souhlasily-s-mirovymi-rozhovory-s-iranem-uvedl-trump-40587630\" class=\"c_N\" rel=\"nofollow noopener\"><img fetchpriority=\"high\" height=\"2304\" width=\"4096\" src=\"https:\/\/www.europesays.com\/cz\/wp-content\/uploads\/2026\/07\/1783706171_135_donald-trump-usa-nato.jpeg\" loading=\"eager\" decoding=\"sync\" class=\"c_t c_r\"\/><\/a><\/p>\n<p class=\"c_bB\">B\u011bhem prvn\u00edch m\u011bs\u00edc\u016f boj\u016f \u00cdr\u00e1n rovn\u011b\u017e \u010delil \u00fatok\u016fm, ke kter\u00fdm se nikdo form\u00e1ln\u011b nep\u0159ihl\u00e1sil. Z\u00e1kulisn\u00ed zdroje pozd\u011bji potvrdily, \u017ee na \u00cdr\u00e1n konkr\u00e9tn\u011b ude\u0159ily i\u00a0Spojen\u00e9 arabsk\u00e9 emir\u00e1ty a\u00a0Sa\u00fadsk\u00e1 Ar\u00e1bie. Z\u00a0jejich strany se jednalo o\u00a0odpov\u011b\u010f na \u00edr\u00e1nsk\u00e9 \u00fatoky na jejich energetickou infrastrukturu.<\/p>\n<p class=\"c_bB\">P\u0159edpokl\u00e1d\u00e1 se proto, \u017ee za \u010dtvrte\u010dn\u00edmi \u00fadery nejsp\u00ed\u0161 stoj\u00ed jedna z\u00a0t\u011bchto dvou zem\u00ed. V\u00a0potaz m\u016f\u017ee p\u0159ipadat je\u0161t\u011b Izrael, kter\u00fd na \u00cdr\u00e1n naposledy ude\u0159il v\u00a0\u010dervnu, ale ten ve\u0161ker\u00e9 \u00fatoky proti isl\u00e1msk\u00e9mu re\u017eimu b\u011b\u017en\u011b hl\u00e1s\u00ed.<\/p>\n<p><a data-dot=\"atm-link\" target=\"_self\" href=\"https:\/\/www.novinky.cz\/clanek\/zahranicni-iran-odpaluje-na-americke-zakladny-rakety-s-napsanym-vzkazem-40587525\" class=\"c_N\" rel=\"nofollow noopener\"><img height=\"1080\" width=\"1920\" src=\"https:\/\/www.europesays.com\/cz\/wp-content\/uploads\/2026\/07\/1783698971_495_iran-usa-raketa-vzkaz-chamenei.jpeg\" loading=\"eager\" decoding=\"sync\" class=\"c_t c_r\"\/><\/a><\/p>\n","protected":false},"excerpt":{"rendered":"\u00dadery nezn\u00e1m\u00e9ho p\u016fvodu jih \u00cdr\u00e1nu zas\u00e1hly p\u0159ed poh\u0159bem b\u00fdval\u00e9ho \u00edr\u00e1nsk\u00e9ho nejvy\u0161\u0161\u00edho v\u016fdce Al\u00edho Ch\u00e1mene\u00edho, kter\u00fd zem\u0159el p\u0159i americk\u00e9m&hellip;\n","protected":false},"author":2,"featured_media":144368,"comment_status":"","ping_status":"","sticky":false,"template":"","format":"standard","meta":{"footnotes":"","_share_on_mastodon":"0"},"categories":[10],"tags":[7480,17,21,6387,808,1305,6527,7825,7301,16,3338,6610,6627,18,19,22,113,20],"class_list":["post-144367","post","type-post","status-publish","format-standard","has-post-thumbnail","category-zpravy","tag-bahrajn","tag-headlines","tag-hlavni-udalosti","tag-hormuzsky-pruliv","tag-iran","tag-jordansko","tag-katar","tag-konflikt-usa-izrael-iran","tag-kuvajt","tag-news","tag-sajjid-ali-chamenei","tag-saudska-arabie","tag-spojene-arabske-emiraty-sae","tag-top-news","tag-top-stories","tag-udalosti-dne","tag-usa","tag-zpravy"],"share_on_mastodon":{"url":"https:\/\/pubeurope.com\/@cz\/116896975140356641","error":""},"_links":{"self":[{"href":"https:\/\/www.europesays.com\/cz\/wp-json\/wp\/v2\/posts\/144367","targetHints":{"allow":["GET"]}}],"collection":[{"href":"https:\/\/www.europesays.com\/cz\/wp-json\/wp\/v2\/posts"}],"about":[{"href":"https:\/\/www.europesays.com\/cz\/wp-json\/wp\/v2\/types\/post"}],"author":[{"embeddable":true,"href":"https:\/\/www.europesays.com\/cz\/wp-json\/wp\/v2\/users\/2"}],"replies":[{"embeddable":true,"href":"https:\/\/www.europesays.com\/cz\/wp-json\/wp\/v2\/comments?post=144367"}],"version-history":[{"count":0,"href":"https:\/\/www.europesays.com\/cz\/wp-json\/wp\/v2\/posts\/144367\/revisions"}],"wp:featuredmedia":[{"embeddable":true,"href":"https:\/\/www.europesays.com\/cz\/wp-json\/wp\/v2\/media\/144368"}],"wp:attachment":[{"href":"https:\/\/www.europesays.com\/cz\/wp-json\/wp\/v2\/media?parent=144367"}],"wp:term":[{"taxonomy":"category","embeddable":true,"href":"https:\/\/www.europesays.com\/cz\/wp-json\/wp\/v2\/categories?post=144367"},{"taxonomy":"post_tag","embeddable":true,"href":"https:\/\/www.europesays.com\/cz\/wp-json\/wp\/v2\/tags?post=144367"}],"curies":[{"name":"wp","href":"https:\/\/api.w.org\/{rel}","templated":true}]}}