{"id":144517,"date":"2026-07-10T21:16:13","date_gmt":"2026-07-10T21:16:13","guid":{"rendered":"https:\/\/www.europesays.com\/cz\/144517\/"},"modified":"2026-07-10T21:16:13","modified_gmt":"2026-07-10T21:16:13","slug":"ridic-kamionu-ujel-za-pet-dni-6900-kilometru","status":"publish","type":"post","link":"https:\/\/www.europesays.com\/cz\/144517\/","title":{"rendered":"\u0158idi\u010d kamionu ujel za p\u011bt dn\u00ed 6900\u00a0kilometr\u016f"},"content":{"rendered":"<p class=\"c_bB\">V p\u00e1tek od r\u00e1na za\u010daly hl\u00eddky policist\u016f a\u00a0inspektor\u016f kontrolovat kamiony na za\u010d\u00e1tku d\u00e1lnice D8\u00a0sm\u011b\u0159uj\u00edc\u00ed z\u00a0Prahy na \u00dast\u00ed nad Labem. <\/p>\n<p class=\"c_bB\">\u201eJe tady \u00fasek z\u00e1kazu p\u0159edj\u00ed\u017ed\u011bn\u00ed kamion\u016f, co\u017e je jedna z\u00a0v\u011bc\u00ed, na kter\u00e9 se chceme soust\u0159edit. Je tady velmi intenzivn\u00ed provoz a\u00a0kdy\u017e se tu n\u00e1kladn\u00ed auta p\u0159edj\u00ed\u017ed\u011bj\u00ed, m\u016f\u017ee to skon\u010dit nehodou,\u201c \u0159ekl Novink\u00e1m \u0159editel dopravn\u00ed policie Michal Hodbo\u010f.<\/p>\n<p class=\"c_bB\">\u201eKontrolujeme v\u0161e, co m\u00e1 p\u0159\u00edm\u00fd vliv na bezpe\u010dnost provozu, nap\u0159\u00edklad, zda \u0159idi\u010d nedr\u017e\u00ed v\u00a0ruce telefon, nep\u0159ekro\u010dil rychlost, nen\u00ed ovlivn\u011bn alkoholem a\u00a0tak\u00e9, zda dodr\u017euje bezpe\u010dnostn\u00ed p\u0159est\u00e1vky,\u201c doplnil Michal Hodbo\u010f.<\/p>\n<p><a data-dot=\"atm-link\" target=\"_self\" href=\"https:\/\/www.novinky.cz\/clanek\/krimi-nevenoval-se-rizeni-a-kamionem-v-mohelnici-valcoval-co-mohl-skoda-je-jeden-a-ctvrt-milionu-40586030\" class=\"c_N\" rel=\"nofollow noopener\"><img fetchpriority=\"high\" height=\"531\" width=\"945\" src=\"https:\/\/www.europesays.com\/cz\/wp-content\/uploads\/2026\/07\/havarovany-kamion.jpeg\" loading=\"eager\" decoding=\"sync\" class=\"c_t c_r\"\/><\/a><\/p>\n<p class=\"c_bB\">D\u00edky spolupr\u00e1ci s\u00a0Inspekc\u00ed silni\u010dn\u00ed dopravy je stanovi\u0161t\u011b dopln\u011bn\u00e9 o\u00a0mobiln\u00ed stanici technick\u00e9 kontroly a\u00a0tak\u00e9 o\u00a0mobiln\u00ed v\u00e1hy, a\u00a0snadno lze zjistit, jestli n\u00e1kladn\u00ed souprava nen\u00ed p\u0159et\u00ed\u017een\u00e1. <\/p>\n<p class=\"c_bB\">\u201eNen\u00ed to jen o\u00a0tom, \u017ee v\u00edc ni\u010d\u00ed silnice, ale samoz\u0159ejm\u011b tak\u00e9 v\u00fdrazn\u011b h\u016f\u0159 brzd\u00ed,\u201c upozornil ministr dopravy Ivan Bedn\u00e1rik (za SPD), podle n\u011bho\u017e se vypl\u00e1c\u00ed z\u0159\u00edzen\u00ed Inspekce silni\u010dn\u00ed dopravy.<\/p>\n<p class=\"c_bB\">Inspekce byla z\u0159\u00edzena p\u0159ed rokem. Podle \u0159editele kontroln\u00ed sekce inspekce dopravy Pavla Bergmana je p\u0159et\u00ed\u017een\u00ed jedn\u00edm z\u00a0nej\u010dast\u011bj\u0161\u00edch proh\u0159e\u0161k\u016f. \u201eM\u00e1me tady dopravce, kter\u00fd za posledn\u00ed t\u0159i m\u011bs\u00edce skon\u010dil v\u00a0na\u0161\u00ed\u00a0s\u00edti sedmkr\u00e1t a\u00a0je nepou\u010diteln\u00fd. Nejmen\u0161\u00ed p\u0159et\u00ed\u017een\u00ed bylo 7,5\u00a0tuny a\u00a0nejv\u011bt\u0161\u00ed 22\u00a0tun,\u201c zm\u00ednil inspektor.<\/p>\n<p><a data-dot=\"atm-link\" target=\"_self\" href=\"https:\/\/www.novinky.cz\/clanek\/krimi-tohle-vam-vyrve-volant-z-ruky-rika-expert-k-tragicke-nehode-pretizeneho-kamionu-u-ostravy-40553215\" class=\"c_N\" rel=\"nofollow noopener\"><img height=\"900\" width=\"1600\" src=\"https:\/\/www.europesays.com\/cz\/wp-content\/uploads\/2026\/06\/nehoda-d56.jpeg\" loading=\"eager\" decoding=\"sync\" class=\"c_t c_r\"\/><\/a><\/p>\n<p class=\"c_bB\">Tuzemsk\u00e9mu i\u00a0zahrani\u010dn\u00edmu dopravci mohou inspekto\u0159i zabavit auto, nebo po\u017eaduj\u00ed kauci ve v\u00fd\u0161i 200\u00a0tis\u00edc korun. Za b\u011b\u017en\u011bj\u0161\u00ed p\u0159estupky ud\u011bluj\u00ed n\u011bkolikatis\u00edcov\u00e9 pokuty. Podle inspekce je p\u0159et\u00ed\u017een\u00fdch 60\u00a0procent kontrolovan\u00fdch aut.<\/p>\n<p class=\"c_bB\">Opakuj\u00ed se ov\u0161em i\u00a0jin\u00e9 p\u0159estupky. \u201e\u0158idi\u010di si \u010dasto zkracuj\u00ed povinn\u00e9 bezpe\u010dnostn\u00ed p\u0159est\u00e1vky a\u00a0dobu odpo\u010dinku. \u010casto objevujeme i\u00a0podvody s\u00a0tachografy, ned\u00e1vno jsme kontrolovali \u0159idi\u010de, kter\u00fd pou\u017e\u00edval t\u0159i karty \u0159idi\u010de, z\u00a0toho byly dv\u011b neplatn\u00e9,\u201c jmenoval Bergman podvody, jejich\u017e c\u00edlem je ujet na jeden z\u00e1tah co nejdel\u0161\u00ed trasu a\u00a0neztr\u00e1cet \u010das p\u0159est\u00e1vkami.<\/p>\n<p class=\"c_bB\">Podle ministra dopravy Ivana Bedn\u00e1rika (za SPD) za prvn\u00ed rok fungov\u00e1n\u00ed vybrala inspekce na pokut\u00e1ch zhruba 70\u00a0milion\u016f korun. \u201eKa\u017ed\u00fd p\u00e1t\u00fd kontrolovan\u00fd profesion\u00e1ln\u00ed \u0159idi\u010d prokazateln\u011b poru\u0161uje pravidla. \u010ce\u0161t\u00ed i\u00a0zahrani\u010dn\u00ed \u0159idi\u010di jsou na stejno, v\u00fdsledky maj\u00ed stejn\u00e9,\u201c dodal Bedn\u00e1rik. <\/p>\n<p class=\"c_bB\">\u201eInspekce p\u0159i\u0161la na borce, kter\u00fd ujel za p\u011bt dn\u00ed 6900\u00a0kilometr\u016f, ten \u010dlov\u011bk \u00famysln\u011b poru\u0161il v\u0161echna mo\u017en\u00e1 pravidla,\u201c zm\u00ednil ministr jeden z\u00a0nejnebezpe\u010dn\u011bj\u0161\u00edch p\u0159estupk\u016f.<\/p>\n<p class=\"c_bB\">Pokud \u0159idi\u010d usne za volantem nebo se nev\u011bnuje \u0159\u00edzen\u00ed, b\u00fdvaj\u00ed n\u00e1sledky fat\u00e1ln\u00ed. \u201eVelmi \u010dasto se to d\u011bje pr\u00e1v\u011b na d\u00e1lnic\u00edch, \u010dasto \u0159e\u0161\u00edme situace, kdy \u0159idi\u010d kamionu doj\u00ed\u017ed\u011bl ke kolon\u011b a\u00a0v\u016fbec nebrzdil, nenajdeme \u017e\u00e1dnou brzdnou stopu,\u201c potvrzoval Michal Hodbo\u010f.<\/p>\n<p><a data-dot=\"atm-link\" target=\"_self\" href=\"https:\/\/www.novinky.cz\/clanek\/krimi-pokuty-mu-nevadi-kamiony-polskeho-dopravce-jezdi-pretizene-ceskem-dal-40581989\" class=\"c_N\" rel=\"nofollow noopener\"><img height=\"528\" width=\"940\" src=\"https:\/\/www.europesays.com\/cz\/wp-content\/uploads\/2026\/06\/1782358215_205_inspekce-silnicni-dopravy-policie-polsko-pretizene-kamiony-pokuty-moravskoslezsky-kraj-dalnice-d1.jp.jpeg\" loading=\"eager\" decoding=\"sync\" class=\"c_t c_r\"\/><\/a><\/p>\n","protected":false},"excerpt":{"rendered":"V p\u00e1tek od r\u00e1na za\u010daly hl\u00eddky policist\u016f a\u00a0inspektor\u016f kontrolovat kamiony na za\u010d\u00e1tku d\u00e1lnice D8\u00a0sm\u011b\u0159uj\u00edc\u00ed z\u00a0Prahy na \u00dast\u00ed nad&hellip;\n","protected":false},"author":2,"featured_media":144518,"comment_status":"","ping_status":"","sticky":false,"template":"","format":"standard","meta":{"footnotes":"","_share_on_mastodon":"0"},"categories":[7],"tags":[43,42,41,40,514,11296,751,2102,2058,325,13163],"class_list":["post-144517","post","type-post","status-publish","format-standard","has-post-thumbnail","category-cesko","tag-ceska-republika","tag-cesko","tag-czech-republic","tag-czechia","tag-doprava","tag-inspekce-silnicni-dopravy-insid","tag-kamiony","tag-kontroly","tag-pokuta","tag-policie","tag-ridici-kamionu"],"share_on_mastodon":{"url":"https:\/\/pubeurope.com\/@cz\/116897762058568617","error":""},"_links":{"self":[{"href":"https:\/\/www.europesays.com\/cz\/wp-json\/wp\/v2\/posts\/144517","targetHints":{"allow":["GET"]}}],"collection":[{"href":"https:\/\/www.europesays.com\/cz\/wp-json\/wp\/v2\/posts"}],"about":[{"href":"https:\/\/www.europesays.com\/cz\/wp-json\/wp\/v2\/types\/post"}],"author":[{"embeddable":true,"href":"https:\/\/www.europesays.com\/cz\/wp-json\/wp\/v2\/users\/2"}],"replies":[{"embeddable":true,"href":"https:\/\/www.europesays.com\/cz\/wp-json\/wp\/v2\/comments?post=144517"}],"version-history":[{"count":0,"href":"https:\/\/www.europesays.com\/cz\/wp-json\/wp\/v2\/posts\/144517\/revisions"}],"wp:featuredmedia":[{"embeddable":true,"href":"https:\/\/www.europesays.com\/cz\/wp-json\/wp\/v2\/media\/144518"}],"wp:attachment":[{"href":"https:\/\/www.europesays.com\/cz\/wp-json\/wp\/v2\/media?parent=144517"}],"wp:term":[{"taxonomy":"category","embeddable":true,"href":"https:\/\/www.europesays.com\/cz\/wp-json\/wp\/v2\/categories?post=144517"},{"taxonomy":"post_tag","embeddable":true,"href":"https:\/\/www.europesays.com\/cz\/wp-json\/wp\/v2\/tags?post=144517"}],"curies":[{"name":"wp","href":"https:\/\/api.w.org\/{rel}","templated":true}]}}