{"id":144881,"date":"2026-07-11T10:38:12","date_gmt":"2026-07-11T10:38:12","guid":{"rendered":"https:\/\/www.europesays.com\/cz\/144881\/"},"modified":"2026-07-11T10:38:12","modified_gmt":"2026-07-11T10:38:12","slug":"tereza-31-pritel-chtel-mit-prehled-o-nasich-penezich-nakonec-jsem-se-bala-koupit-si-i-kavu","status":"publish","type":"post","link":"https:\/\/www.europesays.com\/cz\/144881\/","title":{"rendered":"Tereza (31): P\u0159\u00edtel cht\u011bl m\u00edt p\u0159ehled o\u00a0na\u0161ich pen\u011bz\u00edch. Nakonec jsem se b\u00e1la koupit si i\u00a0k\u00e1vu"},"content":{"rendered":"<p class=\"e_cz\">Kdy\u017e mi Martin navrhl spole\u010dn\u00fd \u00fa\u010det, nep\u0159i\u0161lo mi na tom nic zvl\u00e1\u0161tn\u00edho. Byli jsme spolu \u010dty\u0159i roky, bydleli jsme v\u00a0pronajat\u00e9m byt\u011b a\u00a0oba jsme mluvili o\u00a0tom, \u017ee bychom si jednou cht\u011bli vz\u00edt hypot\u00e9ku. \u0158\u00edkala jsem si, \u017ee je to dosp\u011bl\u00e9 rozhodnut\u00ed. \u017de u\u017e nejsme dva lid\u00e9, kte\u0159\u00ed jen zkou\u0161\u00ed, jestli jim to bude fungovat.<\/p>\n<p class=\"e_cz\">Na za\u010d\u00e1tku to skute\u010dn\u011b vypadalo rozumn\u011b. Ka\u017ed\u00fd m\u011bs\u00edc jsme tam poslali v\u00fdplatu, zaplatili n\u00e1jem, energie, j\u00eddlo, benz\u00edn a\u00a0n\u011bco odlo\u017eili stranou. Martin m\u011bl tabulky, p\u0159ehledy a\u00a0grafy. J\u00e1 na to nikdy moc nebyla, tak\u017ee jsem byla vlastn\u011b r\u00e1da, \u017ee se o\u00a0finance n\u011bkdo star\u00e1 pe\u010dliv\u011bji ne\u017e j\u00e1. Jen\u017ee \u010dasem jsem si za\u010dala v\u0161\u00edmat, \u017ee u\u017e nejde o\u00a0pl\u00e1nov\u00e1n\u00ed. \u0160lo o\u00a0kontrolu.<\/p>\n<p>Nejd\u0159\u00edv to byly jen drobn\u00e9 pozn\u00e1mky<\/p>\n<p class=\"e_cz\">Poprv\u00e9 m\u011b to zarazilo kv\u016fli oby\u010dejn\u00e9mu ob\u011bdu. \u0160la jsem s\u00a0kolegyn\u011bmi do mal\u00e9 restaurace vedle kancel\u00e1\u0159e a\u00a0zaplatila jsem 189\u00a0korun. Ve\u010der se Martin d\u00edval do aplikace a\u00a0jen tak mezi \u0159e\u010d\u00ed poznamenal, \u017ee doma jsme m\u011bli zbytky t\u011bstovin a\u00a0mohla jsem si je vz\u00edt do krabi\u010dky.<\/p>\n<p class=\"e_cz\">Zasm\u00e1la jsem se tomu. \u0158ekla jsem, \u017ee jsem si cht\u011bla sednout s\u00a0holkami a\u00a0na chv\u00edli vypnout. On se neusm\u00e1l. Jen pokr\u010dil rameny a\u00a0\u0159ekl, \u017ee kdy\u017e chceme \u0161et\u0159it na vlastn\u00ed bydlen\u00ed, m\u011bla bych nad takov\u00fdmi v\u011bcmi v\u00edc p\u0159em\u00fd\u0161let. Tehdy jsem to p\u0159e\u0161la. V\u017edy\u0165 m\u011bl vlastn\u011b pravdu. Hypot\u00e9ka nebyla mali\u010dkost a\u00a0j\u00e1 sama jsem o\u00a0n\u00ed mluvila. Jen\u017ee podobn\u00fdch pozn\u00e1mek za\u010dalo p\u0159ib\u00fdvat.<\/p>\n<p class=\"e_cz\">Kdy\u017e jsem si koupila \u0159asenku, zeptal se, jestli jsem opravdu pot\u0159ebovala dal\u0161\u00ed. Kdy\u017e jsem cestou z\u00a0pr\u00e1ce vzala k\u00e1vu, p\u0159ipomn\u011bl mi, kolik stoj\u00ed balen\u00ed do k\u00e1vovaru dom\u016f. Kdy\u017e jsem poslala kamar\u00e1dce pen\u00edze za spole\u010dn\u00fd d\u00e1rek, cht\u011bl v\u011bd\u011bt, pro\u010d jsme se musely skl\u00e1dat zrovna tolik. Po p\u00e1r m\u011bs\u00edc\u00edch jsem u\u017e neplatila kartou bez toho, abych si v\u00a0hlav\u011b nep\u0159ipravila vysv\u011btlen\u00ed.<\/p>\n<p>Z p\u0159ehledu se stala kontrola<\/p>\n<p class=\"e_cz\">Nejhor\u0161\u00ed na tom bylo, \u017ee Martin nikdy nek\u0159i\u010del. Nebyl vulg\u00e1rn\u00ed, nerozb\u00edjel v\u011bci, nevyhro\u017eoval mi. Pr\u00e1v\u011b proto jsem si dlouho \u0159\u00edkala, \u017ee p\u0159eh\u00e1n\u00edm. Jen m\u011bl r\u00e1d po\u0159\u00e1dek. Jen cht\u011bl, abychom neutr\u00e1celi zbyte\u010dn\u011b. Jen myslel na budoucnost. Jen\u017ee j\u00e1 jsem se v\u00a0t\u00e9 budoucnosti za\u010dala ztr\u00e1cet.<\/p>\n<p class=\"e_cz\">M\u011bla jsem vlastn\u00ed pr\u00e1ci, vlastn\u00ed v\u00fdplatu a\u00a0p\u0159esto jsem se c\u00edtila jako mal\u00e1 holka, kter\u00e1 mus\u00ed ukazovat \u00fa\u010dtenky. Kdy\u017e mi p\u0159i\u0161la pozv\u00e1nka na narozeniny kamar\u00e1dky, prvn\u00ed my\u0161lenka nebyla, co si vezmu na sebe. P\u0159em\u00fd\u0161lela jsem, kolik bude st\u00e1t d\u00e1rek a\u00a0jestli se Martin nebude pt\u00e1t, pro\u010d jsem tam jela tax\u00edkem.<\/p>\n<p class=\"e_cz\">Jednou jsem si v\u00a0drogerii koupila \u0161ampon, kr\u00e9m a\u00a0vitam\u00edny. Nebylo to nic luxusn\u00edho. Ve\u010der sed\u011bl Martin u\u00a0notebooku a\u00a0\u0159ekl, \u017ee za m\u011bs\u00edc utr\u00e1c\u00edm za kosmetiku v\u00edc, ne\u017e je norm\u00e1ln\u00ed. Zeptala jsem se ho, co p\u0159esn\u011b je norm\u00e1ln\u00ed. Odpov\u011bd\u011bl, \u017ee norm\u00e1ln\u00ed je neutr\u00e1cet za hlouposti, kdy\u017e m\u00e1me c\u00edl. V\u00a0tu chv\u00edli m\u011b poprv\u00e9 napadlo, \u017ee n\u00e1\u0161 spole\u010dn\u00fd c\u00edl mo\u017en\u00e1 nen\u00ed spole\u010dn\u00fd. Mo\u017en\u00e1 je jen jeho a\u00a0j\u00e1 do n\u011bj ka\u017ed\u00fd m\u011bs\u00edc odevzd\u00e1v\u00e1m nejen pen\u00edze, ale i\u00a0kousek vlastn\u00ed svobody.<\/p>\n<p>K\u00e1vu jsem si kupovala tajn\u011b<\/p>\n<p class=\"e_cz\">Zn\u00ed to sm\u011b\u0161n\u011b, ale nejv\u00edc m\u011b probrala oby\u010dejn\u00e1 k\u00e1va. Jedno r\u00e1no jsem m\u011bla t\u011b\u017ek\u00fd den. \u010cekala m\u011b prezentace v\u00a0pr\u00e1ci, \u0161patn\u011b jsem spala a\u00a0cestou na tramvaj jsem si koupila cappuccino do kel\u00edmku. St\u00e1lo 65\u00a0korun.<\/p>\n<p class=\"e_cz\">Kdy\u017e mi prodava\u010dka podala kel\u00edmek, m\u00edsto radosti jsem c\u00edtila provin\u011bn\u00ed. P\u0159em\u00fd\u0161lela jsem, jestli si toho Martin ve\u010der v\u0161imne. A\u00a0pak jsem ud\u011blala n\u011bco, za co jsem se sama p\u0159ed sebou styd\u011bla. Zaplatila jsem hotov\u011b, aby to nebylo vid\u011bt v\u00a0aplikaci. Celou cestu do pr\u00e1ce jsem dr\u017eela kel\u00edmek v\u00a0ruce a\u00a0do\u0161lo mi, jak absurdn\u00ed to je. <\/p>\n<p class=\"e_cz\">Jsem dosp\u011bl\u00e1 \u017eena, vyd\u011bl\u00e1v\u00e1m pen\u00edze, plat\u00edm p\u016flku dom\u00e1cnosti a\u00a0boj\u00edm se koupit si k\u00e1vu. Ne proto, \u017ee bychom nem\u011bli na n\u00e1jem. Ale proto, \u017ee bych ve\u010der musela obhajovat vlastn\u00ed drobnou radost. Ten den jsem se poprv\u00e9 pod\u00edvala na n\u00e1\u0161 vztah jinak. Ne jako na partnerstv\u00ed, kde \u0161et\u0159\u00edme na budoucnost. Ale jako na dom\u00e1cnost, ve kter\u00e9 jeden \u010dlov\u011bk rozhoduje, co je rozumn\u00e9, a\u00a0druh\u00fd se u\u010d\u00ed nevy\u010dn\u00edvat.<\/p>\n<p>Kdy\u017e jsem cht\u011bla zm\u011bnu, bral to jako zradu<\/p>\n<p class=\"e_cz\">Ve\u010der jsem Martinovi \u0159ekla, \u017ee chci m\u00edt znovu sv\u016fj osobn\u00ed \u00fa\u010det. Navrhla jsem jednoduch\u00e9 \u0159e\u0161en\u00ed. Ka\u017ed\u00fd po\u0161leme pevnou \u010d\u00e1stku na n\u00e1jem, j\u00eddlo, energie a\u00a0\u00faspory. Zbytek si nech\u00e1me ka\u017ed\u00fd na sv\u00e9m \u00fa\u010dtu. \u010cekala jsem debatu. Mo\u017en\u00e1 nesouhlas. Ale ne to, co p\u0159i\u0161lo.<\/p>\n<p class=\"e_cz\">Martin ztuhl a\u00a0zeptal se, jestli p\u0159ed n\u00edm n\u011bco skr\u00fdv\u00e1m. Pr\u00fd kdy\u017e nem\u00e1m probl\u00e9m, nem\u00e1m d\u016fvod odd\u011blovat pen\u00edze. \u0158ekl, \u017ee spole\u010dn\u00fd \u00fa\u010det maj\u00ed dosp\u011bl\u00ed lid\u00e9, kte\u0159\u00ed si v\u011b\u0159\u00ed. A\u00a0\u017ee pokud chci vlastn\u00ed pen\u00edze, asi u\u017e nepo\u010d\u00edt\u00e1m s\u00a0n\u00e1mi.<\/p>\n<p class=\"e_cz\">Tehdy se ve mn\u011b n\u011bco zlomilo. Najednou jsem jasn\u011b vid\u011bla, \u017ee pro n\u011bj d\u016fv\u011bra neznamen\u00e1 volnost. Znamen\u00e1 p\u0159\u00edstup. K\u00a0\u00fa\u010dtu, k\u00a0v\u00fddaj\u016fm, k\u00a0m\u00fdm rozhodnut\u00edm. \u0158ekla jsem mu, \u017ee nechci nic skr\u00fdvat. Chci jen p\u0159estat \u017e\u00edt s\u00a0pocitem, \u017ee ka\u017ed\u00fd m\u016fj n\u00e1kup \u010dek\u00e1 na rozsudek.<\/p>\n<p>Ne\u0161lo jen o\u00a0pen\u00edze<\/p>\n<p class=\"e_cz\">Dal\u0161\u00ed t\u00fddny byly t\u011b\u017ek\u00e9. Martin se tv\u00e1\u0159il uk\u0159ivd\u011bn\u011b, mluvil o\u00a0tom, \u017ee bour\u00e1m syst\u00e9m, kter\u00fd fungoval, a\u00a0\u017ee jsem najednou ovlivn\u011bn\u00e1 kamar\u00e1dkami. Jen\u017ee j\u00e1 jsem poprv\u00e9 po dlouh\u00e9 dob\u011b c\u00edtila \u00falevu. Zalo\u017eila jsem si vlastn\u00ed \u00fa\u010det a\u00a0v\u00fdplata za\u010dala chodit tam. Na spole\u010dn\u00e9 n\u00e1klady jsem pos\u00edlala domluvenou \u010d\u00e1stku. Nebylo to \u017e\u00e1dn\u00e9 tajemstv\u00ed. Jen hranice.<\/p>\n<p class=\"e_cz\">Najednou jsem si mohla koupit ob\u011bd bez toho, abych ve\u010der \u010dekala pozn\u00e1mku. Mohla jsem p\u0159isp\u011bt kolegyni na d\u00e1rek. Mohla jsem j\u00edt s\u00a0m\u00e1mou na k\u00e1vu. Nebyly to velk\u00e9 v\u011bci, ale pro m\u011b m\u011bly obrovskou v\u00e1hu. Martin to nevydr\u017eel dlouho. \u010c\u00edm v\u00edc jsem byla klidn\u011bj\u0161\u00ed, t\u00edm v\u00edc on ztr\u00e1cel jistotu. <\/p>\n<p class=\"e_cz\">Nakonec mi \u0159ekl, \u017ee takhle si vztah nep\u0159edstavuje. J\u00e1 jsem mu odpov\u011bd\u011bla, \u017ee j\u00e1 u\u017e tak\u00e9 ne. Roze\u0161li jsme se po p\u011bti letech. Nebylo to kv\u016fli jedn\u00e9 k\u00e1v\u011b, jedn\u00e9 \u0159asence ani jednomu ob\u011bdu s\u00a0kolegy. Bylo to kv\u016fli tomu, \u017ee jsem se vedle \u010dlov\u011bka, kter\u00fd m\u011b m\u011bl milovat, za\u010dala b\u00e1t vlastn\u00edch rozhodnut\u00ed.<\/p>\n","protected":false},"excerpt":{"rendered":"Kdy\u017e mi Martin navrhl spole\u010dn\u00fd \u00fa\u010det, nep\u0159i\u0161lo mi na tom nic zvl\u00e1\u0161tn\u00edho. Byli jsme spolu \u010dty\u0159i roky, bydleli&hellip;\n","protected":false},"author":2,"featured_media":144882,"comment_status":"","ping_status":"","sticky":false,"template":"","format":"standard","meta":{"footnotes":"","_share_on_mastodon":"0"},"categories":[12],"tags":[1985,67,68,2102,1016,6408,4759,19747],"class_list":["post-144881","post","type-post","status-publish","format-standard","has-post-thumbnail","category-byznys","tag-banky","tag-business","tag-byznys","tag-kontroly","tag-nazor","tag-pritel","tag-rozchod","tag-ucet"],"share_on_mastodon":{"url":"https:\/\/pubeurope.com\/@cz\/116900915186438074","error":""},"_links":{"self":[{"href":"https:\/\/www.europesays.com\/cz\/wp-json\/wp\/v2\/posts\/144881","targetHints":{"allow":["GET"]}}],"collection":[{"href":"https:\/\/www.europesays.com\/cz\/wp-json\/wp\/v2\/posts"}],"about":[{"href":"https:\/\/www.europesays.com\/cz\/wp-json\/wp\/v2\/types\/post"}],"author":[{"embeddable":true,"href":"https:\/\/www.europesays.com\/cz\/wp-json\/wp\/v2\/users\/2"}],"replies":[{"embeddable":true,"href":"https:\/\/www.europesays.com\/cz\/wp-json\/wp\/v2\/comments?post=144881"}],"version-history":[{"count":0,"href":"https:\/\/www.europesays.com\/cz\/wp-json\/wp\/v2\/posts\/144881\/revisions"}],"wp:featuredmedia":[{"embeddable":true,"href":"https:\/\/www.europesays.com\/cz\/wp-json\/wp\/v2\/media\/144882"}],"wp:attachment":[{"href":"https:\/\/www.europesays.com\/cz\/wp-json\/wp\/v2\/media?parent=144881"}],"wp:term":[{"taxonomy":"category","embeddable":true,"href":"https:\/\/www.europesays.com\/cz\/wp-json\/wp\/v2\/categories?post=144881"},{"taxonomy":"post_tag","embeddable":true,"href":"https:\/\/www.europesays.com\/cz\/wp-json\/wp\/v2\/tags?post=144881"}],"curies":[{"name":"wp","href":"https:\/\/api.w.org\/{rel}","templated":true}]}}