{"id":14575,"date":"2026-03-05T07:03:08","date_gmt":"2026-03-05T07:03:08","guid":{"rendered":"https:\/\/www.europesays.com\/cz\/14575\/"},"modified":"2026-03-05T07:03:08","modified_gmt":"2026-03-05T07:03:08","slug":"na-pohreb-valenty-%e2%80%a066-nesmel-ale-janda-poslal-vdove-penize","status":"publish","type":"post","link":"https:\/\/www.europesays.com\/cz\/14575\/","title":{"rendered":"Na poh\u0159eb Valenty (\u202066) nesm\u011bl, ale&#8230; Janda poslal vdov\u011b pen\u00edze!"},"content":{"rendered":"<p>Mirjam Valentov\u00e1 je man\u017eelovou sebevra\u017edou tak bolestn\u011b zasa\u017eena, \u017ee razantn\u011b odm\u00edtla ve\u0159ejn\u00fd poh\u0159eb. \u201eNezvl\u00e1dla bych to,\u201c p\u0159iznala. \u201eNa\u0161e agentura rodinu finan\u010dn\u011b podpo\u0159ila, proto\u017ee nev\u00edme, jak to tam je. Mezi n\u00e1mi a Jirkou ka\u017edop\u00e1dn\u011b nikdy nebyla v\u016fbec \u017e\u00e1dn\u00e1 zl\u00e1 krev, roze\u0161li jsme se v dobr\u00e9m,\u201c prohl\u00e1sil <a class=\"celebrity celebwiki\" href=\"https:\/\/celebwiki.blesk.cz\/osobnost\/1652\/petr-janda\/\" target=\"_blank\" rel=\"nofollow noopener\">Janda<\/a>.<\/p>\n<p style=\"text-align: center;\">Petr Janda o V\u00e1noc\u00edch: L\u00eddr Olympicu prozradil i pl\u00e1ny na Silvestra<\/p>\n<p>    <a href=\"https:\/\/www.ahaonline.cz\/clanek\/zhave-drby\/232078\/petr-janda-odpocitava-cas-desiva-prognoza-smrti.html\" rel=\"nofollow noopener\" target=\"_blank\"><\/p>\n<p>        <img decoding=\"async\" src=\"https:\/\/www.europesays.com\/cz\/wp-content\/uploads\/2026\/03\/1772694187_441_9564664.jpg\" alt=\"Petr Janda odpo\u010d\u00edt\u00e1v\u00e1 \u010das: D\u011bsiv\u00e1 progn\u00f3za smrti\" title=\"Petr Janda odpo\u010d\u00edt\u00e1v\u00e1 \u010das: D\u011bsiv\u00e1 progn\u00f3za smrti\" height=\"140\" width=\"220\" class=\"lazyload \" loading=\"lazy\" \/><\/p>\n<p>    <\/a><\/p>\n<p>Se skupinou Olympic hr\u00e1l Valenta dlouh\u00fdch 34 let. A te\u010f se mo\u017en\u00e1 do\u010dk\u00e1 i posmrtn\u00e9ho n\u00e1vratu. Krom\u011b finan\u010dn\u00ed podpory rodin\u011b toti\u017e Petr Janda se sv\u00fdmi par\u0165\u00e1ky p\u0159em\u00fd\u0161l\u00ed o tom, \u017ee mu uspo\u0159\u00e1daj\u00ed koncert na rozlou\u010denou.<\/p>\n<p style=\"text-align: center;\">Petr Janda na premi\u00e9\u0159e sv\u00e9ho dokumentu: Otev\u0159el sv\u00e9 soukrom\u00ed!<\/p>\n<p>    <a href=\"https:\/\/www.ahaonline.cz\/clanek\/zhave-drby\/232042\/kolar-po-desive-smrti-valenty-promluvil-co-se-delo-v-olympicu.html\" rel=\"nofollow noopener\" target=\"_blank\"><\/p>\n<p>        <img decoding=\"async\" src=\"https:\/\/www.europesays.com\/cz\/wp-content\/uploads\/2026\/03\/8584802.jpg\" alt=\"Kol\u00e1\u0159 po d\u011bsiv\u00e9 smrti Valenty promluvil: Co se d\u011blo v Olympicu\" title=\"Kol\u00e1\u0159 po d\u011bsiv\u00e9 smrti Valenty promluvil: Co se d\u011blo v Olympicu\" height=\"140\" width=\"220\" class=\"lazyload \" loading=\"lazy\" \/><\/p>\n<p>    <\/a><\/p>\n","protected":false},"excerpt":{"rendered":"Mirjam Valentov\u00e1 je man\u017eelovou sebevra\u017edou tak bolestn\u011b zasa\u017eena, \u017ee razantn\u011b odm\u00edtla ve\u0159ejn\u00fd poh\u0159eb. \u201eNezvl\u00e1dla bych to,\u201c p\u0159iznala. \u201eNa\u0161e&hellip;\n","protected":false},"author":2,"featured_media":14576,"comment_status":"","ping_status":"","sticky":false,"template":"","format":"standard","meta":{"footnotes":"","_share_on_mastodon":"0"},"categories":[14],"tags":[79,5402,703,4825,908,1235,3874,351,6625,80,163],"class_list":["post-14575","post","type-post","status-publish","format-standard","has-post-thumbnail","category-zabava","tag-entertainment","tag-jiri-valenta","tag-penize","tag-petr-janda","tag-pohreb","tag-pomoc","tag-sebevrazda","tag-smrt","tag-vdova","tag-zabava","tag-zhave-drby"],"share_on_mastodon":{"url":"https:\/\/pubeurope.com\/@cz\/116175294000242673","error":""},"_links":{"self":[{"href":"https:\/\/www.europesays.com\/cz\/wp-json\/wp\/v2\/posts\/14575","targetHints":{"allow":["GET"]}}],"collection":[{"href":"https:\/\/www.europesays.com\/cz\/wp-json\/wp\/v2\/posts"}],"about":[{"href":"https:\/\/www.europesays.com\/cz\/wp-json\/wp\/v2\/types\/post"}],"author":[{"embeddable":true,"href":"https:\/\/www.europesays.com\/cz\/wp-json\/wp\/v2\/users\/2"}],"replies":[{"embeddable":true,"href":"https:\/\/www.europesays.com\/cz\/wp-json\/wp\/v2\/comments?post=14575"}],"version-history":[{"count":0,"href":"https:\/\/www.europesays.com\/cz\/wp-json\/wp\/v2\/posts\/14575\/revisions"}],"wp:featuredmedia":[{"embeddable":true,"href":"https:\/\/www.europesays.com\/cz\/wp-json\/wp\/v2\/media\/14576"}],"wp:attachment":[{"href":"https:\/\/www.europesays.com\/cz\/wp-json\/wp\/v2\/media?parent=14575"}],"wp:term":[{"taxonomy":"category","embeddable":true,"href":"https:\/\/www.europesays.com\/cz\/wp-json\/wp\/v2\/categories?post=14575"},{"taxonomy":"post_tag","embeddable":true,"href":"https:\/\/www.europesays.com\/cz\/wp-json\/wp\/v2\/tags?post=14575"}],"curies":[{"name":"wp","href":"https:\/\/api.w.org\/{rel}","templated":true}]}}