{"id":145929,"date":"2026-07-12T18:09:12","date_gmt":"2026-07-12T18:09:12","guid":{"rendered":"https:\/\/www.europesays.com\/cz\/145929\/"},"modified":"2026-07-12T18:09:12","modified_gmt":"2026-07-12T18:09:12","slug":"iran-hlasi-ze-celi-utokum-v-hormuzskem-prulivu","status":"publish","type":"post","link":"https:\/\/www.europesays.com\/cz\/145929\/","title":{"rendered":"\u00cdr\u00e1n hl\u00e1s\u00ed, \u017ee \u010del\u00ed \u00fatok\u016fm v\u00a0Hormuzsk\u00e9m pr\u016flivu"},"content":{"rendered":"<p class=\"c_bB\">Port\u00e1l <a data-dot=\"atm-link\" target=\"_blank\" rel=\"noopener nofollow\" href=\"https:\/\/www.axios.com\/2026\/07\/11\/iran-strikes-cargo-ship-in-strait-of-hormuz-defying-us-ultimatum?utm_source=chatgpt.com\" class=\"c_N\">Axios<\/a> s\u00a0odvol\u00e1n\u00edm na americk\u00e9 \u010dinitele uvedl, \u017ee americk\u00e1 arm\u00e1da tento v\u00edkend ude\u0159ila proti \u00edr\u00e1nsk\u00fdm raketov\u00fdm a\u00a0protivzdu\u0161n\u00fdm syst\u00e9m\u016fm a\u00a0rovn\u011b\u017e proti men\u0161\u00edm lod\u00edm \u00edr\u00e1nsk\u00fdch revolu\u010dn\u00edch gard v\u00a0\u00fa\u017ein\u011b.<\/p>\n<p class=\"c_bB\">Agentura Fars informovala, \u017ee v\u00fdbuchy jsou hl\u00e1\u0161eny nejen z\u00a0ostrova Ke\u0161m, ale tak\u00e9 z\u00a0p\u0159\u00edstavn\u00edho m\u011bsta Bandar Abb\u00e1s na \u00edr\u00e1nsk\u00e9 pevnin\u011b, kter\u00e9 je vzd\u00e1leno n\u011bkolik kilometr\u016f od ostrova Ke\u0161m. Podle agentury IRNA byly v\u0161echny c\u00edle na ostrov\u011b Ke\u0161m vojensk\u00e9 a\u00a0\u00fatoky si nevy\u017e\u00e1daly \u017e\u00e1dn\u00e9 ob\u011bti.<\/p>\n<p class=\"c_bB\">\u00cdr\u00e1nsk\u00e9 gardy v\u00a0ned\u011bli ozn\u00e1mily uzav\u0159en\u00ed Hormuzsk\u00e9ho pr\u016flivu a\u017e do odvol\u00e1n\u00ed. Z\u00e1rove\u0148 pohrozily \u00fatokem na americk\u00e9 z\u00e1kladny v\u00a0oblasti Persk\u00e9ho z\u00e1livu.<\/p>\n<p><a data-dot=\"atm-link\" target=\"_self\" href=\"https:\/\/www.novinky.cz\/clanek\/zahranicni-blizky-a-stredni-vychod-trump-hrozi-iranu-uplnym-znicenim-40587645\" class=\"c_N\" rel=\"nofollow noopener\"><img fetchpriority=\"high\" height=\"2304\" width=\"4096\" src=\"https:\/\/www.europesays.com\/cz\/wp-content\/uploads\/2026\/07\/1783775712_280_ee05.jpeg\" loading=\"eager\" decoding=\"sync\" class=\"c_t c_r\"\/><\/a>Zasa\u017een\u00e1 kuvajtsk\u00e1 plo\u0161ina<\/p>\n<p class=\"c_bB\">Kuvajt mezit\u00edm podle agentury <a data-dot=\"atm-link\" target=\"_blank\" rel=\"noopener nofollow\" href=\"https:\/\/www.reuters.com\/world\/asia-pacific\/iran-declares-strait-hormuz-closed-unauthorised-vessel-hit-2026-07-11\/?utm_source=chatgpt.com\" class=\"c_N\">Reuters<\/a> ozn\u00e1mil, \u017ee dron zas\u00e1hl t\u011b\u017eebn\u00ed plo\u0161inu, kde zp\u016fsobil materi\u00e1ln\u00ed \u0161kody a\u00a0zranil jednoho pracovn\u00edka. Plo\u0161ina pat\u0159\u00ed n\u00e1rodn\u00ed ropn\u00e9 spole\u010dnosti Kuwait Oil Company. P\u016fvod dronu kuvajtsk\u00e1 arm\u00e1da neup\u0159esnila, ozna\u010dila ho jen jako nep\u0159\u00e1telsk\u00fd. V\u00a0minulosti ale podobn\u00e9 \u00fadery podnikal \u00cdr\u00e1n v\u00a0odvet\u011b za americk\u00e9 \u00fatoky. Kuvajtsk\u00e1 arm\u00e1da rovn\u011b\u017e uvedla, \u017ee pod \u00fatokem se ocitla i\u00a0trojice pohrani\u010dn\u00edch stanovi\u0161\u0165, kter\u00e1 rovn\u011b\u017e utrp\u011bla materi\u00e1ln\u00ed \u0161kody.<\/p>\n<p class=\"c_bB\">Spojen\u00e9 st\u00e1ty tento t\u00fdden obnovily \u00fadery na \u00cdr\u00e1n pot\u00e9, co americk\u00fd prezident Donald Trump na summitu NATO v\u00a0Anka\u0159e <a data-dot=\"atm-link\" target=\"_blank\" href=\"https:\/\/www.novinky.cz\/clanek\/zahranicni-blizky-a-stredni-vychod-primeri-s-iranem-skoncilo-jsou-jako-rakovina-prohlasil-trump-40587039\" class=\"c_N\" rel=\"nofollow noopener\">prohl\u00e1sil<\/a>, \u017ee p\u0159\u00edm\u011b\u0159\u00ed mezi USA a\u00a0\u00cdr\u00e1nem skon\u010dilo. A\u00a0to kv\u016fli tomu, \u017ee \u00edr\u00e1nsk\u00e9 s\u00edly napadaj\u00ed lod\u011b v\u00a0pr\u016flivu, kter\u00fd je kl\u00ed\u010dovou trasou pro p\u0159epravu bl\u00edzkov\u00fdchodn\u00ed ropy do cel\u00e9ho sv\u011bta. V\u00a0souvislosti s\u00a0tamn\u00ed situac\u00ed kol\u00edsaj\u00ed na trz\u00edch ceny t\u00e9to suroviny.<\/p>\n<p class=\"c_bB\">U\u017e v\u00a0\u00fater\u00fd americk\u00e1 arm\u00e1da ozn\u00e1mila, \u017ee podnikla s\u00e9rii \u00fatok\u016f proti \u00cdr\u00e1nu. Oblastn\u00ed velitelstv\u00ed americk\u00fdch ozbrojen\u00fdch sil CENTCOM v\u00a0tehdej\u0161\u00edm prohl\u00e1\u0161en\u00ed uvedlo, \u017ee \u00cdr\u00e1nu \u201ezp\u016fsob\u00ed velk\u00e9 \u0161kody za to, \u017ee se zam\u011b\u0159il na komer\u010dn\u00ed plavidla a\u00a0za\u00fato\u010dil na n\u011b\u201c.<\/p>\n<p class=\"c_bB\">V\u00e1lku v\u00a0regionu zah\u00e1jily USA a\u00a0Izrael 28.\u00a0\u00fanora \u00fatokem na \u00cdr\u00e1n, kter\u00fd v\u00a0odvet\u011b ude\u0159il na Izrael, na americk\u00e9 vojensk\u00e9 z\u00e1kladny v\u00a0regionu a\u00a0na dal\u0161\u00ed c\u00edle v\u00a0zem\u00edch Persk\u00e9ho z\u00e1livu. USA \u00fatoky zd\u016fvodnily snahou zabr\u00e1nit Teher\u00e1nu z\u00edskat jadern\u00e9 zbran\u011b. Ten ov\u0161em opakovan\u011b tvrd\u00ed, \u017ee jeho nukle\u00e1rn\u00ed program je v\u00fdhradn\u011b m\u00edrov\u00fd. V\u00a0\u010dervnu Washington a\u00a0Teher\u00e1n podepsaly memorandum o\u00a0porozum\u011bn\u00ed, kter\u00e9 otev\u0159elo cestu k\u00a0m\u00edrov\u00e9 dohod\u011b. Od t\u00e9 doby ale bylo p\u0159\u00edm\u011b\u0159\u00ed opakovan\u011b naru\u0161eno.<\/p>\n<p><a data-dot=\"atm-link\" target=\"_self\" href=\"https:\/\/www.novinky.cz\/clanek\/zahranicni-iran-oznamil-uzavreni-hormuzskeho-prulivu-az-do-odvolani-40587693\" class=\"c_N\" rel=\"nofollow noopener\"><img height=\"2160\" width=\"3840\" src=\"https:\/\/www.europesays.com\/cz\/wp-content\/uploads\/2026\/07\/8290.jpeg\" loading=\"eager\" decoding=\"sync\" class=\"c_t c_r\"\/><\/a><\/p>\n","protected":false},"excerpt":{"rendered":"Port\u00e1l Axios s\u00a0odvol\u00e1n\u00edm na americk\u00e9 \u010dinitele uvedl, \u017ee americk\u00e1 arm\u00e1da tento v\u00edkend ude\u0159ila proti \u00edr\u00e1nsk\u00fdm raketov\u00fdm a\u00a0protivzdu\u0161n\u00fdm syst\u00e9m\u016fm&hellip;\n","protected":false},"author":2,"featured_media":137960,"comment_status":"","ping_status":"","sticky":false,"template":"","format":"standard","meta":{"footnotes":"","_share_on_mastodon":"0"},"categories":[11],"tags":[6387,808,7825,7301,54,113,53,52],"class_list":["post-145929","post","type-post","status-publish","format-standard","has-post-thumbnail","category-svet","tag-hormuzsky-pruliv","tag-iran","tag-konflikt-usa-izrael-iran","tag-kuvajt","tag-svet","tag-usa","tag-world","tag-world-news"],"share_on_mastodon":{"url":"https:\/\/pubeurope.com\/@cz\/116908350821676650","error":""},"_links":{"self":[{"href":"https:\/\/www.europesays.com\/cz\/wp-json\/wp\/v2\/posts\/145929","targetHints":{"allow":["GET"]}}],"collection":[{"href":"https:\/\/www.europesays.com\/cz\/wp-json\/wp\/v2\/posts"}],"about":[{"href":"https:\/\/www.europesays.com\/cz\/wp-json\/wp\/v2\/types\/post"}],"author":[{"embeddable":true,"href":"https:\/\/www.europesays.com\/cz\/wp-json\/wp\/v2\/users\/2"}],"replies":[{"embeddable":true,"href":"https:\/\/www.europesays.com\/cz\/wp-json\/wp\/v2\/comments?post=145929"}],"version-history":[{"count":0,"href":"https:\/\/www.europesays.com\/cz\/wp-json\/wp\/v2\/posts\/145929\/revisions"}],"wp:featuredmedia":[{"embeddable":true,"href":"https:\/\/www.europesays.com\/cz\/wp-json\/wp\/v2\/media\/137960"}],"wp:attachment":[{"href":"https:\/\/www.europesays.com\/cz\/wp-json\/wp\/v2\/media?parent=145929"}],"wp:term":[{"taxonomy":"category","embeddable":true,"href":"https:\/\/www.europesays.com\/cz\/wp-json\/wp\/v2\/categories?post=145929"},{"taxonomy":"post_tag","embeddable":true,"href":"https:\/\/www.europesays.com\/cz\/wp-json\/wp\/v2\/tags?post=145929"}],"curies":[{"name":"wp","href":"https:\/\/api.w.org\/{rel}","templated":true}]}}