{"id":146114,"date":"2026-07-13T04:15:18","date_gmt":"2026-07-13T04:15:18","guid":{"rendered":"https:\/\/www.europesays.com\/cz\/146114\/"},"modified":"2026-07-13T04:15:18","modified_gmt":"2026-07-13T04:15:18","slug":"tajemstvi-prerovske-lihne-talentu-vedle-lindy-noskove-tu-trenovaly-i-dalsi-tenisove-hvezdy","status":"publish","type":"post","link":"https:\/\/www.europesays.com\/cz\/146114\/","title":{"rendered":"Tajemstv\u00ed p\u0159erovsk\u00e9 l\u00edhn\u011b talent\u016f: Vedle Lindy Noskov\u00e9 tu tr\u00e9novaly i dal\u0161\u00ed tenisov\u00e9 hv\u011bzdy"},"content":{"rendered":"<p>\n                        Wimbledonsk\u00e1 \u0161ampionka Linda Noskov\u00e1 tr\u00e9nuje v P\u0159erov\u011b. V m\u00edstn\u00edm tenisov\u00e9m klubu hr\u00e1la i jej\u00ed soupe\u0159ka Karol\u00edna Muchov\u00e1, ale tak\u00e9 \u0159ada dal\u0161\u00edch \u00fasp\u011b\u0161n\u00fdch hr\u00e1\u010d\u016f. P\u0159erov je l\u00edhn\u00ed \u010desk\u00fdch nad\u011bj\u00ed. Jak vypadaly tr\u00e9ninky Noskov\u00e9 a jak ve m\u011bst\u011b pro\u017e\u00edvali fin\u00e1le, zji\u0161\u0165oval na m\u00edst\u011b \u0161t\u00e1b CNN Prima NEWS.\n                    <\/p>\n<p>Div\u00e1ci napjat\u011b sledovali \u010desk\u00e9 wimbledonsk\u00e9 derby nap\u0159\u00edklad v\u00a0parku u Maj\u00e1ku. Tenisov\u00fd are\u00e1l je jen nedaleko odtud. Kdy\u017e Linda Noskov\u00e1 tr\u00e9nuje na antuce, hraje na kurtu \u010d\u00edslo \u0161est.<\/p>\n<p>\u010cT\u011aTE TAK\u00c9: <a target=\"_blank\" href=\"https:\/\/cnn.iprima.cz\/dojata-vitezka-noskova-dekovala-mamince-do-nebe-muchova-vtipkovala-o-byvale-kamaradce-516873\" rel=\"nofollow noopener\">Muchov\u00e1 vt\u00edpkem rozesm\u00e1la cel\u00fd stadion. Dojat\u00e1 v\u00edt\u011bzka Noskov\u00e1 neudr\u017eela slzy<\/a><\/p>\n<p>Noskov\u00e1 ale nen\u00ed ojedin\u011bl\u00fdm tenisov\u00fdm fenom\u00e9nem, je jenom zat\u00edm posledn\u00edm \u010dl\u00e1nkem \u0159et\u011bzu \u00fasp\u011b\u0161n\u00fdch p\u0159erovsk\u00fdch tenist\u016f. \u201eM\u00e1me tady Sl\u00e1vu Dosed\u011bla, kter\u00fd byl sedm\u00fdm hr\u00e1\u010dem sv\u011bta. M\u00e1me tady K\u00e1ju Muchovou, kter\u00e1 u n\u00e1s p\u016fsobila \u0161est let, Barboru Krej\u010d\u00edkovou\u2026 I Jana Novotn\u00e1 byla hr\u00e1\u010dkou na\u0161eho klubu, d\u00e1le Radek \u0160t\u011bp\u00e1nek, Ivan Lendl nebo Hana Mandl\u00edkov\u00e1,\u201c vyjmenovala mana\u017eerka TK Precheza Daniela Hu\u0165kov\u00e1 pro CNN Prima NEWS.<\/p>\n<p>Oby\u010dejn\u00e1 super holka<\/p>\n<p>S tenisem dnes n\u011bkte\u0159\u00ed za\u010d\u00ednaj\u00ed u\u017e ve \u010dty\u0159ech letech. P\u0159erovsk\u00fd tenisov\u00fd pot\u011br si uv\u011bdomuje, \u017ee jejich klub je v\u00fdjime\u010dn\u00fd. \u201eM\u00e1te takov\u00e9 to nad\u0161en\u00ed, \u017ee ti tren\u00e9\u0159i vychovali nejv\u011bt\u0161\u00ed tenistky, a taky si mysl\u00edte, \u017ee by z\u00a0v\u00e1s mohli n\u011bco ud\u011blat,\u201c \u0159ekl mlad\u0161\u00ed \u017e\u00e1k Filip Hrub\u00fd pro CNN Prima NEWS.<\/p>\n<p class=\"intro-title-mobile\">\n        \u010ct\u011bte tak\u00e9\n    <\/p>\n<p>        <a href=\"https:\/\/cnn.iprima.cz\/potvrzeno-vemola-se-vraci-z-duchodu-v-kleci-ho-ceka-zapas-s-nemeckym-neandrtalcem-516885\" class=\"image-link\" rel=\"nofollow noopener\" target=\"_blank\"><\/p>\n<p>            <img decoding=\"async\" loading=\"lazy\" class=\"image\" src=\"https:\/\/www.europesays.com\/cz\/wp-content\/uploads\/2026\/07\/1783916118_653_6d016a8f6460bb4522458348b27fbea9.jpg\" alt=\"Z\u00e1v\u011br dokus\u00e9rie Karel vs. Karlos vznik\u00e1 pr\u00e1v\u011b v t\u011bchto dnech a bude se to\u010dit okolo jeho posledn\u00edho kari\u00e9rn\u00edho z\u00e1pasu v Edenu, kde definitivn\u011b rozsekl vyrovnanou s\u00e9rii 1:1 pr\u00e1v\u011b s V\u00e9ghem.\"\/><\/p>\n<p>            <\/a><\/p>\n<p class=\"intro-title-desktop\">\n            \u010ct\u011bte tak\u00e9\n        <\/p>\n<p>                <a href=\"https:\/\/cnn.iprima.cz\/potvrzeno-vemola-se-vraci-z-duchodu-v-kleci-ho-ceka-zapas-s-nemeckym-neandrtalcem-516885\" class=\"title-link\" rel=\"nofollow noopener\" target=\"_blank\"><\/p>\n<p class=\"title\">\n                POTVRZENO: V\u00e9mola se vrac\u00ed z d\u016fchodu. V kleci ho \u010dek\u00e1 z\u00e1pas s n\u011bmeck\u00fdm \u201eNeandrt\u00e1lcem\u201c\n            <\/p>\n<p>        <\/a><\/p>\n<p>                                                                                                12. \u010dvc 2026, 09:52<\/p>\n<p>                6 min \u010dten\u00ed<\/p>\n<p>Klub sv\u00fdm sv\u011b\u0159enc\u016fm dop\u0159\u00e1v\u00e1 modern\u00ed z\u00e1zem\u00ed, ale tak\u00e9 m\u00e9n\u011b tradi\u010dn\u00ed v\u00fdcvikov\u00e9 metody. \u201eM\u00e1me v\u00a0tenisov\u00e9 hale dv\u011b sauny, kryokomoru, fitcentrum, mas\u00e9ra\u2026\u201c uvedla Hu\u0165kov\u00e1.<\/p>\n<p>\u201eLinda toho letos p\u0159ed tr\u00e1vou moc nenatr\u00e9novala, proto\u017ee m\u011bla probl\u00e9m se z\u00e1dy,\u201c prozradil b\u00fdval\u00fd tren\u00e9r Noskov\u00e9 Martin Ka\u0161par pro CNN Prima NEWS. \u201eUd\u011blali jsme ale takovou psychologickou p\u0159\u00edpravu alespo\u0148. Opekli jsme \u0161pek\u00e1\u010dky u n\u00e1s na zahrad\u011b s\u00a0cel\u00fdm tren\u00e9rsk\u00fdm t\u00fdmem a s\u00a0kamar\u00e1dy, Linda p\u0159i\u0161la, oby\u010dejn\u00e1 super holka, zapadla,\u201c dodal. \u00a0<\/p>\n<p>MOHLI JSTE P\u0158EHL\u00c9DNOUT: <a target=\"_blank\" href=\"https:\/\/cnn.iprima.cz\/tata-wimbledonske-vitezky-popsal-tezke-zacatky-linda-me-drzela-pri-zivote-priznal-nosek-516888\" rel=\"nofollow noopener\">Linda m\u011b dr\u017eela p\u0159i \u017eivot\u011b. Dojat\u00fd otec wimbledonsk\u00e9 v\u00edt\u011bzky popsal nejt\u011b\u017e\u0161\u00ed chv\u00edle<\/a><\/p>\n","protected":false},"excerpt":{"rendered":"Wimbledonsk\u00e1 \u0161ampionka Linda Noskov\u00e1 tr\u00e9nuje v P\u0159erov\u011b. V m\u00edstn\u00edm tenisov\u00e9m klubu hr\u00e1la i jej\u00ed soupe\u0159ka Karol\u00edna Muchov\u00e1, ale&hellip;\n","protected":false},"author":2,"featured_media":146115,"comment_status":"","ping_status":"","sticky":false,"template":"","format":"standard","meta":{"footnotes":"","_share_on_mastodon":"0"},"categories":[10],"tags":[11164,17,21,37922,4808,8844,16,37923,3534,94,3130,1912,18,19,22,11648,20,37924],"class_list":["post-146114","post","type-post","status-publish","format-standard","has-post-thumbnail","category-zpravy","tag-barbora-krejcikova","tag-headlines","tag-hlavni-udalosti","tag-jana-novotna","tag-karolina-muchova","tag-linda-noskova","tag-news","tag-okres-prerov","tag-prerov","tag-sport","tag-sportovni-disciplina","tag-tenis","tag-top-news","tag-top-stories","tag-udalosti-dne","tag-wimbledon","tag-zpravy","tag-zpravy-z-regionu"],"share_on_mastodon":{"url":"https:\/\/pubeurope.com\/@cz\/116910733977152929","error":""},"_links":{"self":[{"href":"https:\/\/www.europesays.com\/cz\/wp-json\/wp\/v2\/posts\/146114","targetHints":{"allow":["GET"]}}],"collection":[{"href":"https:\/\/www.europesays.com\/cz\/wp-json\/wp\/v2\/posts"}],"about":[{"href":"https:\/\/www.europesays.com\/cz\/wp-json\/wp\/v2\/types\/post"}],"author":[{"embeddable":true,"href":"https:\/\/www.europesays.com\/cz\/wp-json\/wp\/v2\/users\/2"}],"replies":[{"embeddable":true,"href":"https:\/\/www.europesays.com\/cz\/wp-json\/wp\/v2\/comments?post=146114"}],"version-history":[{"count":0,"href":"https:\/\/www.europesays.com\/cz\/wp-json\/wp\/v2\/posts\/146114\/revisions"}],"wp:featuredmedia":[{"embeddable":true,"href":"https:\/\/www.europesays.com\/cz\/wp-json\/wp\/v2\/media\/146115"}],"wp:attachment":[{"href":"https:\/\/www.europesays.com\/cz\/wp-json\/wp\/v2\/media?parent=146114"}],"wp:term":[{"taxonomy":"category","embeddable":true,"href":"https:\/\/www.europesays.com\/cz\/wp-json\/wp\/v2\/categories?post=146114"},{"taxonomy":"post_tag","embeddable":true,"href":"https:\/\/www.europesays.com\/cz\/wp-json\/wp\/v2\/tags?post=146114"}],"curies":[{"name":"wp","href":"https:\/\/api.w.org\/{rel}","templated":true}]}}