{"id":146803,"date":"2026-07-13T17:12:10","date_gmt":"2026-07-13T17:12:10","guid":{"rendered":"https:\/\/www.europesays.com\/cz\/146803\/"},"modified":"2026-07-13T17:12:10","modified_gmt":"2026-07-13T17:12:10","slug":"rusove-zautocili-v-odeske-oblasti-na-civilni-lod-pet-mrtvych","status":"publish","type":"post","link":"https:\/\/www.europesays.com\/cz\/146803\/","title":{"rendered":"Rusov\u00e9 za\u00fato\u010dili v\u00a0Od\u011bsk\u00e9 oblasti na civiln\u00ed lo\u010f, p\u011bt mrtv\u00fdch"},"content":{"rendered":"<p class=\"c_bB\">\u201eV d\u016fsledku rusk\u00e9ho \u00fatoku na plavidle vypukl po\u017e\u00e1r. T\u0159i \u010dlenov\u00e9 pos\u00e1dky zem\u0159eli, p\u011bt dal\u0161\u00edch bylo zran\u011bno,\u201c ozn\u00e1mil ukrajinsk\u00fd vicepremi\u00e9r pro obnovu a\u00a0ministr pro rozvoj \u00fazem\u00ed Oleksij Kuleba na <a data-dot=\"atm-link\" target=\"_blank\" rel=\"noopener nofollow\" href=\"https:\/\/t.me\/OleksiiKuleba\/9157\" class=\"c_N\">Telegramu<\/a>. Dal\u0161\u00ed dv\u011b t\u011bla se pozd\u011bji na\u0161la p\u0159i ha\u0161en\u00ed po\u017e\u00e1ru na palub\u011b lodi.<\/p>\n<p class=\"c_bB\">Podle ministra rusk\u00e9 \u00fatoky ohro\u017euj\u00ed bezpe\u010dnost mezin\u00e1rodn\u00ed lodn\u00ed dopravy, stabilitu sv\u011btov\u00e9ho obchodu a\u00a0potravinovou bezpe\u010dnost ve sv\u011bt\u011b.<\/p>\n<p class=\"c_bB\">Ost\u0159elov\u00e1n\u00ed po\u0161kodilo tak\u00e9 p\u0159\u00edstavn\u00ed infrastrukturu a\u00a0bl\u00ed\u017ee neup\u0159esn\u011bn\u00e9 civiln\u00ed objekty, jak informovali sou\u010dasn\u011b \u0161\u00e9f od\u011bsk\u00e9ho vojensk\u00e9ho okruhu <a data-dot=\"atm-link\" target=\"_blank\" rel=\"noopener nofollow\" href=\"https:\/\/t.me\/odeskaODA\/17544\" class=\"c_N\">Oleh Kiper<\/a> a\u00a0ukrajinsk\u00e1 Spr\u00e1va n\u00e1mo\u0159n\u00edch p\u0159\u00edstav\u016f.<\/p>\n<p><a data-dot=\"atm-link\" target=\"_self\" href=\"https:\/\/www.novinky.cz\/clanek\/zahranicni-evropa-zasazeno-uz-105-lodi-ukrajinci-zverejnili-tydenni-bilanci-utoku-na-mori-40587827\" class=\"c_N\" rel=\"nofollow noopener\"><img fetchpriority=\"high\" height=\"720\" width=\"1280\" src=\"https:\/\/www.europesays.com\/cz\/wp-content\/uploads\/2026\/07\/1783957331_790_4dd9.jpeg\" loading=\"eager\" decoding=\"sync\" class=\"c_t c_r\"\/><\/a><\/p>\n<p class=\"c_bB\">\u201e\u00datoky na civiln\u00ed p\u0159\u00edstavy a\u00a0obchodn\u00ed lod\u011b p\u0159edstavuj\u00ed z\u00e1m\u011brn\u00fd pokus naru\u0161it stabiln\u00ed provoz ukrajinsk\u00fdch n\u00e1mo\u0159n\u00edch p\u0159\u00edstav\u016f a\u00a0zastra\u0161it mezin\u00e1rodn\u00ed lodn\u00ed dopravu,\u201c doplnil \u00fa\u0159ad na <a data-dot=\"atm-link\" target=\"_blank\" rel=\"noopener nofollow\" href=\"https:\/\/t.me\/ampu_uspa\/578\" class=\"c_N\">Telegramu<\/a>.<\/p>\n<p class=\"c_bB\">Rusko od invaze na Ukrajinu v\u00a0\u00fanoru 2022\u00a0systematicky \u00fato\u010d\u00ed na p\u0159\u00edstavy v\u00a0Od\u011bsk\u00e9 oblasti, jak upozornila ukrajinsk\u00e1 mutace televize <a data-dot=\"atm-link\" target=\"_blank\" rel=\"noopener nofollow\" href=\"https:\/\/www.dw.com\/uk\/rf-vdarila-po-civilnomu-sudnu-pid-praporom-togo-zaginuli-troe-morakiv\/a-77933301\" class=\"c_N\">Deutsche Welle<\/a>. Ter\u010dem \u00fatok\u016f se opakovan\u011b staly tak\u00e9 obiln\u00e9 termin\u00e1ly a\u00a0sklady. Rusk\u00e9 \u00fadery po\u0161kodily od za\u010d\u00e1tku v\u00e1lky p\u0159es 200\u00a0obchodn\u00edch\u00a0plavidel, a\u00a0to navzdory znovuotev\u0159en\u00ed n\u00e1mo\u0159n\u00edho exportn\u00edho koridoru, kter\u00fd Ukrajin\u011b umo\u017enil obnovit v\u00fdvoz obil\u00ed.<\/p>\n<p class=\"c_bB\">V d\u016fsledku t\u011bchto \u00fader\u016f se podle odhad\u016f ukrajinsk\u00e9ho ministerstva hospod\u00e1\u0159stv\u00ed sn\u00ed\u017eily exportn\u00ed kapacity z\u00a0\u0161esti na \u010dty\u0159i miliony tun obil\u00ed m\u011bs\u00ed\u010dn\u011b, co\u017e by ukrajinsk\u00fd st\u00e1tn\u00ed rozpo\u010det p\u0159ipravilo a\u017e o\u00a0900\u00a0milion\u016f dolar\u016f m\u011bs\u00ed\u010dn\u011b, p\u0159ipomn\u011bl web <a data-dot=\"atm-link\" target=\"_blank\" rel=\"noopener nofollow\" href=\"https:\/\/forbes.ua\/news\/rosiya-vdarila-po-torgovelnomu-sudnu-pid-praporom-togo-pid-chas-rozvantazhennya-dobriv-e-zagibli-ta-poraneni-13072026-40357\" class=\"c_N\">Forbes<\/a>.<\/p>\n<p><a data-dot=\"atm-link\" target=\"_self\" href=\"https:\/\/www.novinky.cz\/clanek\/valka-na-ukrajine-rusko-zautocilo-raketami-na-odesu-40587207\" class=\"c_N\" rel=\"nofollow noopener\"><img height=\"1080\" width=\"1920\" src=\"https:\/\/www.europesays.com\/cz\/wp-content\/uploads\/2026\/07\/1783573392_415_utok-pristav-odesa.jpeg\" loading=\"eager\" decoding=\"sync\" class=\"c_t c_r\"\/><\/a><\/p>\n","protected":false},"excerpt":{"rendered":"\u201eV d\u016fsledku rusk\u00e9ho \u00fatoku na plavidle vypukl po\u017e\u00e1r. T\u0159i \u010dlenov\u00e9 pos\u00e1dky zem\u0159eli, p\u011bt dal\u0161\u00edch bylo zran\u011bno,\u201c ozn\u00e1mil ukrajinsk\u00fd&hellip;\n","protected":false},"author":2,"featured_media":146804,"comment_status":"","ping_status":"","sticky":false,"template":"","format":"standard","meta":{"footnotes":"","_share_on_mastodon":"0"},"categories":[11],"tags":[10181,12989,61,54,110,56,53,52],"class_list":["post-146803","post","type-post","status-publish","format-standard","has-post-thumbnail","category-svet","tag-nalety","tag-odesa","tag-rusko","tag-svet","tag-ukrajina","tag-valka-rusko-ukrajina","tag-world","tag-world-news"],"share_on_mastodon":{"url":"https:\/\/pubeurope.com\/@cz\/116913789251127387","error":""},"_links":{"self":[{"href":"https:\/\/www.europesays.com\/cz\/wp-json\/wp\/v2\/posts\/146803","targetHints":{"allow":["GET"]}}],"collection":[{"href":"https:\/\/www.europesays.com\/cz\/wp-json\/wp\/v2\/posts"}],"about":[{"href":"https:\/\/www.europesays.com\/cz\/wp-json\/wp\/v2\/types\/post"}],"author":[{"embeddable":true,"href":"https:\/\/www.europesays.com\/cz\/wp-json\/wp\/v2\/users\/2"}],"replies":[{"embeddable":true,"href":"https:\/\/www.europesays.com\/cz\/wp-json\/wp\/v2\/comments?post=146803"}],"version-history":[{"count":0,"href":"https:\/\/www.europesays.com\/cz\/wp-json\/wp\/v2\/posts\/146803\/revisions"}],"wp:featuredmedia":[{"embeddable":true,"href":"https:\/\/www.europesays.com\/cz\/wp-json\/wp\/v2\/media\/146804"}],"wp:attachment":[{"href":"https:\/\/www.europesays.com\/cz\/wp-json\/wp\/v2\/media?parent=146803"}],"wp:term":[{"taxonomy":"category","embeddable":true,"href":"https:\/\/www.europesays.com\/cz\/wp-json\/wp\/v2\/categories?post=146803"},{"taxonomy":"post_tag","embeddable":true,"href":"https:\/\/www.europesays.com\/cz\/wp-json\/wp\/v2\/tags?post=146803"}],"curies":[{"name":"wp","href":"https:\/\/api.w.org\/{rel}","templated":true}]}}