{"id":146835,"date":"2026-07-13T18:02:16","date_gmt":"2026-07-13T18:02:16","guid":{"rendered":"https:\/\/www.europesays.com\/cz\/146835\/"},"modified":"2026-07-13T18:02:16","modified_gmt":"2026-07-13T18:02:16","slug":"wimbledonska-sampionka-noskova-je-v-praze-trofej-ji-kontrolovali-na-letisti","status":"publish","type":"post","link":"https:\/\/www.europesays.com\/cz\/146835\/","title":{"rendered":"Wimbledonsk\u00e1 \u0161ampionka Noskov\u00e1 je v Praze, trofej j\u00ed kontrolovali na leti\u0161ti"},"content":{"rendered":"<p>&#13;<br \/>\n  Komer\u010dn\u00ed prezentace Aktual.: 13.07.2026 19:37&#13;<br \/>\n  Vyd\u00e1no: 13.07.2026, 19:37&#13;\n<\/p>\n<p class=\"big\" itemprop=\"description\">    Praha &#8211; Wimbledonsk\u00e1 \u0161ampionka Linda Noskov\u00e1 je v Praze. Men\u0161\u00ed tal\u00ed\u0159 za v\u00edt\u011bzstv\u00ed na lond\u00fdnsk\u00e9 tr\u00e1v\u011b, na kter\u00fd m\u011bla speci\u00e1ln\u00ed krabici, musela ukazovat p\u0159i kontrole na leti\u0161ti. Na dne\u0161n\u00ed tiskov\u00e9 konferenci \u0159ekla, \u017ee si ho z\u0159ejm\u011b vystav\u00ed vedle trofeje za triumf na juniorsk\u00e9m Roland Garros v roce 2021.<\/p>\n<p>Jednadvacetilet\u00e1 Noskov\u00e1 se s novin\u00e1\u0159i setkala v budouc\u00ed S\u00edni sl\u00e1vy \u010deskoslovensk\u00e9ho tenisu, kde budou v\u0161ichni tuzem\u0161t\u00ed grandslamov\u00ed \u0161ampioni, tak\u017ee i ona zde bude m\u00edt sv\u00e9 m\u00edsto. Na leti\u0161ti v Lond\u00fdn\u011b n\u00e1padn\u00e1 velk\u00e1 zelen\u00e1 krabice p\u0159itahovala pozornost. &#8222;Na security kontrole mi to hnedka vzali bokem. Lidi se za t\u00edm ot\u00e1\u010deli,&#8220; vypr\u00e1v\u011bla. Svou zat\u00edm nejcenn\u011bj\u0161\u00ed trofej si rozhodn\u011b cht\u011bla vz\u00edt na palubu, do zavazadlov\u00e9ho prostoru by ji nedala.<\/p>\n<p>Doma si ji vystav\u00ed. &#8222;Mo\u017en\u00e1 hned m\u00edsto televize se na ni budu d\u00edvat,&#8220; vtipkovala. &#8222;Asi ji d\u00e1m hned vedle juniorsk\u00e9ho grandslamov\u00e9ho titulu. Ten poh\u00e1r je v\u011bt\u0161\u00ed, tak je to vtipn\u00fd, ale tohle je cenn\u011bj\u0161\u00ed,&#8220; doplnila.<\/p>\n<p>Od sobotn\u00edho fin\u00e1le je v jednom kole, absolvovala i tradi\u010dn\u00ed tanec \u0161ampion\u016f s v\u00edt\u011bzem mu\u017esk\u00e9 dvouhry Jannikem Sinnerem. &#8222;Jannik i j\u00e1 jsme tan\u010dili tro\u0161ku nerv\u00f3zn\u011b, nebylo to \u00fapln\u011b nejp\u0159\u00edjemn\u011bj\u0161\u00ed,&#8220; sv\u011b\u0159ila se Noskov\u00e1.<\/p>\n<p>Po fin\u00e1le dostala spoustu gratulac\u00ed. &#8222;Bylo tam hodn\u011b sportovc\u016f nejen z tenisu. Pamatuji si, \u017ee tam byl t\u0159eba Petr \u010cech. A gratulovala mi i politi\u010dka Danu\u0161e Nerudov\u00e1, kterou jsem podporovala,&#8220; uvedla Noskov\u00e1.<\/p>\n<p>Je\u0161t\u011b si nestihla p\u0159e\u010d\u00edst v\u0161echna blahop\u0159\u00e1n\u00ed. Jenom v aplikaci whatsapp m\u00e1 100 nep\u0159e\u010dten\u00fdch zpr\u00e1v. &#8222;Chci se takhle ve\u0159ejn\u011b omluvit, \u017ee jsem v\u0161em neodepsala,&#8220; litovala tenistka poch\u00e1zej\u00edc\u00ed z Byst\u0159i\u010dky u Vala\u0161sk\u00e9ho Mezi\u0159\u00ed\u010d\u00ed.<\/p>\n<p>V\u011b\u0159\u00ed, \u017ee ji prvn\u00ed grandslamov\u00fd titul nezm\u011bn\u00ed. &#8222;Pro m\u011b se \u017e\u00e1dn\u00e1 velk\u00e1 zm\u011bna nestala, j\u00e1 se budu sna\u017eit se chovat po\u0159\u00e1d stejn\u011b. Tyhle tituly jsou to, pro\u010d hraju tenis, ale douf\u00e1m, \u017ee m\u016fj soukrom\u00fd \u017eivot se nezm\u011bn\u00ed,&#8220; poznamenala Noskov\u00e1.<\/p>\n<p>Nejv\u00edc se t\u011b\u0161\u00ed na odpo\u010dinek, na velk\u00e9 n\u00e1kupy za odm\u011bnu ji neu\u017eije. &#8222;Ten odpo\u010dinek v jak\u00e9mkoliv smyslu bude to nejcenn\u011bj\u0161\u00ed,&#8220; sv\u011b\u0159ila se. P\u016fjde kamar\u00e1dce Tereze Mihal\u00edkov\u00e9 za dru\u017ei\u010dku na svatbu, pak mo\u017en\u00e1 stihne p\u00e1r dn\u00ed u mo\u0159e.<\/p>\n<p>Pl\u00e1nuje tak\u00e9 p\u0159ijmout pozv\u00e1n\u00ed prezidenta Petra Pavla na Hrad. &#8222;Takovou pozv\u00e1nku je t\u011b\u017ek\u00e9 odm\u00edtnout. Ur\u010dit\u011b to bude sou\u010d\u00e1st\u00ed t\u011bchto dn\u016f, detaily se je\u0161t\u011b dolad\u00ed,&#8220; \u0159ekla Noskov\u00e1, kter\u00e9 dnes pogratuloval ministr pro sport, prevenci a zdrav\u00ed Boris \u0160\u0165astn\u00fd (Motorist\u00e9) i sportovn\u00ed \u0159editel \u010cesk\u00e9ho tenisov\u00e9ho svazu Jan Sto\u010des.<\/p>\n<p>A\u017e se Noskov\u00e1 vr\u00e1t\u00ed na tenisov\u00fd okruh, z\u0159ejm\u011b se brzy potk\u00e1 s kamar\u00e1dkou Karol\u00ednou Muchovou, kter\u00e9 v historick\u00e9m \u010desk\u00e9m fin\u00e1le zma\u0159ila sen o grandslamov\u00e9m titulu. &#8222;Mysl\u00edm, \u017ee jsme profesion\u00e1lky. V\u011b\u0159\u00edm, \u017ee na dal\u0161\u00edm turnaji, co se uvid\u00edme, budeme moci hr\u00e1t debla, zatr\u00e9novat si,&#8220; uvedla Noskov\u00e1. Ve v\u00edt\u011bzn\u00fdch ritu\u00e1lech z Wimbledonu ale pokra\u010dovat nechce. &#8222;J\u00e1 douf\u00e1m, \u017ee je v\u0161echny na dal\u0161\u00edm turnaji zapomenu a budu moci za\u010d\u00edt s nov\u00fdm, \u010dist\u00fdm \u0161t\u00edtem,&#8220; dodala.<\/p>\n<p class=\"tags\">&#13;<br \/>\n<a href=\"http:\/\/www.sportovninoviny.cz\/tema\/sport\/256\" class=\"tag blue\" itemprop=\"about\" rel=\"tag nofollow noopener\" target=\"_blank\">Sport<\/a>&#13;<br \/>\n&#13;<br \/>\n&#13;<br \/>\n&#13;<br \/>\n<a href=\"http:\/\/www.sportovninoviny.cz\/tema\/tenis\/528\" class=\"tag blue\" itemprop=\"about\" rel=\"tag nofollow noopener\" target=\"_blank\">tenis<\/a>&#13;<br \/>\n&#13;<br \/>\n&#13;<br \/>\n&#13;<br \/>\n<a href=\"http:\/\/www.sportovninoviny.cz\/tema\/noskova\/64605\" class=\"tag blue\" itemprop=\"about\" rel=\"tag nofollow noopener\" target=\"_blank\">Noskov\u00e1<\/a>&#13;<br \/>\n&#13;<br \/>\n&#13;<br \/>\n&#13;<br \/>\n<a href=\"http:\/\/www.sportovninoviny.cz\/tema\/wimbledon\/38081\" class=\"tag blue\" itemprop=\"about\" rel=\"tag nofollow noopener\" target=\"_blank\">Wimbledon<\/a>&#13;<br \/>\n&#13;<br \/>\n&#13;<br \/>\n&#13;<br \/>\n<a href=\"http:\/\/www.sportovninoviny.cz\/tema\/video\/89237\" class=\"tag blue\" itemprop=\"about\" rel=\"tag nofollow noopener\" target=\"_blank\">VIDEO<\/a>&#13;<br \/>\n&#13;<br \/>\n&#13;<br \/>\n&#13;<br \/>\n &#13;<\/p>\n","protected":false},"excerpt":{"rendered":"&#13; Komer\u010dn\u00ed prezentace Aktual.: 13.07.2026 19:37&#13; Vyd\u00e1no: 13.07.2026, 19:37&#13; Praha &#8211; Wimbledonsk\u00e1 \u0161ampionka Linda Noskov\u00e1 je v Praze.&hellip;\n","protected":false},"author":2,"featured_media":146836,"comment_status":"","ping_status":"","sticky":false,"template":"","format":"standard","meta":{"footnotes":"","_share_on_mastodon":"0"},"categories":[30],"tags":[302,304,305,303,22473,98,99,94,1912,424,11648],"class_list":["post-146835","post","type-post","status-publish","format-standard","has-post-thumbnail","category-praha","tag-ceskenoviny-cz","tag-cn","tag-cn-cz","tag-ctk","tag-noskova","tag-prague","tag-praha","tag-sport","tag-tenis","tag-video","tag-wimbledon"],"share_on_mastodon":{"url":"https:\/\/pubeurope.com\/@cz\/116913985627439085","error":""},"_links":{"self":[{"href":"https:\/\/www.europesays.com\/cz\/wp-json\/wp\/v2\/posts\/146835","targetHints":{"allow":["GET"]}}],"collection":[{"href":"https:\/\/www.europesays.com\/cz\/wp-json\/wp\/v2\/posts"}],"about":[{"href":"https:\/\/www.europesays.com\/cz\/wp-json\/wp\/v2\/types\/post"}],"author":[{"embeddable":true,"href":"https:\/\/www.europesays.com\/cz\/wp-json\/wp\/v2\/users\/2"}],"replies":[{"embeddable":true,"href":"https:\/\/www.europesays.com\/cz\/wp-json\/wp\/v2\/comments?post=146835"}],"version-history":[{"count":0,"href":"https:\/\/www.europesays.com\/cz\/wp-json\/wp\/v2\/posts\/146835\/revisions"}],"wp:featuredmedia":[{"embeddable":true,"href":"https:\/\/www.europesays.com\/cz\/wp-json\/wp\/v2\/media\/146836"}],"wp:attachment":[{"href":"https:\/\/www.europesays.com\/cz\/wp-json\/wp\/v2\/media?parent=146835"}],"wp:term":[{"taxonomy":"category","embeddable":true,"href":"https:\/\/www.europesays.com\/cz\/wp-json\/wp\/v2\/categories?post=146835"},{"taxonomy":"post_tag","embeddable":true,"href":"https:\/\/www.europesays.com\/cz\/wp-json\/wp\/v2\/tags?post=146835"}],"curies":[{"name":"wp","href":"https:\/\/api.w.org\/{rel}","templated":true}]}}