{"id":147123,"date":"2026-07-14T05:01:13","date_gmt":"2026-07-14T05:01:13","guid":{"rendered":"https:\/\/www.europesays.com\/cz\/147123\/"},"modified":"2026-07-14T05:01:13","modified_gmt":"2026-07-14T05:01:13","slug":"chirurg-slavnych-kdo-vylepsuje-hollywoodske-celebrity","status":"publish","type":"post","link":"https:\/\/www.europesays.com\/cz\/147123\/","title":{"rendered":"Chirurg slavn\u00fdch: Kdo vylep\u0161uje hollywoodsk\u00e9 celebrity?"},"content":{"rendered":"<p class=\"b_bt\">V roce 2011\u00a0producentka a\u00a0podnikatelka Kris Jenner p\u0159iznala, \u017ee m\u00e1 <a data-dot=\"atm-link\" target=\"_blank\" href=\"https:\/\/www.prozeny.cz\/clanek\/krasa-a-moda-krasna-tvar-facelift-co-to-je-kdy-na-nej-jit-94764\" class=\"b_f\" rel=\"nofollow noopener\">facelift<\/a> i\u00a0zv\u011bt\u0161en\u00e1 prsa. Kdy\u017e nav\u00edc jmenovala mu\u017ee, kter\u00fd j\u00ed oba z\u00e1kroky provedl, poda\u0159il se j\u00ed nev\u00eddan\u00fd kousek\u00a0\u2013 jej\u00ed dozn\u00e1n\u00ed bylo prvn\u00edm kr\u016f\u010dkem k\u00a0normalizaci do t\u00e9 doby \u201ep\u0159\u00edsn\u011b tajn\u00fdch\u201c z\u00e1krok\u016f, kter\u00e9 podstupovala nejedna hollywoodsk\u00e1 diva. A\u00a0z\u00a0nezn\u00e1m\u00e9ho l\u00e9ka\u0159e z\u00a0mal\u00e9ho m\u011bste\u010dka v\u00a0Mississippi se stal l\u00e9ka\u0159 celebrit, kter\u00fd dnes p\u016fsob\u00ed na luxusn\u00ed klinice v\u00a0Beverly Hills a\u00a0\u010d\u00e1ste\u010dn\u011b i\u00a0v metropoli Spojen\u00fdch arabsk\u00fdch emir\u00e1t\u016f. Co a\u00a0kdo stoj\u00ed za jeho neb\u00fdval\u00fdm \u00fasp\u011bchem?<\/p>\n<p>Extr\u00e9mn\u00ed \u017eivotn\u00ed prom\u011bna<\/p>\n<p class=\"b_bt\">Krom\u011b <a data-dot=\"atm-link\" target=\"_blank\" href=\"https:\/\/www.prozeny.cz\/tag\/kris-jenner-16741\" class=\"b_f\" rel=\"nofollow noopener\">Kris Jenner<\/a> pomohl doktor Fisher k\u00a0dokonalosti tak\u00e9 jej\u00edm t\u0159em dcer\u00e1m: <a data-dot=\"atm-link\" target=\"_blank\" href=\"https:\/\/www.prozeny.cz\/tag\/kylie-jenner-16828\" class=\"b_f\" rel=\"nofollow noopener\">Kylie Jenner<\/a> a\u00a0Khlo\u00e9 a\u00a0Kourtney Kardashianov\u00fdm. <a data-dot=\"atm-link\" target=\"_blank\" href=\"https:\/\/www.prozeny.cz\/tag\/khloe-kardashian-16621\" class=\"b_f\" rel=\"nofollow noopener\">Khlo\u00e9<\/a> v\u00a0roce 2022\u00a0dokonce odstranil z\u00a0tv\u00e1\u0159e zhoubn\u00fd melanom, kter\u00fd j\u00ed byl diagnostikov\u00e1n. Na po\u010d\u00e1tku sv\u00e9 kari\u00e9ry byl dvorn\u00edm chirurgem vydavatele Hugha Hefnera, kter\u00fd prov\u00e1d\u011bl operace zv\u011bt\u0161en\u00ed prsou modelk\u00e1m z\u00a0magaz\u00ednu Playboy.<\/p>\n<p class=\"b_bt\">Mimo jin\u00e9 pomohl here\u010dce <a data-dot=\"atm-link\" target=\"_blank\" href=\"https:\/\/www.prozeny.cz\/clanek\/krasa-a-moda-vlasy-zeny-ktere-nemeni-uces-lisa-rinna-a-jeji-rostacky-rozcuch-nebo-gwen-stefani-a-jeji-platinova-blond-90715\" class=\"b_f\" rel=\"nofollow noopener\">Lise Rinn\u011b<\/a> dos\u00e1hnout p\u0159irozen\u011bj\u0161\u00edho vzhledu rt\u016f pot\u00e9, co si na konci 80.\u00a0let nechala aplikovat trval\u00e9 silikonov\u00e9 v\u00fdpln\u011b do rt\u016f. Modelce Amber Rose pro zm\u011bnu zmen\u0161il jej\u00ed bujn\u00e9 poprs\u00ed. K\u00a0dokonalosti pomohl \u00fadajn\u011b i\u00a0des\u00edtk\u00e1m zn\u00e1m\u00fdch supermodelek.<\/p>\n<p class=\"b_bt\">Jako v\u016fbec prvn\u00ed plastick\u00fd chirurg byl vybr\u00e1n do po\u0159adu \u201eExtreme Makeover\u201c, kter\u00fd je zn\u00e1m\u00fd i\u00a0u n\u00e1s pod n\u00e1zvem <a data-dot=\"atm-link\" target=\"_blank\" href=\"https:\/\/www.prozeny.cz\/clanek\/zdravi-a-zivotni-styl-extremni-promeny-98333\" class=\"b_f\" rel=\"nofollow noopener\">Extr\u00e9mn\u00ed prom\u011bny<\/a>. <\/p>\n<p>V jeden\u00e1cti hlavou rodiny<\/p>\n<p class=\"b_bt\">Ne\u017e se stal slavn\u00fdm a\u00a0vyhled\u00e1van\u00fdm odborn\u00edkem na \u017eenskou kr\u00e1su, vyzkou\u0161el si Garth Fisher hned n\u011bkolik profes\u00ed. Rozn\u00e1\u0161el noviny, byl pokr\u00fdva\u010dem st\u0159ech a\u00a0um\u00fdval n\u00e1dob\u00ed v\u00a0restauraci.<\/p>\n<p class=\"b_bt\">Kdy\u017e mu bylo jeden\u00e1ct, ode\u0161el jeho otec Donald Garth Fisher bojovat do v\u00e1lky ve Vietnamu. Doma zanechal krom\u011b dosp\u00edvaj\u00edc\u00edho chlapce a\u00a0man\u017eelky je\u0161t\u011b mlad\u0161\u00ed dceru. \u201eKdy\u017e m\u011b toho pozdn\u00edho odpoledne otec p\u0159ed sv\u00fdm odchodem pevn\u011b objal, \u0159ekl mi, \u017ee existuje mo\u017enost, \u017ee se nevr\u00e1t\u00ed. \u0158ekl mi, \u017ee zat\u00edmco bude pry\u010d, mus\u00edm b\u00fdt \u201ahlavou\u2018 rodiny. Byl to posledn\u00ed rozhovor, kter\u00fd jsem kdy vedl se sv\u00fdm otcem, a\u00a0z\u00e1rove\u0148 to bylo naposledy, co jsem ho vid\u011bl,\u201c popsal Garth Fisher obdob\u00ed nelehk\u00e9ho dosp\u00edv\u00e1n\u00ed.<\/p>\n<p><img fetchpriority=\"high\" height=\"881\"   width=\"518\" src=\"https:\/\/www.europesays.com\/cz\/wp-content\/uploads\/2026\/07\/garth-fisher.png\" loading=\"eager\" decoding=\"sync\" class=\"b_u b_s\"\/>Foto: Instagram Gartha FisheraZadky nezv\u011bt\u0161uji!<\/p>\n<p class=\"b_bt\">I\u00a0kdy\u017e Garth Fisher tou\u017eil pat\u0159it mezi \u0161pi\u010dky ve sv\u00e9m oboru, i\u00a0on na za\u010d\u00e1tku sv\u00e9 kari\u00e9ry ud\u011blal z\u00e1sadn\u00ed chybu: jedn\u00e9 extr\u00e9mn\u011b huben\u00e9 \u017een\u011b voperoval prsn\u00ed implant\u00e1ty velikosti DDD. V\u00fdsledkem pr\u00fd byl velmi nep\u0159irozen\u00fd vzhled. Jako l\u00e9ka\u0159 je dnes zn\u00e1m\u00fd hlavn\u011b t\u00edm, \u017ee si p\u0159i sv\u00e9 pr\u00e1ci zakl\u00e1d\u00e1 na co nejv\u011bt\u0161\u00ed p\u0159irozenosti. Za <a data-dot=\"atm-link\" target=\"_blank\" href=\"https:\/\/www.prozeny.cz\/clanek\/zdravi-esteticka-medicina-zvetseni-prsou-na-pockani-prulomova-metoda-pro-prirozeny-efekt-bez-narkozy-a-nebudete-mit-ani-jizvu-100821\" class=\"b_f\" rel=\"nofollow noopener\">zv\u011bt\u0161en\u00ed prsou<\/a> plat\u00ed u\u00a0n\u011bj \u017eeny zhruba 30\u00a0tis\u00edc\u00a0dolar\u016f, co\u017e je v\u00a0p\u0159epo\u010dtu v\u00edce ne\u017e 600\u00a0tis\u00edc korun.<\/p>\n<p class=\"b_bt\">Odborn\u00edk na \u017eenskou kr\u00e1su o\u00a0sob\u011b \u0159\u00edk\u00e1, \u017ee je v\u0161eobecn\u00fdm chirurgem. Na p\u0159\u00e1n\u00ed vylad\u00ed do dokonalosti jakoukoli \u010d\u00e1st t\u011bla, kterou si jeho klienti p\u0159ej\u00ed upravit. \u010casto prov\u00e1d\u00ed <a data-dot=\"atm-link\" target=\"_blank\" href=\"https:\/\/www.prozeny.cz\/tag\/plasticka-chirurgie-45337\" class=\"b_f\" rel=\"nofollow noopener\">korek\u010dn\u00ed a\u00a0kosmetick\u00e9 z\u00e1kroky<\/a> pro matky prost\u0159ednictv\u00edm specializovan\u00fdch operac\u00ed, takzvan\u00e9 \u201emommy makeover\u201c, a\u00a0u d\u011bt\u00ed\u00a0otoplastiky (operace u\u0161\u00ed).<\/p>\n<p class=\"b_bt\">Jednomu z\u00e1kroku se ale p\u0159ece jen vyh\u00fdb\u00e1: brazilsk\u00e9mu liftingu h\u00fd\u017ed\u00ed, kter\u00fd je podle n\u011bj velmi nebezpe\u010dn\u00fd. \u201eNez\u00e1le\u017e\u00ed na tom, jak jste ve sv\u00e9m oboru zru\u010dn\u00ed; samotn\u00fd z\u00e1krok s\u00a0sebou nese vy\u0161\u0161\u00ed m\u00edru \u00famrtnosti a\u00a0komplikac\u00ed ne\u017e jin\u00e9 b\u011b\u017en\u00e9 kosmetick\u00e9 z\u00e1kroky,\u201c nechal se sly\u0161et odborn\u00edk.<\/p>\n<p>Kruh se uzav\u0159el<\/p>\n<p class=\"b_bt\">\u017den mu pod rukama pro\u0161ly des\u00edtky tis\u00edc, t\u011bch osudov\u00fdch bylo jen p\u00e1r. Se svou prvn\u00ed man\u017eelkou,\u00a0here\u010dkou Brooke Burke, m\u00e1 dv\u011b dosp\u011bl\u00e9 dcery Neriah a\u00a0Sierru Sky. Podruh\u00e9 byl \u017eenat\u00fd s\u00a0modelkou Jessicou Canseco, man\u017eelstv\u00ed v\u0161ak vydr\u017eelo jen \u010dty\u0159i roky. Pot\u0159et\u00ed do toho pra\u0161til s\u00a0o 27\u00a0let mlad\u0161\u00ed modelkou Suelyn Medeiros, kterou si vzal p\u0159ed dv\u011bma lety.<\/p>\n<p class=\"b_bt\">\u201eKruh se uzav\u0159el. Jsem jen o\u00a0m\u00e1lo star\u0161\u00ed ne\u017e byl m\u016fj otec, kdy\u017e n\u00e1s opustil. Kdy\u017e sleduji, jak m\u00e9 dv\u011b hol\u010di\u010dky rostou a\u00a0vyv\u00edjej\u00ed se, ka\u017ed\u00fd den p\u0159em\u00fd\u0161l\u00edm o\u00a0tom, jak\u00e9 by byly jejich \u017eivoty, kdybych jim byl n\u00e1hle od\u0148at. Jako l\u00e9ka\u0159 si uv\u011bdomuji hodnotu lidsk\u00e9ho \u017eivota i\u00a0to, \u017ee ka\u017ed\u00fd den str\u00e1ven\u00fd s\u00a0rodinou je po\u017eehn\u00e1n\u00edm a\u00a0\u00fasp\u011bchem s\u00e1m o\u00a0sob\u011b,\u201c reflektoval sv\u016fj \u017eivot p\u0159ed lety jeden z\u00a0nejrespektovan\u011bj\u0161\u00edch plastick\u00fdch chirurg\u016f (nejen) v\u00a0Hollywoodu.<\/p>\n","protected":false},"excerpt":{"rendered":"V roce 2011\u00a0producentka a\u00a0podnikatelka Kris Jenner p\u0159iznala, \u017ee m\u00e1 facelift i\u00a0zv\u011bt\u0161en\u00e1 prsa. Kdy\u017e nav\u00edc jmenovala mu\u017ee, kter\u00fd j\u00ed&hellip;\n","protected":false},"author":2,"featured_media":147124,"comment_status":"","ping_status":"","sticky":false,"template":"","format":"standard","meta":{"footnotes":"","_share_on_mastodon":"0"},"categories":[14],"tags":[38095,38093,79,124,38092,22498,38094,2171,10690,370,80,31250],"class_list":["post-147123","post","type-post","status-publish","format-standard","has-post-thumbnail","category-zabava","tag-amber-rose","tag-augmentace","tag-entertainment","tag-hollywood","tag-khloe-kardashian","tag-kris-jenner","tag-lisa-rinna","tag-modelky","tag-plasticka-chirurgie","tag-vip","tag-zabava","tag-zvetseni-prsou"],"share_on_mastodon":{"url":"https:\/\/pubeurope.com\/@cz\/116916576915648626","error":""},"_links":{"self":[{"href":"https:\/\/www.europesays.com\/cz\/wp-json\/wp\/v2\/posts\/147123","targetHints":{"allow":["GET"]}}],"collection":[{"href":"https:\/\/www.europesays.com\/cz\/wp-json\/wp\/v2\/posts"}],"about":[{"href":"https:\/\/www.europesays.com\/cz\/wp-json\/wp\/v2\/types\/post"}],"author":[{"embeddable":true,"href":"https:\/\/www.europesays.com\/cz\/wp-json\/wp\/v2\/users\/2"}],"replies":[{"embeddable":true,"href":"https:\/\/www.europesays.com\/cz\/wp-json\/wp\/v2\/comments?post=147123"}],"version-history":[{"count":0,"href":"https:\/\/www.europesays.com\/cz\/wp-json\/wp\/v2\/posts\/147123\/revisions"}],"wp:featuredmedia":[{"embeddable":true,"href":"https:\/\/www.europesays.com\/cz\/wp-json\/wp\/v2\/media\/147124"}],"wp:attachment":[{"href":"https:\/\/www.europesays.com\/cz\/wp-json\/wp\/v2\/media?parent=147123"}],"wp:term":[{"taxonomy":"category","embeddable":true,"href":"https:\/\/www.europesays.com\/cz\/wp-json\/wp\/v2\/categories?post=147123"},{"taxonomy":"post_tag","embeddable":true,"href":"https:\/\/www.europesays.com\/cz\/wp-json\/wp\/v2\/tags?post=147123"}],"curies":[{"name":"wp","href":"https:\/\/api.w.org\/{rel}","templated":true}]}}