{"id":147341,"date":"2026-07-14T09:12:18","date_gmt":"2026-07-14T09:12:18","guid":{"rendered":"https:\/\/www.europesays.com\/cz\/147341\/"},"modified":"2026-07-14T09:12:18","modified_gmt":"2026-07-14T09:12:18","slug":"omoda-jaecoo-v-cesku-rozdava-darky-v-podstate-za-pozdrav-a-k-tomu-vam-usetri-az-150-000-kc","status":"publish","type":"post","link":"https:\/\/www.europesays.com\/cz\/147341\/","title":{"rendered":"Omoda &#038; Jaecoo v \u010cesku rozd\u00e1v\u00e1 d\u00e1rky v podstat\u011b za pozdrav. A k tomu v\u00e1m u\u0161et\u0159\u00ed a\u017e 150.000 K\u010d"},"content":{"rendered":"<p>\u010c\u00ednsk\u00e1 zna\u010dka\u00a0Omoda &amp; Jaecoo zah\u00e1jila 8. \u010dervence akci pojmenovanou Super l\u00e9to, super ceny. V r\u00e1mci n\u00ed lze z\u00edskat letn\u00ed edici model\u016f Omoda 7 a Omoda 9 se zv\u00fdhodn\u011bn\u00edm a\u017e 150.000 korun.<\/p>\n<p>Kdy\u017e v leto\u0161n\u00edm l\u00e9t\u011b zav\u00edt\u00e1te do showroom\u016f zna\u010dky Omoda &amp; Jaecoo a po\u017e\u00e1d\u00e1te o zku\u0161ebn\u00ed j\u00edzdu, z\u00edsk\u00e1te k n\u00ed letn\u00ed bal\u00ed\u010dek s v\u00fdbavou na cesty. P\u0159itom ale nemus\u00edte v\u016fz kupovat. Obsahuje slune\u010dn\u00ed br\u00fdle, pl\u00e1\u017eovou ta\u0161ku, ru\u010dn\u00edk, nafukovac\u00ed balon a omalov\u00e1nky pro d\u011bti. Pokud si ale v\u016fz koup\u00edte, m\u016f\u017eete jej m\u00edt za cenu ni\u017e\u0161\u00ed o 150.000 korun.<\/p>\n<p>\u201eChceme, aby si z\u00e1kazn\u00edci u\u017eili l\u00e9to naplno a bez starost\u00ed v nov\u00e9m, bezpe\u010dn\u00e9m a modern\u00edm voze, kter\u00fdm budou moci hned odjet. Letn\u00ed bal\u00ed\u010dek a cenov\u00e9 zv\u00fdhodn\u011bn\u00ed je n\u00e1\u0161 zp\u016fsob, jak jim za\u010d\u00e1tek l\u00e9ta zp\u0159\u00edjemnit,\u201c \u0159\u00edk\u00e1 Petra R\u016f\u017ei\u010dkov\u00e1, Country Director Omoda &amp; Jaecoo Czech Republic.<\/p>\n<p><a class=\"article-card__image\" data-ac-image=\"\" href=\"https:\/\/www.auto.cz\/za-volantem-omody-7-primo-v-cesku-jak-jezdi-cinsky-velar-a-proc-by-vas-mel-zajimat-161591\" title=\"Za volantem Omody 7 p\u0159\u00edmo v \u010cesku: Jak jezd\u00ed \u010d\u00ednsk\u00fd velar a pro\u010d by v\u00e1s m\u011bl zaj\u00edmat?\" rel=\"nofollow noopener\" target=\"_blank\"><img decoding=\"async\" alt=\"Za volantem Omody 7 p\u0159\u00edmo v \u010cesku: Jak jezd\u00ed \u010d\u00ednsk\u00fd velar a pro\u010d by v\u00e1s m\u011bl zaj\u00edmat?\" title=\"Za volantem Omody 7 p\u0159\u00edmo v \u010cesku: Jak jezd\u00ed \u010d\u00ednsk\u00fd velar a pro\u010d by v\u00e1s m\u011bl zaj\u00edmat?\" class=\"\" data-magazine=\"\" src=\"https:\/\/www.europesays.com\/cz\/wp-content\/uploads\/2026\/07\/1784020334_827_9898942.jpg\" loading=\"lazy\" style=\"aspect-ratio: 328 \/ 184\"\/><\/a><a class=\"article-card__title-link line-limit-3\" data-ac-title=\"\" href=\"https:\/\/www.auto.cz\/za-volantem-omody-7-primo-v-cesku-jak-jezdi-cinsky-velar-a-proc-by-vas-mel-zajimat-161591\" title=\"Za volantem Omody 7 p\u0159\u00edmo v \u010cesku: Jak jezd\u00ed \u010d\u00ednsk\u00fd velar a pro\u010d by v\u00e1s m\u011bl zaj\u00edmat?\" rel=\"nofollow noopener\" target=\"_blank\">Za volantem Omody 7 p\u0159\u00edmo v \u010cesku: Jak jezd\u00ed \u010d\u00ednsk\u00fd velar a pro\u010d by v\u00e1s m\u011bl zaj\u00edmat?<\/a><\/p>\n<p>Letn\u00ed cenov\u011b zv\u00fdhodn\u011bn\u00e1 nab\u00eddka se t\u00fdk\u00e1 vybran\u00fdch elektrifikovan\u00fdch model\u016f zna\u010dky Omoda. \u010cervenec pat\u0159\u00ed men\u0161\u00ed a nov\u011bj\u0161\u00ed Omod\u011b 7. Modern\u00ed SUV je k dispozici i jako plug-in hybrid (verze SHS) s \u010dist\u011b elektrick\u00fdm dojezdem a\u017e 90 km a kombinovan\u00fdm dojezdem a\u017e 1200 km podle WLTP. Nab\u00edz\u00ed 5 m\u00edst, zavazadlov\u00fd prostor 537 l (1294 l po sklopen\u00ed zadn\u00edch sedadel) a p\u011btihv\u011bzdi\u010dkov\u00e9 hodnocen\u00ed Euro NCAP. Cena po zv\u00fdhodn\u011bn\u00ed startuje na \u010d\u00e1stce od 809.000 K\u010d v\u010detn\u011b DPH (benzin), plug-in hybrid SHS je k m\u00e1n\u00ed od 929.000 K\u010d v\u010detn\u011b DPH.<\/p>\n<p>Ve druh\u00e9m pr\u00e1zdninov\u00e9m m\u011bs\u00edci, tedy v srpnu, se bude uveden\u00e1 nab\u00eddka vztahovat na v\u011bt\u0161\u00ed model Omoda 9. Tedy prostorn\u00e9 rodinn\u00e9 SUV s plug-in hybridn\u00edm pohonem a pohonem v\u0161ech kol. Jeho \u010dist\u011b elektrick\u00fd dojezd \u010din\u00ed a\u017e 145 km, celkov\u00fd, tedy v hybridn\u00edm re\u017eimu, dokonce 1100 km dle WLTP. V\u016fz zrychl\u00ed z 0 na 100 km\/h za 4,9 s, nab\u00edz\u00ed zavazadlov\u00fd prostor 660 l (1783 l po sklopen\u00ed) a tak\u00e9 velmi dobr\u00fd audiosyst\u00e9m od firmy Sony se 14 reproduktory. Cena po zv\u00fdhodn\u011bn\u00ed za\u010d\u00edn\u00e1 od 1.149.000 K\u010d s DPH.<\/p>\n<p><a class=\"article-card__image\" data-ac-image=\"\" href=\"https:\/\/www.auto.cz\/test-omoda-9-premium-luxus-nemusi-byt-drahy-158990\" title=\"TEST Omoda 9 Premium \u2013 Luxus nemus\u00ed b\u00fdt drah\u00fd\" rel=\"nofollow noopener\" target=\"_blank\"><img decoding=\"async\" alt=\"TEST Omoda 9 Premium \u2013 Luxus nemus\u00ed b\u00fdt drah\u00fd\" title=\"TEST Omoda 9 Premium \u2013 Luxus nemus\u00ed b\u00fdt drah\u00fd\" class=\"\" data-magazine=\"\" src=\"https:\/\/www.europesays.com\/cz\/wp-content\/uploads\/2026\/07\/9664487.jpg\" loading=\"lazy\" style=\"aspect-ratio: 328 \/ 184\"\/><\/a><a class=\"article-card__title-link line-limit-3\" data-ac-title=\"\" href=\"https:\/\/www.auto.cz\/test-omoda-9-premium-luxus-nemusi-byt-drahy-158990\" title=\"TEST Omoda 9 Premium \u2013 Luxus nemus\u00ed b\u00fdt drah\u00fd\" rel=\"nofollow noopener\" target=\"_blank\">TEST Omoda 9 Premium \u2013 Luxus nemus\u00ed b\u00fdt drah\u00fd<\/a><\/p>\n<p>Uveden\u00e1 cenov\u00e1 akce se vztahuje na vozidla skladem, kter\u00e1 jsou okam\u017eit\u011b k odebr\u00e1n\u00ed. Zde je pot\u0159eba zd\u016fraznit, \u017ee se na n\u011b vztahuje z\u00e1ruka 7 let, 3 roky asisten\u010dn\u00edch slu\u017eeb zdarma a k dispozici m\u00e1te v\u00edce ne\u017e 30 prodejen a servis\u016f po cel\u00e9m \u00fazem\u00ed \u010cR. Letn\u00ed akce Super l\u00e9to, super ceny plat\u00ed od 8. 7. do 31. 8. 2026 v\u00fdhradn\u011b u autorizovan\u00fdch prodejc\u016f Omoda &amp; Jaecoo.<\/p>\n<p><img decoding=\"async\" src=\"https:\/\/www.europesays.com\/cz\/wp-content\/uploads\/2026\/06\/1781197753_623_retina.jpg\" alt=\"Video placeholder\" class=\"gvjp-video-placeholder\"\/><\/p>\n<p>\n\t\t\t\tOmoda 7 \u2022 Omoda\n\t\t\t<\/p>\n<p>Zdroj: tiskov\u00e1 zpr\u00e1va Omoda &amp; Jaecoo<\/p>\n","protected":false},"excerpt":{"rendered":"\u010c\u00ednsk\u00e1 zna\u010dka\u00a0Omoda &amp; Jaecoo zah\u00e1jila 8. \u010dervence akci pojmenovanou Super l\u00e9to, super ceny. V r\u00e1mci n\u00ed lze z\u00edskat&hellip;\n","protected":false},"author":2,"featured_media":147342,"comment_status":"","ping_status":"","sticky":false,"template":"","format":"standard","meta":{"footnotes":"","_share_on_mastodon":"0"},"categories":[12],"tags":[67,68,2131,11447,11449,8988,15403,768,424],"class_list":["post-147341","post","type-post","status-publish","format-standard","has-post-thumbnail","category-byznys","tag-business","tag-byznys","tag-cesky-trh","tag-jaecoo","tag-omoda","tag-omoda-7","tag-omoda-9","tag-redakcni-video","tag-video"],"share_on_mastodon":{"url":"https:\/\/pubeurope.com\/@cz\/116917564375742309","error":""},"_links":{"self":[{"href":"https:\/\/www.europesays.com\/cz\/wp-json\/wp\/v2\/posts\/147341","targetHints":{"allow":["GET"]}}],"collection":[{"href":"https:\/\/www.europesays.com\/cz\/wp-json\/wp\/v2\/posts"}],"about":[{"href":"https:\/\/www.europesays.com\/cz\/wp-json\/wp\/v2\/types\/post"}],"author":[{"embeddable":true,"href":"https:\/\/www.europesays.com\/cz\/wp-json\/wp\/v2\/users\/2"}],"replies":[{"embeddable":true,"href":"https:\/\/www.europesays.com\/cz\/wp-json\/wp\/v2\/comments?post=147341"}],"version-history":[{"count":0,"href":"https:\/\/www.europesays.com\/cz\/wp-json\/wp\/v2\/posts\/147341\/revisions"}],"wp:featuredmedia":[{"embeddable":true,"href":"https:\/\/www.europesays.com\/cz\/wp-json\/wp\/v2\/media\/147342"}],"wp:attachment":[{"href":"https:\/\/www.europesays.com\/cz\/wp-json\/wp\/v2\/media?parent=147341"}],"wp:term":[{"taxonomy":"category","embeddable":true,"href":"https:\/\/www.europesays.com\/cz\/wp-json\/wp\/v2\/categories?post=147341"},{"taxonomy":"post_tag","embeddable":true,"href":"https:\/\/www.europesays.com\/cz\/wp-json\/wp\/v2\/tags?post=147341"}],"curies":[{"name":"wp","href":"https:\/\/api.w.org\/{rel}","templated":true}]}}