{"id":147371,"date":"2026-07-14T09:36:23","date_gmt":"2026-07-14T09:36:23","guid":{"rendered":"https:\/\/www.europesays.com\/cz\/147371\/"},"modified":"2026-07-14T09:36:23","modified_gmt":"2026-07-14T09:36:23","slug":"didier-deschamps-kouc-francie-a-nejuspesnejsi-muz-v-historii-fotbalu-uz-vyhlizi-dalsi-finale-idnes-cz","status":"publish","type":"post","link":"https:\/\/www.europesays.com\/cz\/147371\/","title":{"rendered":"Didier Deschamps, kou\u010d Francie a nej\u00fasp\u011b\u0161n\u011bj\u0161\u00ed mu\u017e v historii fotbalu. U\u017e vyhl\u00ed\u017e\u00ed dal\u0161\u00ed fin\u00e1le? &#8211; iDNES.cz"},"content":{"rendered":"<p><a href=\"https:\/\/news.google.com\/rss\/articles\/CBMixAFBVV95cUxQc19JR2VaamlRM0JQSTBKeE9vQ2IxR2FHeVNqN18teEN4SU1kN240ekY0SkpkWTdMazhZN09SUGRnck5sSk1pTGU2T3E0Znd0VDBST1htZ1ZIY0xlSU1Vc0d6cG9rTUczd3hvTTJSaHc5OU5YNjQ1a09pVmw5N2RNS3Fvb2lSMmtxR0w1ckhlVEcyM2hGS1p1bGszMGpuY2FTb19sLTVyNlU1b2t0WEpoLU9iVm1qNFE3dmJzNXdnSEFwMnp2?oc=5\" target=\"_blank\" rel=\"nofollow noopener\">Didier Deschamps, kou\u010d Francie a nej\u00fasp\u011b\u0161n\u011bj\u0161\u00ed mu\u017e v historii fotbalu. U\u017e vyhl\u00ed\u017e\u00ed dal\u0161\u00ed fin\u00e1le?<\/a>&nbsp;&nbsp;iDNES.cz<a href=\"https:\/\/news.google.com\/rss\/articles\/CBMi2gFBVV95cUxNWGpiOUYyN0trcWZUWXlNTG1LbWJDbFNsQ1BaOXZZR0dVUWZqVVlPaS16MjhNTi12WVNiTXNWbno0dUlnUTZSR3NOLU40WG5RcndHRVFvbG84U0U4anZqQ1dKU1ZtOUN1SGF5OTVXRzJwa2NoanVBVm04N2syR1JabUpGOWlxMVZ1emRXNDQxaEYwNXlWRHdmSm42RnptV2t1Q05LMGdIMTRBNEF1cHJ5WjRUWHhHdF9zUlZlTHExS1ppQlJlQW9ZZDh5Z1JzckRZMl9fbzV2UDlXZw?oc=5\" target=\"_blank\" rel=\"nofollow noopener\">Krizi p\u0159etransformoval v \u00fasp\u011b\u0161nou \u00e9ru. Deschamps je str\u016fjcem francouzsk\u00e9 fotbalov\u00e9 revoluce<\/a>&nbsp;&nbsp;\u010cT sport<a href=\"https:\/\/news.google.com\/rss\/articles\/CBMivwFBVV95cUxQNlI1elB0Y3QzdFJpSzlQeXVvc2d3T0xtaWdScUFueXpnQmR3TW9haFZFWHNJNWZ0VUdGY3NFVU5GOVdtMU5qU2xrRFBVV1YtWVdjdXJybWtza2hmanBiZV9SeFZmVm9kaTVBdEY5aWpCRE10MkFMaGtYYVBGWHh3MUNZN2xLbmR4T08tY3JoSHBpQm1IbElhNG94aEdlNW43VnRfVFNPd3RSanRWNm93LU00SVQ0M0dpTEduQmp3aw?oc=5\" target=\"_blank\" rel=\"nofollow noopener\">Tren\u00e9r Deschamps m\u00e1 \u0161anci za\u0159adit se mezi nejlep\u0161\u00ed tren\u00e9ry v historii mistrovstv\u00ed sv\u011bta: Pokud Francie znovu vyhraje.<\/a>&nbsp;&nbsp;Vietnam.vn<a href=\"https:\/\/news.google.com\/rss\/articles\/CBMiiwFBVV95cUxQZm1NcGczUlAzYVR5ckk3NlNVcVNCQ2hFM2dXM2pTUlNqbldtd2dielBNYVZxSmZOREh4UTBqcnJaUV9ZRElQVGQ3Y1RMcHdNcjBuUE1XWm9MSVdhNUZYWlhDSlNhOXpEQVQ5UGRqLThXaG5UMmNEWjlVa1FJbjE3eU9RVkZXM3dtVEln?oc=5\" target=\"_blank\" rel=\"nofollow noopener\">Tren\u00e9r Didier Deschamps a um\u011bn\u00ed vytrvat a\u017e do posledn\u00ed minuty.<\/a>&nbsp;&nbsp;Vietnam.vn<a href=\"https:\/\/news.google.com\/rss\/articles\/CBMijwFBVV95cUxOa2VSUXJfNjVDTGhYYUVLRUUwUDV2U0RSeHhJaXF1cFBxM21odjVLamNDZVNaZWZWa2xhZkRVOXBUcmNEM2t0VDhXc2d0bjRkQnloQXpFU3NsVHJzMURGV1ZmUkE0RzFERHZLSHZvd0EyeFVrU2JtaTNSdm1WQjA4WnBnYXFSaXJzc09KbVZjbw?oc=5\" target=\"_blank\" rel=\"nofollow noopener\">Didier Deschamps a jeho efektivn\u00ed a jednoduchost s francouzsk\u00fdm n\u00e1rodn\u00edm t\u00fdmem.<\/a>&nbsp;&nbsp;Vietnam.vn<\/p>\n","protected":false},"excerpt":{"rendered":"Didier Deschamps, kou\u010d Francie a nej\u00fasp\u011b\u0161n\u011bj\u0161\u00ed mu\u017e v historii fotbalu. U\u017e vyhl\u00ed\u017e\u00ed dal\u0161\u00ed fin\u00e1le?&nbsp;&nbsp;iDNES.czKrizi p\u0159etransformoval v \u00fasp\u011b\u0161nou \u00e9ru.&hellip;\n","protected":false},"author":2,"featured_media":147372,"comment_status":"","ping_status":"","sticky":false,"template":"","format":"standard","meta":{"footnotes":"","_share_on_mastodon":"0"},"categories":[15],"tags":[16098,38124,33631,31249,94,93,18580],"class_list":["post-147371","post","type-post","status-publish","format-standard","has-post-thumbnail","category-sport","tag-didier-deschamps","tag-eric-cantona","tag-francie-na-ms-ve-fotbale-2026","tag-ms-ve-fotbale-2026","tag-sport","tag-sports","tag-thierry-henry"],"share_on_mastodon":{"url":"https:\/\/pubeurope.com\/@cz\/116917658136019613","error":""},"_links":{"self":[{"href":"https:\/\/www.europesays.com\/cz\/wp-json\/wp\/v2\/posts\/147371","targetHints":{"allow":["GET"]}}],"collection":[{"href":"https:\/\/www.europesays.com\/cz\/wp-json\/wp\/v2\/posts"}],"about":[{"href":"https:\/\/www.europesays.com\/cz\/wp-json\/wp\/v2\/types\/post"}],"author":[{"embeddable":true,"href":"https:\/\/www.europesays.com\/cz\/wp-json\/wp\/v2\/users\/2"}],"replies":[{"embeddable":true,"href":"https:\/\/www.europesays.com\/cz\/wp-json\/wp\/v2\/comments?post=147371"}],"version-history":[{"count":0,"href":"https:\/\/www.europesays.com\/cz\/wp-json\/wp\/v2\/posts\/147371\/revisions"}],"wp:featuredmedia":[{"embeddable":true,"href":"https:\/\/www.europesays.com\/cz\/wp-json\/wp\/v2\/media\/147372"}],"wp:attachment":[{"href":"https:\/\/www.europesays.com\/cz\/wp-json\/wp\/v2\/media?parent=147371"}],"wp:term":[{"taxonomy":"category","embeddable":true,"href":"https:\/\/www.europesays.com\/cz\/wp-json\/wp\/v2\/categories?post=147371"},{"taxonomy":"post_tag","embeddable":true,"href":"https:\/\/www.europesays.com\/cz\/wp-json\/wp\/v2\/tags?post=147371"}],"curies":[{"name":"wp","href":"https:\/\/api.w.org\/{rel}","templated":true}]}}