{"id":147726,"date":"2026-07-14T14:49:12","date_gmt":"2026-07-14T14:49:12","guid":{"rendered":"https:\/\/www.europesays.com\/cz\/147726\/"},"modified":"2026-07-14T14:49:12","modified_gmt":"2026-07-14T14:49:12","slug":"biatlon-zasahla-tragicka-zprava-olympijska-sampionka-z-nagana-podlehla-rakovine","status":"publish","type":"post","link":"https:\/\/www.europesays.com\/cz\/147726\/","title":{"rendered":"Biatlon zas\u00e1hla tragick\u00e1 zpr\u00e1va. Olympijsk\u00e1 \u0161ampionka z\u00a0Nagana podlehla rakovin\u011b"},"content":{"rendered":"<p class=\"b_bF\">Roda\u010dka z\u00a0Ba\u0161kortost\u00e1nu za\u017eila nejslavn\u011bj\u0161\u00ed moment kari\u00e9ry na zimn\u00ed olympi\u00e1d\u011b v\u00a0Japonsku v\u00a0roce 1998, kde ovl\u00e1dla strhuj\u00edc\u00ed bitvu ve sprintu. V\u00a0z\u00e1vod\u011b, v\u00a0n\u011bm\u017e trefila dev\u011bt z\u00a0deseti ter\u010d\u016f, nakonec porazila st\u0159\u00edbrnou N\u011bmku Uschi Dislovou o\u00a0pouh\u00fdch 0,7\u00a0sekundy.<\/p>\n<p class=\"b_bF\">\u201eNa toto v\u00edt\u011bzstv\u00ed se bude vzpom\u00ednat nejen kv\u016fli intenzit\u011b z\u00e1vodu, ale tak\u00e9 kv\u016fli up\u0159\u00edmn\u00fdm emoc\u00edm sportovkyn\u011b na stupn\u00edch v\u00edt\u011bz\u016f,\u201c uvedla v\u00a0\u00fater\u00fd r\u00e1no Rusk\u00e1 biatlonov\u00e1 federace p\u0159i p\u0159\u00edle\u017eitosti ozn\u00e1men\u00ed \u00famrt\u00ed Kuklevov\u00e9.<\/p>\n<p><a data-dot=\"atm-link\" target=\"_self\" href=\"https:\/\/www.sport.cz\/clanek\/zimni-sporty-biatlon-pribude-rybicka-ceska-biatlonova-medailistka-ohlasila-tehotenstvi-5501520\" class=\"b_V g_ia\" rel=\"nofollow noopener\"><img fetchpriority=\"high\" height=\"3072\" width=\"4096\" src=\"https:\/\/www.europesays.com\/cz\/wp-content\/uploads\/2026\/07\/1784040552_826_puskarcikova-biatlon.jpeg\" loading=\"eager\" decoding=\"sync\" class=\"b_B b_z\"\/><\/a><\/p>\n<p class=\"b_bF\">Ta se v\u00a0Naganu radovala i\u00a0ze st\u0159\u00edbra ve \u0161tafet\u011b, o\u00a0\u010dty\u0159i roky pozd\u011bji vybojovala na hr\u00e1ch v\u00a0Salt Lake City tak\u00e9 \u0161tafetov\u00fd bronz. V\u00a0t\u00fdmov\u00fdch sout\u011b\u017e\u00edch se radovala t\u0159ikr\u00e1t ze zlat\u00e9 medaile i\u00a0na mistrovstv\u00ed sv\u011bta (2000, 2001, 2003).<\/p>\n<p class=\"b_bF\">\u201eT\u0159ikr\u00e1t se stala mistryn\u00ed sv\u011bta ve \u0161tafet\u011b, \u010d\u00edm\u017e prok\u00e1zala nejen sv\u00e9 individu\u00e1ln\u00ed kvality, ale tak\u00e9 schopnost b\u00fdt spolehlivou \u010dlenkou t\u00fdmu. Celkem vybojovala 23\u00a0v\u00edt\u011bzstv\u00ed ve Sv\u011btov\u00e9m poh\u00e1ru, z\u00a0toho dev\u011bt v\u00a0individu\u00e1ln\u00edch z\u00e1vodech,\u201c stoj\u00ed d\u00e1le v\u00a0prohl\u00e1\u0161en\u00ed svazu.<\/p>\n<p><a data-dot=\"atm-link\" target=\"_self\" href=\"https:\/\/www.sport.cz\/clanek\/zimni-sporty-lyzovani-slavny-svycar-podlehl-rakovine-velkolepe-rozjetou-karieru-mu-kdysi-znicil-hrozivy-pad-5504629\" class=\"b_V g_ia\" rel=\"nofollow noopener\"><img height=\"1305\" width=\"1741\" src=\"https:\/\/www.europesays.com\/cz\/wp-content\/uploads\/2026\/07\/1784040552_799_klammer.jpeg\" loading=\"eager\" decoding=\"sync\" class=\"b_B b_z\"\/><\/a><\/p>\n","protected":false},"excerpt":{"rendered":"Roda\u010dka z\u00a0Ba\u0161kortost\u00e1nu za\u017eila nejslavn\u011bj\u0161\u00ed moment kari\u00e9ry na zimn\u00ed olympi\u00e1d\u011b v\u00a0Japonsku v\u00a0roce 1998, kde ovl\u00e1dla strhuj\u00edc\u00ed bitvu ve sprintu.&hellip;\n","protected":false},"author":2,"featured_media":147727,"comment_status":"","ping_status":"","sticky":false,"template":"","format":"standard","meta":{"footnotes":"","_share_on_mastodon":"0"},"categories":[15],"tags":[1109,94,93],"class_list":["post-147726","post","type-post","status-publish","format-standard","has-post-thumbnail","category-sport","tag-biatlon","tag-sport","tag-sports"],"share_on_mastodon":{"url":"https:\/\/pubeurope.com\/@cz\/116918889381358392","error":""},"_links":{"self":[{"href":"https:\/\/www.europesays.com\/cz\/wp-json\/wp\/v2\/posts\/147726","targetHints":{"allow":["GET"]}}],"collection":[{"href":"https:\/\/www.europesays.com\/cz\/wp-json\/wp\/v2\/posts"}],"about":[{"href":"https:\/\/www.europesays.com\/cz\/wp-json\/wp\/v2\/types\/post"}],"author":[{"embeddable":true,"href":"https:\/\/www.europesays.com\/cz\/wp-json\/wp\/v2\/users\/2"}],"replies":[{"embeddable":true,"href":"https:\/\/www.europesays.com\/cz\/wp-json\/wp\/v2\/comments?post=147726"}],"version-history":[{"count":0,"href":"https:\/\/www.europesays.com\/cz\/wp-json\/wp\/v2\/posts\/147726\/revisions"}],"wp:featuredmedia":[{"embeddable":true,"href":"https:\/\/www.europesays.com\/cz\/wp-json\/wp\/v2\/media\/147727"}],"wp:attachment":[{"href":"https:\/\/www.europesays.com\/cz\/wp-json\/wp\/v2\/media?parent=147726"}],"wp:term":[{"taxonomy":"category","embeddable":true,"href":"https:\/\/www.europesays.com\/cz\/wp-json\/wp\/v2\/categories?post=147726"},{"taxonomy":"post_tag","embeddable":true,"href":"https:\/\/www.europesays.com\/cz\/wp-json\/wp\/v2\/tags?post=147726"}],"curies":[{"name":"wp","href":"https:\/\/api.w.org\/{rel}","templated":true}]}}