{"id":148065,"date":"2026-07-15T05:05:25","date_gmt":"2026-07-15T05:05:25","guid":{"rendered":"https:\/\/www.europesays.com\/cz\/148065\/"},"modified":"2026-07-15T05:05:25","modified_gmt":"2026-07-15T05:05:25","slug":"evropa-zahajuje-druhou-fazi-jednani-s-ukrajinou","status":"publish","type":"post","link":"https:\/\/www.europesays.com\/cz\/148065\/","title":{"rendered":"Evropa zahajuje druhou f\u00e1zi jedn\u00e1n\u00ed s Ukrajinou."},"content":{"rendered":"<p><img decoding=\"async\" title=\"Evropa zahajuje druhou f\u00e1zi jedn\u00e1n\u00ed s Ukrajinou.\" data-socail-link=\"https:\/\/baoangiang.com.vn\/chau-au-mo-giai-doan-2-dam-phan-voi-ukraine-a492574.html\" class=\"zoomimg zoomimg2\" alt=\"\" src=\"https:\/\/www.europesays.com\/cz\/wp-content\/uploads\/2026\/07\/1784086349954_baoangiang-20-2-_mpg_000019080.jpeg\" style=\"width: 1600px; height: 900px;;cursor:pointer\"\/><\/p>\n<p data-state=\"italic\" style=\"text-align: center; font-style: italic;\"> B\u011bhem zased\u00e1n\u00ed 14. \u010dervence minist\u0159i EU jednali se sv\u00fdmi ukrajinsk\u00fdmi prot\u011bj\u0161ky o bezpe\u010dnosti, obran\u011b a zahrani\u010dn\u00ed politice. (Obr\u00e1zek o\u0159\u00edznut\u00fd z videa)<\/p>\n<p> Aby se Kyjev stal \u010dlenem EU, pot\u0159ebuje jednomysln\u00fd souhlas v\u0161ech \u010dlensk\u00fdch st\u00e1t\u016f EU.<\/p>\n<p> Podle analytik\u016f se zd\u00e1, \u017ee i p\u0159es dosa\u017een\u00fd pokrok sch\u016fzka nesplnila o\u010dek\u00e1v\u00e1n\u00ed <a class=\"data-link\" data-org-href=\"https:\/\/www.vietnam.vn\/tag\/ukraine\" href=\"https:\/\/www.vietnam.vn\/tag\/ukraine\" title=\"Ukrajina\" target=\"_blank\" rel=\"nofollow noopener\">Ukrajiny<\/a> i EU ohledn\u011b zah\u00e1jen\u00ed jedn\u00e1n\u00ed o v\u0161ech ot\u00e1zk\u00e1ch p\u0159ed letn\u00edmi pr\u00e1zdninami v Evrop\u011b, zejm\u00e9na proto, \u017ee Kyjev nen\u00ed jedin\u00fdm kandid\u00e1tem na \u010dlenstv\u00ed v EU, kter\u00fd dosahuje pokroku v p\u0159\u00edstupov\u00fdch jedn\u00e1n\u00edch. Moldavsko, \u010cern\u00e1 Hora a Alb\u00e1nie v sou\u010dasn\u00e9 dob\u011b tak\u00e9 pracuj\u00ed na roz\u0161\u00ed\u0159en\u00ed sv\u00fdch nab\u00eddek na \u010dlenstv\u00ed v EU.<\/p>\n<p style=\"text-align: right;\"> RG<\/p>\n","protected":false},"excerpt":{"rendered":"B\u011bhem zased\u00e1n\u00ed 14. \u010dervence minist\u0159i EU jednali se sv\u00fdmi ukrajinsk\u00fdmi prot\u011bj\u0161ky o bezpe\u010dnosti, obran\u011b a zahrani\u010dn\u00ed politice. (Obr\u00e1zek&hellip;\n","protected":false},"author":2,"featured_media":148066,"comment_status":"","ping_status":"","sticky":false,"template":"","format":"standard","meta":{"footnotes":"","_share_on_mastodon":"0"},"categories":[3],"tags":[34338,34336,373,109,108,106,34335,34339,34337,110,28467],"class_list":["post-148065","post","type-post","status-publish","format-standard","has-post-thumbnail","category-evropa","tag-an-giang","tag-apec-2027","tag-eu","tag-europa","tag-europe","tag-evropa","tag-noviny-an-giang","tag-phu-quoc","tag-rach-gia","tag-ukrajina","tag-vyjednavat"],"share_on_mastodon":{"url":"https:\/\/pubeurope.com\/@cz\/116922255152169382","error":""},"_links":{"self":[{"href":"https:\/\/www.europesays.com\/cz\/wp-json\/wp\/v2\/posts\/148065","targetHints":{"allow":["GET"]}}],"collection":[{"href":"https:\/\/www.europesays.com\/cz\/wp-json\/wp\/v2\/posts"}],"about":[{"href":"https:\/\/www.europesays.com\/cz\/wp-json\/wp\/v2\/types\/post"}],"author":[{"embeddable":true,"href":"https:\/\/www.europesays.com\/cz\/wp-json\/wp\/v2\/users\/2"}],"replies":[{"embeddable":true,"href":"https:\/\/www.europesays.com\/cz\/wp-json\/wp\/v2\/comments?post=148065"}],"version-history":[{"count":0,"href":"https:\/\/www.europesays.com\/cz\/wp-json\/wp\/v2\/posts\/148065\/revisions"}],"wp:featuredmedia":[{"embeddable":true,"href":"https:\/\/www.europesays.com\/cz\/wp-json\/wp\/v2\/media\/148066"}],"wp:attachment":[{"href":"https:\/\/www.europesays.com\/cz\/wp-json\/wp\/v2\/media?parent=148065"}],"wp:term":[{"taxonomy":"category","embeddable":true,"href":"https:\/\/www.europesays.com\/cz\/wp-json\/wp\/v2\/categories?post=148065"},{"taxonomy":"post_tag","embeddable":true,"href":"https:\/\/www.europesays.com\/cz\/wp-json\/wp\/v2\/tags?post=148065"}],"curies":[{"name":"wp","href":"https:\/\/api.w.org\/{rel}","templated":true}]}}