{"id":148093,"date":"2026-07-15T05:40:12","date_gmt":"2026-07-15T05:40:12","guid":{"rendered":"https:\/\/www.europesays.com\/cz\/148093\/"},"modified":"2026-07-15T05:40:12","modified_gmt":"2026-07-15T05:40:12","slug":"stridani-letniho-a-zimniho-casu-potrva-minimalne-dalsich-pet-let","status":"publish","type":"post","link":"https:\/\/www.europesays.com\/cz\/148093\/","title":{"rendered":"St\u0159\u00edd\u00e1n\u00ed letn\u00edho a\u00a0zimn\u00edho \u010dasu potrv\u00e1 minim\u00e1ln\u011b dal\u0161\u00edch p\u011bt let"},"content":{"rendered":"<p class=\"c_bB\">Letn\u00ed \u010das, kdy se hodiny posouvaj\u00ed o\u00a0hodinu dop\u0159edu, v\u00a0dan\u00fdch letech podle ministerstva za\u010dne posledn\u00ed ned\u011bli v\u00a0b\u0159eznu a\u00a0skon\u010d\u00ed posledn\u00ed ned\u011bli v\u00a0\u0159\u00edjnu. Na\u0159izuje to p\u0159\u00edslu\u0161n\u00e1 evropsk\u00e1 sm\u011brnice, kter\u00e1 stanovuje jednotn\u00fd zimn\u00ed a\u00a0letn\u00ed \u010das pro celou Evropskou unii.<\/p>\n<p class=\"c_bB\">Pravideln\u00e9 st\u0159\u00edd\u00e1n\u00ed p\u0159itom u\u017e p\u0159ed p\u00e1r lety m\u011blo na kah\u00e1nku. V\u00a0z\u00e1\u0159\u00ed 2018\u00a0vypracovala Evropsk\u00e1 komise n\u00e1vrh, kter\u00fdm se m\u011bla pravidla pro st\u0159\u00edd\u00e1n\u00ed \u010dasu od dubna 2019\u00a0zru\u0161it.<\/p>\n<p class=\"c_bB\">\u010clensk\u00e9 st\u00e1ty se ale nedok\u00e1zaly shodnout na tom, zda by m\u011bl z\u016fstat zachov\u00e1n jako ten letn\u00ed, anebo standardn\u00ed zimn\u00ed \u010das. N\u00e1sledn\u011b ude\u0159ila pandemie covid-19\u00a0a\u00a0n\u00e1vrh zapadl.<\/p>\n<p class=\"c_bB\">Naposledy se na evropsk\u00e9 \u00farovni pokusili t\u00e9ma konce st\u0159\u00edd\u00e1n\u00ed \u010dasu o\u017eivit Pol\u00e1ci, ale op\u011bt bez\u00fasp\u011b\u0161n\u011b. Zadalo se jen vypracov\u00e1n\u00ed dopadov\u00e9 studie, jej\u00ed\u017e dokon\u010den\u00ed se o\u010dek\u00e1v\u00e1 letos.<\/p>\n<p>Anketa<\/p>\n<p>P\u016fsob\u00ed v\u00e1m pravideln\u00e1 zm\u011bna zimn\u00edho a letn\u00edho \u010dasu zdravotn\u00ed \u010di jin\u00e9 pot\u00ed\u017ee?<\/p>\n<p>Celkem<br \/>\n\t\t\t\thlasovalo<br \/>\n\t\t\t\t312<br \/>\n\t\t\t\t\u010dten\u00e1\u0159\u016f.<\/p>\n<p class=\"c_bB\">Odborn\u00edci st\u0159\u00edd\u00e1n\u00ed \u010dasu \u010dasto kritizuj\u00ed s\u00a0poukazem na zdravotn\u00ed dopady. \u010casov\u00fd syst\u00e9m ovliv\u0148uje sp\u00e1nek, pracovn\u00ed aktivitu, p\u0159ij\u00edm\u00e1n\u00ed potravy \u010di\u00a0pam\u011b\u0165. Se zm\u011bnou \u010dasu je podle poji\u0161\u0165oven spojen\u00e9 i\u00a0vy\u0161\u0161\u00ed riziko dopravn\u00edch nehod.<\/p>\n<p class=\"c_bB\">N\u00e1vrh ministerstva je\u0161t\u011b mus\u00ed schv\u00e1lit vl\u00e1da, je\u017e tak podle p\u0159edpoklad\u016f u\u010din\u00ed. Zm\u011bnit syst\u00e9m toti\u017e lze pouze po dohod\u011b cel\u00e9 EU.<\/p>\n<p><a data-dot=\"atm-link\" target=\"_self\" href=\"https:\/\/www.novinky.cz\/clanek\/zena-zdravi-pri-prechodu-na-letni-cas-se-zkracuje-spanek-a-organismus-trpi-40464656\" class=\"c_N\" rel=\"nofollow noopener\"><img fetchpriority=\"high\" height=\"1009\" width=\"1793\" src=\"https:\/\/www.europesays.com\/cz\/wp-content\/uploads\/2026\/07\/zmena-casu-cas-letni-cas.jpeg\" loading=\"eager\" decoding=\"sync\" class=\"c_t c_r\"\/><\/a><\/p>\n","protected":false},"excerpt":{"rendered":"Letn\u00ed \u010das, kdy se hodiny posouvaj\u00ed o\u00a0hodinu dop\u0159edu, v\u00a0dan\u00fdch letech podle ministerstva za\u010dne posledn\u00ed ned\u011bli v\u00a0b\u0159eznu a\u00a0skon\u010d\u00ed posledn\u00ed&hellip;\n","protected":false},"author":2,"featured_media":148094,"comment_status":"","ping_status":"","sticky":false,"template":"","format":"standard","meta":{"footnotes":"","_share_on_mastodon":"0"},"categories":[7],"tags":[43,42,41,40,12009,1477,12003,12000],"class_list":["post-148093","post","type-post","status-publish","format-standard","has-post-thumbnail","category-cesko","tag-ceska-republika","tag-cesko","tag-czech-republic","tag-czechia","tag-letni-cas","tag-ministerstvo-prace-a-socialnich-veci-mpsv","tag-zimni-cas","tag-zmena-casu"],"share_on_mastodon":{"url":"https:\/\/pubeurope.com\/@cz\/116922392597394044","error":""},"_links":{"self":[{"href":"https:\/\/www.europesays.com\/cz\/wp-json\/wp\/v2\/posts\/148093","targetHints":{"allow":["GET"]}}],"collection":[{"href":"https:\/\/www.europesays.com\/cz\/wp-json\/wp\/v2\/posts"}],"about":[{"href":"https:\/\/www.europesays.com\/cz\/wp-json\/wp\/v2\/types\/post"}],"author":[{"embeddable":true,"href":"https:\/\/www.europesays.com\/cz\/wp-json\/wp\/v2\/users\/2"}],"replies":[{"embeddable":true,"href":"https:\/\/www.europesays.com\/cz\/wp-json\/wp\/v2\/comments?post=148093"}],"version-history":[{"count":0,"href":"https:\/\/www.europesays.com\/cz\/wp-json\/wp\/v2\/posts\/148093\/revisions"}],"wp:featuredmedia":[{"embeddable":true,"href":"https:\/\/www.europesays.com\/cz\/wp-json\/wp\/v2\/media\/148094"}],"wp:attachment":[{"href":"https:\/\/www.europesays.com\/cz\/wp-json\/wp\/v2\/media?parent=148093"}],"wp:term":[{"taxonomy":"category","embeddable":true,"href":"https:\/\/www.europesays.com\/cz\/wp-json\/wp\/v2\/categories?post=148093"},{"taxonomy":"post_tag","embeddable":true,"href":"https:\/\/www.europesays.com\/cz\/wp-json\/wp\/v2\/tags?post=148093"}],"curies":[{"name":"wp","href":"https:\/\/api.w.org\/{rel}","templated":true}]}}