{"id":148259,"date":"2026-07-15T08:43:11","date_gmt":"2026-07-15T08:43:11","guid":{"rendered":"https:\/\/www.europesays.com\/cz\/148259\/"},"modified":"2026-07-15T08:43:11","modified_gmt":"2026-07-15T08:43:11","slug":"ozenil-se-a-chce-zustat-v-africe-sigma-reaguje-na-spekulace-ohledne-utocnika-idnes-cz","status":"publish","type":"post","link":"https:\/\/www.europesays.com\/cz\/148259\/","title":{"rendered":"O\u017eenil se a chce z\u016fstat v Africe. Sigma reaguje na spekulace ohledn\u011b \u00fato\u010dn\u00edka &#8211; iDNES.cz"},"content":{"rendered":"<p><a href=\"https:\/\/news.google.com\/rss\/articles\/CBMipAFBVV95cUxOZGVxZ0lZOUs2Sm0xSzhZN21FWHJvb1pxWFJoY3UtMWdoU3p6ejJUMWVMZmoxU3JqRmpqRDVyZEI0Z19LUUtTQVdCSTc0RHVxU0gyYU9TRXdpNngwdE9yem96a2x6bFlVQWYyUUxuY1diSnBWTkY1ZUV6blBGOUVUY3VpRUh4V0I1Rk0yTEFWMTNLYXZuRlJlVXJhZVh5NlB3OVJ5dQ?oc=5\" target=\"_blank\" rel=\"nofollow noopener\">O\u017eenil se a chce z\u016fstat v Africe. Sigma reaguje na spekulace ohledn\u011b \u00fato\u010dn\u00edka<\/a>&nbsp;&nbsp;iDNES.cz<a href=\"https:\/\/news.google.com\/rss\/articles\/CBMirwFBVV95cUxQRjlKUkRhN3loeWhNQVNOWXZoX3lYanU5WW5iZnhZV0hDejk4c1B3NzNfZnl2cDRpNVVGcTRxc0xERktBUDdRUG0wdzB1eC1GUmE5V1RTNW16Zm5qbU5pWGFYSnA1aWtrb1NPenYxRzhaMW0yeGV5OHJYT1dTRjlXUmRqSUtPSGFXNllGcC1hZXJ0eG54ZWY5eFIwYk9LUVc1a2lnclVqWFhreEtId3dV?oc=5\" target=\"_blank\" rel=\"nofollow noopener\">Dembeho konec v Sigm\u011b? Nesmysl, reaguje klub na spekulace z Ugandy<\/a>&nbsp;&nbsp;Olomouck\u00fd den\u00edk<a href=\"https:\/\/news.google.com\/rss\/articles\/CBMiugFBVV95cUxPbFVFYXNEVkZHS3kyQjVhT01lUlFIM1Q0MmtzZmRSdHllTDZJTlFFRTlHT1JadEtMUTNwQ2M0RDVLLUQ1Wks3SmNxWnBhQkdndE1VMWtsN1BlUk1sbkNjTUJNX1pFdTloYWs4RElJeGdqdUZNOFAzOVktd0o4NmswZjJ5aVJBMXQ0SEpZNkl5OU1kZ3dWa19ybmJ0U1ZOaEQ2b0xUY3F0N2d6UGdGV0NCNmIzMjF1OTlDN3c?oc=5\" target=\"_blank\" rel=\"nofollow noopener\">Svatba, v\u00edza a velk\u00fd zmatek. Sigma se vyj\u00e1d\u0159ila k osudu milionov\u00e9 posily z Afriky<\/a>&nbsp;&nbsp;TN.cz<a href=\"https:\/\/news.google.com\/rss\/articles\/CBMi3AFBVV95cUxPUWlHSk1TSE5wSkl0ZkRzd0d3OHBkeVpGSGlJenF6eFBDNW15UkpoX3RpQmFDWVRVcmRQZnRPVzlVOWdRWXdOSURmUkhZZ1VQT180czdidWNDN2VHUmpHSG1QT3E2UW5Ha1k3bFFDTWo5RTAtYkxSbkkzMVNpdlBaTjNWSUwxRUdlTGR2M0tyRlVKX1RMRG5MTUZ4UUdBQzJZRUtieTl3Qm1HVWVoX3lGRzBpT0daZlRxQnZzQW5jVWktZ0hMQTBoQmRPbGljNV9QanhxeFZmOWQwb0dL?oc=5\" target=\"_blank\" rel=\"nofollow noopener\">Ze Sigmy do Ugandy?! \u00dato\u010dn\u00edk pr\u00fd \u0159e\u0161\u00ed n\u00e1vrat za rodinou. Nev\u00edme o tom, \u0159\u00edk\u00e1 kou\u010d Hapal<\/a>&nbsp;&nbsp;iSport.cz<a href=\"https:\/\/news.google.com\/rss\/articles\/CBMigwJBVV95cUxQLWdBS0JqcGNWWEtHWFpaTFVjMEFmRkJCc0hqZzI0VjJuRW5JZFYyd25EZ2JIdXF3ZHJJM1NQVGNicVE4Z1NFYkxfQ2tOYVJrZkZyVFBoQ2czd0I3eldLWl82LU5UcV93aktqYkJzUXI0TzdXeVlaNy1HMnBFdXNTTTlNbmpvR1RsUDE3MzVIZjhkblVYVFhubDlad3UxaWVDZ2YzbDRVa2tPWDZ1WFdTbjFiNmZkay1YMm8zYkFGUG9uZlBjSFRkWE55QnVieEZ2TnJkalRkU05Wa1g3RXdESDQ5YUhLVXY3Ty1KcTRIbDBFSklvc08tTlkxZzFINXY2YjUw?oc=5\" target=\"_blank\" rel=\"nofollow noopener\">Hr\u00e1\u010d Sigmy za 40 milion\u016f se zdr\u017eel v Ugand\u011b. Po\u010d\u00edt\u00e1me s n\u00edm, tvrd\u00ed Hapal<\/a>&nbsp;&nbsp;eFotbal<\/p>\n","protected":false},"excerpt":{"rendered":"O\u017eenil se a chce z\u016fstat v Africe. Sigma reaguje na spekulace ohledn\u011b \u00fato\u010dn\u00edka&nbsp;&nbsp;iDNES.czDembeho konec v Sigm\u011b? Nesmysl, reaguje&hellip;\n","protected":false},"author":2,"featured_media":148260,"comment_status":"","ping_status":"","sticky":false,"template":"","format":"standard","meta":{"footnotes":"","_share_on_mastodon":"0"},"categories":[15],"tags":[926,38235,395,19331,2844,6460,94,93],"class_list":["post-148259","post","type-post","status-publish","format-standard","has-post-thumbnail","category-sport","tag-afrika","tag-john-paul-dembe","tag-olomoucky-kraj","tag-pavel-hapal","tag-sigma-olomouc","tag-spekulace","tag-sport","tag-sports"],"share_on_mastodon":{"url":"https:\/\/pubeurope.com\/@cz\/116923112306822631","error":""},"_links":{"self":[{"href":"https:\/\/www.europesays.com\/cz\/wp-json\/wp\/v2\/posts\/148259","targetHints":{"allow":["GET"]}}],"collection":[{"href":"https:\/\/www.europesays.com\/cz\/wp-json\/wp\/v2\/posts"}],"about":[{"href":"https:\/\/www.europesays.com\/cz\/wp-json\/wp\/v2\/types\/post"}],"author":[{"embeddable":true,"href":"https:\/\/www.europesays.com\/cz\/wp-json\/wp\/v2\/users\/2"}],"replies":[{"embeddable":true,"href":"https:\/\/www.europesays.com\/cz\/wp-json\/wp\/v2\/comments?post=148259"}],"version-history":[{"count":0,"href":"https:\/\/www.europesays.com\/cz\/wp-json\/wp\/v2\/posts\/148259\/revisions"}],"wp:featuredmedia":[{"embeddable":true,"href":"https:\/\/www.europesays.com\/cz\/wp-json\/wp\/v2\/media\/148260"}],"wp:attachment":[{"href":"https:\/\/www.europesays.com\/cz\/wp-json\/wp\/v2\/media?parent=148259"}],"wp:term":[{"taxonomy":"category","embeddable":true,"href":"https:\/\/www.europesays.com\/cz\/wp-json\/wp\/v2\/categories?post=148259"},{"taxonomy":"post_tag","embeddable":true,"href":"https:\/\/www.europesays.com\/cz\/wp-json\/wp\/v2\/tags?post=148259"}],"curies":[{"name":"wp","href":"https:\/\/api.w.org\/{rel}","templated":true}]}}