{"id":148384,"date":"2026-07-15T10:46:13","date_gmt":"2026-07-15T10:46:13","guid":{"rendered":"https:\/\/www.europesays.com\/cz\/148384\/"},"modified":"2026-07-15T10:46:13","modified_gmt":"2026-07-15T10:46:13","slug":"velky-potlesk-pro-kucharovou-ahaonline-cz","status":"publish","type":"post","link":"https:\/\/www.europesays.com\/cz\/148384\/","title":{"rendered":"Velk\u00fd potlesk pro Kucha\u0159ovou: | Ahaonline.cz"},"content":{"rendered":"<p class=\"isSelectedEnd\">Fanou\u0161ci ne\u0161et\u0159ili chv\u00e1lou. <a class=\"celebrity celebwiki\" href=\"https:\/\/celebwiki.blesk.cz\/osobnost\/1112\/tatana-kucharova\/\" target=\"_blank\" rel=\"nofollow noopener\">Kucha\u0159ovou<\/a> ozna\u010dovali za bohyni, fe\u0161andu i jednu z nejkr\u00e1sn\u011bj\u0161\u00edch \u010desk\u00fdch \u017een. N\u011bkter\u00fdm ale neuniklo, \u017ee m\u00e1 modelka oproti dob\u00e1m, kdy dob\u00fdvala sv\u011btov\u00e1 mola, o n\u011bco pln\u011bj\u0161\u00ed tvary.<\/p>\n<p>    <a href=\"https:\/\/www.ahaonline.cz\/clanek\/zhave-drby\/235121\/uz-to-prislo-kopanec-od-gregorove-do-daniely-brzobohate.html\" rel=\"nofollow noopener\" target=\"_blank\"><\/p>\n<p>        <img decoding=\"async\" src=\"https:\/\/www.europesays.com\/cz\/wp-content\/uploads\/2026\/07\/1784112373_743_9859788.jpg\" alt=\"U\u017e to p\u0159i\u0161lo! Kopanec od Gregorov\u00e9 do Daniely Brzobohat\u00e9\" title=\"U\u017e to p\u0159i\u0161lo! Kopanec od Gregorov\u00e9 do Daniely Brzobohat\u00e9\" height=\"140\" width=\"220\" class=\"lazyload \" loading=\"lazy\" \/><\/p>\n<p>    <\/a><\/p>\n<p class=\"isSelectedEnd\">\u201eNejsou tam n\u011bjak\u00e1 kila nav\u00edc? Nic proti tomu,\u201c napsala jedna ze sleduj\u00edc\u00edch. Dal\u0161\u00ed byla je\u0161t\u011b otev\u0159en\u011bj\u0161\u00ed. \u201eV dob\u011b hubnouc\u00edch injekc\u00ed\u2026 kr\u00e1sn\u00e1 \u017eena, p\u0159irozen\u00e9 tvary \u017eeny,\u201c ocenila b\u00fdvalou kr\u00e1lovnu kr\u00e1sy.<\/p>\n<p>Od chv\u00edle, kdy Kucha\u0159ov\u00e1 jako prvn\u00ed \u010ce\u0161ka vyhr\u00e1la Miss World, uplynulo u\u017e dvacet let. A p\u0159esto\u017ee se jej\u00ed postava p\u0159irozen\u011b prom\u011bnila, podle fanou\u0161k\u016f j\u00ed \u017eensk\u00e9 k\u0159ivky rozhodn\u011b neubraly. Pr\u00e1v\u011b naopak!<\/p>\n<p>    <a href=\"https:\/\/www.ahaonline.cz\/clanek\/zhave-drby\/235663\/kucharova-pod-drobnohledem-uradu-kvuli-dluhum.html\" rel=\"nofollow noopener\" target=\"_blank\"><\/p>\n<p>        <img decoding=\"async\" src=\"https:\/\/www.europesays.com\/cz\/wp-content\/uploads\/2026\/07\/18-new_bigtitle-9299551.jpg\" alt=\"Kucha\u0159ov\u00e1 pod drobnohledem \u00fa\u0159ad\u016f: Kv\u016fli dluh\u016fm\" title=\"Kucha\u0159ov\u00e1 pod drobnohledem \u00fa\u0159ad\u016f: Kv\u016fli dluh\u016fm\" height=\"140\" width=\"220\" class=\"lazyload \" loading=\"lazy\" \/><\/p>\n<p>    <\/a><\/p>\n","protected":false},"excerpt":{"rendered":"Fanou\u0161ci ne\u0161et\u0159ili chv\u00e1lou. Kucha\u0159ovou ozna\u010dovali za bohyni, fe\u0161andu i jednu z nejkr\u00e1sn\u011bj\u0161\u00edch \u010desk\u00fdch \u017een. N\u011bkter\u00fdm ale neuniklo, \u017ee&hellip;\n","protected":false},"author":2,"featured_media":92447,"comment_status":"","ping_status":"","sticky":false,"template":"","format":"standard","meta":{"footnotes":"","_share_on_mastodon":"0"},"categories":[14],"tags":[79,3813,3551,13993,7136,80,163,38248],"class_list":["post-148384","post","type-post","status-publish","format-standard","has-post-thumbnail","category-zabava","tag-entertainment","tag-krasa","tag-mezinarodni-filmovy-festival-karlovy-vary","tag-miss-world","tag-tatana-kucharova","tag-zabava","tag-zhave-drby","tag-zhave-foto"],"share_on_mastodon":{"url":"https:\/\/pubeurope.com\/@cz\/116923595902443070","error":""},"_links":{"self":[{"href":"https:\/\/www.europesays.com\/cz\/wp-json\/wp\/v2\/posts\/148384","targetHints":{"allow":["GET"]}}],"collection":[{"href":"https:\/\/www.europesays.com\/cz\/wp-json\/wp\/v2\/posts"}],"about":[{"href":"https:\/\/www.europesays.com\/cz\/wp-json\/wp\/v2\/types\/post"}],"author":[{"embeddable":true,"href":"https:\/\/www.europesays.com\/cz\/wp-json\/wp\/v2\/users\/2"}],"replies":[{"embeddable":true,"href":"https:\/\/www.europesays.com\/cz\/wp-json\/wp\/v2\/comments?post=148384"}],"version-history":[{"count":0,"href":"https:\/\/www.europesays.com\/cz\/wp-json\/wp\/v2\/posts\/148384\/revisions"}],"wp:featuredmedia":[{"embeddable":true,"href":"https:\/\/www.europesays.com\/cz\/wp-json\/wp\/v2\/media\/92447"}],"wp:attachment":[{"href":"https:\/\/www.europesays.com\/cz\/wp-json\/wp\/v2\/media?parent=148384"}],"wp:term":[{"taxonomy":"category","embeddable":true,"href":"https:\/\/www.europesays.com\/cz\/wp-json\/wp\/v2\/categories?post=148384"},{"taxonomy":"post_tag","embeddable":true,"href":"https:\/\/www.europesays.com\/cz\/wp-json\/wp\/v2\/tags?post=148384"}],"curies":[{"name":"wp","href":"https:\/\/api.w.org\/{rel}","templated":true}]}}