{"id":148550,"date":"2026-07-15T13:19:11","date_gmt":"2026-07-15T13:19:11","guid":{"rendered":"https:\/\/www.europesays.com\/cz\/148550\/"},"modified":"2026-07-15T13:19:11","modified_gmt":"2026-07-15T13:19:11","slug":"tehotna-soukalova-odsvedcila-svatbu-partacce-s-niz-sbirala-biatlonove-medaile","status":"publish","type":"post","link":"https:\/\/www.europesays.com\/cz\/148550\/","title":{"rendered":"T\u011bhotn\u00e1 Soukalov\u00e1 odsv\u011bd\u010dila svatbu par\u0165a\u010dce, s\u00a0n\u00ed\u017e sb\u00edrala biatlonov\u00e9 medaile"},"content":{"rendered":"<p class=\"b_bF\">Sama u\u017e se p\u0159ipravuje na p\u0159\u00edchod druh\u00e9ho potomka, ale ob\u0159ad sv\u00e9 par\u0165a\u010dky, kter\u00e1 ji v\u00a0nads\u00e1zce ozna\u010dovala jako \u201esv\u011bdkyni 2v1\u201c, si Soukalov\u00e1 nemohla nechat uj\u00edt. V\u0161ak spolu chodily na sportovn\u00ed gymn\u00e1zium, p\u0159i biatlonov\u00fdch z\u00e1vodech a\u00a0soust\u0159ed\u011bn\u00edch bydlely na jednom pokoji.<\/p>\n<p class=\"b_bF\">Ob\u0159ad u\u00a0Jelen\u00ed Chaty Skladanka v\u00a0Jizersk\u00fdch hor\u00e1ch prob\u011bhl po desetilet\u00e9m vztahu v\u00a0komorn\u00edm duchu, jen za \u00fa\u010dasti novoman\u017eel\u016f, sv\u011bdk\u016f a\u00a0nejbli\u017e\u0161\u00ed rodiny.<\/p>\n<p class=\"b_bF\">\u201eNet\u0159eba zbyte\u010dn\u00fdch slov, jedno oko nez\u016fstalo such\u00fd,\u201c napsala na Instagramu p\u011btat\u0159icetilet\u00e1 Jitka Nov\u00e1kov\u00e1 Landov\u00e1, jak zn\u00ed nyn\u00ed jm\u00e9no novoman\u017eelky. Kari\u00e9ru kon\u010dila n\u011bkdej\u0161\u00ed v\u00edt\u011bzka univerzi\u00e1dy kv\u016fli zdravotn\u00edm pot\u00ed\u017e\u00edm u\u017e v\u00a026\u00a0letech. Pozd\u011bji pracovala jako u\u010ditelka, nyn\u00ed je maminkou ro\u010dn\u00edho syna Jakuba.<\/p>\n<p class=\"b_bF\">S gratulacemi na soci\u00e1ln\u00edch s\u00edt\u00edch p\u0159isp\u011bchala nap\u0159\u00edklad dal\u0161\u00ed \u010dlenka \u00fasp\u011b\u0161n\u00fdch \u0161tafet Eva Puskar\u010d\u00edkov\u00e1, kter\u00e1 podobn\u011b jako Soukalov\u00e1 o\u010dek\u00e1v\u00e1 narozen\u00ed druh\u00e9ho potomka, nebo Mark\u00e9ta Davidov\u00e1, b\u00fdval\u00e1 mistryn\u011b sv\u011bta zotavuj\u00edc\u00ed se po druh\u00e9 operaci plot\u00e9nek.<\/p>\n<p><a data-dot=\"atm-link\" target=\"_self\" href=\"https:\/\/www.sport.cz\/clanek\/zimni-sporty-biatlon-pribude-rybicka-ceska-biatlonova-medailistka-ohlasila-tehotenstvi-5501520\" class=\"b_V g_ia\" rel=\"nofollow noopener\"><img fetchpriority=\"high\" height=\"3072\" width=\"4096\" src=\"https:\/\/www.europesays.com\/cz\/wp-content\/uploads\/2026\/07\/1784040552_826_puskarcikova-biatlon.jpeg\" loading=\"eager\" decoding=\"sync\" class=\"b_B b_z\"\/><\/a><\/p>\n","protected":false},"excerpt":{"rendered":"Sama u\u017e se p\u0159ipravuje na p\u0159\u00edchod druh\u00e9ho potomka, ale ob\u0159ad sv\u00e9 par\u0165a\u010dky, kter\u00e1 ji v\u00a0nads\u00e1zce ozna\u010dovala jako \u201esv\u011bdkyni&hellip;\n","protected":false},"author":2,"featured_media":148551,"comment_status":"","ping_status":"","sticky":false,"template":"","format":"standard","meta":{"footnotes":"","_share_on_mastodon":"0"},"categories":[15],"tags":[1109,3893,94,93,1776],"class_list":["post-148550","post","type-post","status-publish","format-standard","has-post-thumbnail","category-sport","tag-biatlon","tag-gabriela-soukalova","tag-sport","tag-sports","tag-svatba"],"share_on_mastodon":{"url":"https:\/\/pubeurope.com\/@cz\/116924197555245471","error":""},"_links":{"self":[{"href":"https:\/\/www.europesays.com\/cz\/wp-json\/wp\/v2\/posts\/148550","targetHints":{"allow":["GET"]}}],"collection":[{"href":"https:\/\/www.europesays.com\/cz\/wp-json\/wp\/v2\/posts"}],"about":[{"href":"https:\/\/www.europesays.com\/cz\/wp-json\/wp\/v2\/types\/post"}],"author":[{"embeddable":true,"href":"https:\/\/www.europesays.com\/cz\/wp-json\/wp\/v2\/users\/2"}],"replies":[{"embeddable":true,"href":"https:\/\/www.europesays.com\/cz\/wp-json\/wp\/v2\/comments?post=148550"}],"version-history":[{"count":0,"href":"https:\/\/www.europesays.com\/cz\/wp-json\/wp\/v2\/posts\/148550\/revisions"}],"wp:featuredmedia":[{"embeddable":true,"href":"https:\/\/www.europesays.com\/cz\/wp-json\/wp\/v2\/media\/148551"}],"wp:attachment":[{"href":"https:\/\/www.europesays.com\/cz\/wp-json\/wp\/v2\/media?parent=148550"}],"wp:term":[{"taxonomy":"category","embeddable":true,"href":"https:\/\/www.europesays.com\/cz\/wp-json\/wp\/v2\/categories?post=148550"},{"taxonomy":"post_tag","embeddable":true,"href":"https:\/\/www.europesays.com\/cz\/wp-json\/wp\/v2\/tags?post=148550"}],"curies":[{"name":"wp","href":"https:\/\/api.w.org\/{rel}","templated":true}]}}