{"id":148684,"date":"2026-07-15T15:49:18","date_gmt":"2026-07-15T15:49:18","guid":{"rendered":"https:\/\/www.europesays.com\/cz\/148684\/"},"modified":"2026-07-15T15:49:18","modified_gmt":"2026-07-15T15:49:18","slug":"rusky-ropny-export-po-mori-utrpel-prudky-pokles","status":"publish","type":"post","link":"https:\/\/www.europesays.com\/cz\/148684\/","title":{"rendered":"Rusk\u00fd ropn\u00fd export po mo\u0159i utrp\u011bl prudk\u00fd pokles"},"content":{"rendered":"<p class=\"c_bB\">Rusko minul\u00fd t\u00fdden zavedlo do\u010dasn\u00fd z\u00e1kaz v\u00fdvozu motorov\u00e9 nafty, aby zajistilo dostate\u010dn\u00e9 dod\u00e1vky pro dom\u00e1c\u00ed trh. Velkoobchodn\u00ed ceny pohonn\u00fdch hmot se v\u00a0Rusku zv\u00fd\u0161ily kv\u016fli jejich nedostatku po ukrajinsk\u00fdch \u00fatoc\u00edch na rusk\u00e9 rafinerie. Z\u00e1kaz m\u00e1 platit do konce \u010dervence. Nevztahuje se ale na dod\u00e1vky uskute\u010d\u0148ovan\u00e9 na z\u00e1klad\u011b d\u0159\u00edve uzav\u0159en\u00fdch kontrakt\u016f a\u00a0mezivl\u00e1dn\u00edch dohod.<\/p>\n<p class=\"c_bB\">Celkov\u00fd v\u00fdvoz motorov\u00e9 nafty a\u00a0plynov\u00e9ho oleje z\u00a0rusk\u00fdch p\u0159\u00edstav\u016f se od 1.\u00a0do 15.\u00a0\u010dervence mezim\u011bs\u00ed\u010dn\u011b sn\u00ed\u017eil o\u00a0v\u00edce ne\u017e 60\u00a0procent na 0,4\u00a0milionu tun. N\u00e1mo\u0159n\u00ed v\u00fdvoz lehk\u00e9ho benzinu klesl o\u00a055\u00a0procent zhruba na 0,3\u00a0milionu tun, proto\u017ee siln\u011bj\u0161\u00ed dom\u00e1c\u00ed popt\u00e1vka po automobilov\u00e9m benzinu sn\u00ed\u017eila objem ur\u010den\u00fd na export.<\/p>\n<p class=\"c_bB\">V \u010dervnu byly nejv\u011bt\u0161\u00edmi odb\u011brateli rusk\u00e9 motorov\u00e9 nafty a\u00a0plynov\u00e9ho oleje p\u0159epravovan\u00fdch po mo\u0159i Turecko a\u00a0Braz\u00edlie. Spole\u010dn\u011b odebraly nejm\u00e9n\u011b polovinu dostupn\u00fdch objem\u016f.<\/p>\n<p><a data-dot=\"atm-link\" target=\"_self\" href=\"https:\/\/www.novinky.cz\/clanek\/valka-na-ukrajine-ukrajinci-zasahli-dalsich-11-lodi-z-ruske-stinove-flotily-40588048\" class=\"c_N\" rel=\"nofollow noopener\"><img fetchpriority=\"high\" height=\"720\" width=\"1280\" src=\"https:\/\/www.europesays.com\/cz\/wp-content\/uploads\/2026\/07\/1784130558_97_43d3.jpeg\" loading=\"eager\" decoding=\"sync\" class=\"c_t c_r\"\/><\/a><\/p>\n","protected":false},"excerpt":{"rendered":"Rusko minul\u00fd t\u00fdden zavedlo do\u010dasn\u00fd z\u00e1kaz v\u00fdvozu motorov\u00e9 nafty, aby zajistilo dostate\u010dn\u00e9 dod\u00e1vky pro dom\u00e1c\u00ed trh. Velkoobchodn\u00ed ceny&hellip;\n","protected":false},"author":2,"featured_media":148685,"comment_status":"","ping_status":"","sticky":false,"template":"","format":"standard","meta":{"footnotes":"","_share_on_mastodon":"0"},"categories":[10],"tags":[64,17,21,6146,16,849,205,61,1908,18,19,22,110,20],"class_list":["post-148684","post","type-post","status-publish","format-standard","has-post-thumbnail","category-zpravy","tag-boje","tag-headlines","tag-hlavni-udalosti","tag-more","tag-news","tag-obchod","tag-ropa","tag-rusko","tag-tanker","tag-top-news","tag-top-stories","tag-udalosti-dne","tag-ukrajina","tag-zpravy"],"share_on_mastodon":{"url":"https:\/\/pubeurope.com\/@cz\/116924787299143115","error":""},"_links":{"self":[{"href":"https:\/\/www.europesays.com\/cz\/wp-json\/wp\/v2\/posts\/148684","targetHints":{"allow":["GET"]}}],"collection":[{"href":"https:\/\/www.europesays.com\/cz\/wp-json\/wp\/v2\/posts"}],"about":[{"href":"https:\/\/www.europesays.com\/cz\/wp-json\/wp\/v2\/types\/post"}],"author":[{"embeddable":true,"href":"https:\/\/www.europesays.com\/cz\/wp-json\/wp\/v2\/users\/2"}],"replies":[{"embeddable":true,"href":"https:\/\/www.europesays.com\/cz\/wp-json\/wp\/v2\/comments?post=148684"}],"version-history":[{"count":0,"href":"https:\/\/www.europesays.com\/cz\/wp-json\/wp\/v2\/posts\/148684\/revisions"}],"wp:featuredmedia":[{"embeddable":true,"href":"https:\/\/www.europesays.com\/cz\/wp-json\/wp\/v2\/media\/148685"}],"wp:attachment":[{"href":"https:\/\/www.europesays.com\/cz\/wp-json\/wp\/v2\/media?parent=148684"}],"wp:term":[{"taxonomy":"category","embeddable":true,"href":"https:\/\/www.europesays.com\/cz\/wp-json\/wp\/v2\/categories?post=148684"},{"taxonomy":"post_tag","embeddable":true,"href":"https:\/\/www.europesays.com\/cz\/wp-json\/wp\/v2\/tags?post=148684"}],"curies":[{"name":"wp","href":"https:\/\/api.w.org\/{rel}","templated":true}]}}