{"id":149215,"date":"2026-07-16T08:33:10","date_gmt":"2026-07-16T08:33:10","guid":{"rendered":"https:\/\/www.europesays.com\/cz\/149215\/"},"modified":"2026-07-16T08:33:10","modified_gmt":"2026-07-16T08:33:10","slug":"kuvajt-odrazel-drony-z-iranu-ten-hlasil-utoky-i-zasah-zakladny-v-jordansku","status":"publish","type":"post","link":"https:\/\/www.europesays.com\/cz\/149215\/","title":{"rendered":"Kuvajt odr\u00e1\u017eel drony z\u00a0\u00cdr\u00e1nu, ten hl\u00e1sil \u00fatoky i\u00a0z\u00e1sah z\u00e1kladny v\u00a0Jord\u00e1nsku"},"content":{"rendered":"<p class=\"c_bB\">N\u011bkolik minut pot\u00e9, co americk\u00e1 arm\u00e1da ve st\u0159edu ve 21:00\u00a0SEL\u010c ozn\u00e1mila druhou st\u0159ede\u010dn\u00ed vlnu \u00fatok\u016f na \u00cdr\u00e1n, psala tamn\u00ed m\u00e9dia o\u00a0exploz\u00edch v\u00a0bl\u00edzkosti m\u011bst Sir\u00edk a\u00a0Bandar Abb\u00e1s na jihu a\u00a0m\u011bsta Ahv\u00e1z na z\u00e1pad\u011b zem\u011b. <\/p>\n<p class=\"c_bB\">Arm\u00e1da pozd\u011bji na s\u00edti X <a data-dot=\"atm-link\" target=\"_blank\" rel=\"noopener nofollow\" href=\"https:\/\/x.com\/CENTCOM\/status\/2077563991069499714\" class=\"c_N\">uvedla<\/a>, \u017ee \u00fadery skon\u010dily ve \u010dtvrtek ve 3:00\u00a0SEL\u010c a\u00a0\u017ee p\u0159i nich byla zasa\u017eena \u00edr\u00e1nsk\u00e1 velitelsk\u00e1 centra, pozice protivzdu\u0161n\u00e9 obrany, raketov\u00e9 a\u00a0dronov\u00e9 kapacity a\u00a0pob\u0159e\u017en\u00ed sledovac\u00ed za\u0159\u00edzen\u00ed.<\/p>\n<p class=\"c_bB\">USA krom\u011b Bandar Abb\u00e1su za\u00fato\u010dily i\u00a0na ostrov Velk\u00fd Tonb, kde zas\u00e1hly pob\u0159e\u017en\u00ed obrann\u00e1 za\u0159\u00edzen\u00ed a\u00a0z\u00e1kladny s\u00a0\u0159\u00edzen\u00fdmi st\u0159elami. V\u00a0Teher\u00e1nu byl podle agentury AFP aktivov\u00e1n syst\u00e9m protivzdu\u0161n\u00e9 obrany, v\u00a0provincii Semn\u00e1n na severu a\u00a0L\u00farest\u00e1n na z\u00e1pad\u011b zem\u011b do\u0161lo k\u00a0v\u00fdbuch\u016fm. Leteck\u00e9 \u00fadery ot\u0159\u00e1sly n\u011bkter\u00fdmi \u010d\u00e1stmi severn\u00edho \u00cdr\u00e1nu poprv\u00e9, dodala agentura AP.<\/p>\n<p><a data-dot=\"atm-link\" target=\"_self\" href=\"https:\/\/www.novinky.cz\/clanek\/zahranicni-pristi-tyden-to-pro-ne-bude-opravdu-zle-trump-hrozi-iranu-40588160\" class=\"c_N\" rel=\"nofollow noopener\"><img fetchpriority=\"high\" height=\"2304\" width=\"4096\" src=\"https:\/\/www.europesays.com\/cz\/wp-content\/uploads\/2026\/07\/1784190789_992_d8bf.jpeg\" loading=\"eager\" decoding=\"sync\" class=\"c_t c_r\"\/><\/a><\/p>\n<p class=\"c_bB\">Kuvajtsk\u00fd gener\u00e1ln\u00ed \u0161t\u00e1b v\u00a0prohl\u00e1\u0161en\u00ed na soci\u00e1ln\u00ed s\u00edti X ve \u010dtvrtek p\u0159ed 1:00\u00a0SEL\u010c <a data-dot=\"atm-link\" target=\"_blank\" rel=\"noopener nofollow\" href=\"https:\/\/x.com\/KuwaitArmyGHQ\/status\/2077526623633502632\" class=\"c_N\">uvedl<\/a>, \u017ee protivzdu\u0161n\u00e1 obrana zem\u011b \u010delila \u00fatok\u016fm \u201enep\u0159\u00e1telsk\u00fdch dron\u016f v\u00a0n\u00e1vaznosti na \u00edr\u00e1nskou agresi\u201c a\u00a0\u017ee tyto \u00fatoky odr\u00e1\u017eela. <\/p>\n<p class=\"c_bB\">Bahrajnsk\u00e9 ministerstvo vnitra zase podle AFP informovalo, \u017ee se v\u00a0zemi rozezn\u011bly sir\u00e9ny leteck\u00e9ho poplachu. \u00cdr\u00e1nsk\u00e1 arm\u00e1da pozd\u011bji podle agentury Reuters uvedla, \u017ee za\u00fato\u010dila na radarov\u00fd syst\u00e9m v\u010dasn\u00e9ho varov\u00e1n\u00ed na americk\u00e9 leteck\u00e9 z\u00e1kladn\u011b Al\u00ed As-S\u00e1lim v\u00a0Kuvajtu a\u00a0radar, komunika\u010dn\u00ed syst\u00e9my a\u00a0sklady paliva americk\u00e9 arm\u00e1dy na leteck\u00e9 z\u00e1kladn\u011b Azrak v\u00a0Jord\u00e1nsku. To uvedlo, \u017ee sest\u0159elilo osm \u00edr\u00e1nsk\u00fdch raket.<\/p>\n<p class=\"c_bB\">O v\u00edkendu se op\u011bt vyost\u0159il konflikt mezi Washingtonem a\u00a0Teher\u00e1nem zapo\u010dat\u00fd americko-izraelsk\u00fdmi \u00fadery na \u00cdr\u00e1n koncem \u00fanora, kter\u00e9 na\u010das utlumilo dubnov\u00e9 p\u0159\u00edm\u011b\u0159\u00ed a\u00a0v \u010dervnu podepsan\u00e9 memorandum o\u00a0porozum\u011bn\u00ed. Hlavn\u00edm sporn\u00fdm bodem je ot\u00e1zka Hormuzsk\u00e9ho pr\u016flivu a\u00a0bezpe\u010dn\u00e9 plavby v\u00a0n\u011bm.<\/p>\n<p class=\"c_bB\">USA nyn\u00ed ji\u017e n\u011bkolik\u00e1t\u00fdm dnem podnikaj\u00ed vzdu\u0161n\u00e9 \u00fadery na c\u00edle mimo jin\u00e9 v\u00a0ji\u017en\u00edch provinci\u00edch \u00cdr\u00e1nu a\u00a0Teher\u00e1n v\u00a0reakci znovu \u00fato\u010d\u00ed raketami a\u00a0drony na n\u011bkter\u00e9 arabsk\u00e9 zem\u011b v\u00a0regionu host\u00edc\u00ed americk\u00e9 vojensk\u00e9 z\u00e1kladny, kter\u00e9 jsou podle n\u011bj pou\u017e\u00edv\u00e1ny v\u00a0operaci proti \u00cdr\u00e1nu. Bahrajn je s\u00eddlem americk\u00e9ho n\u00e1mo\u0159nictva na Bl\u00edzk\u00e9m v\u00fdchod\u011b, z\u00e1kladnu zde m\u00e1 americk\u00e1 p\u00e1t\u00e1 flotila. Americk\u00e9 s\u00edly jsou um\u00edst\u011bny i\u00a0v Kuvajtu.<\/p>\n<p><a data-dot=\"atm-link\" target=\"_self\" href=\"https:\/\/www.novinky.cz\/clanek\/zahranicni-spojene-staty-a-iran-v-noci-ohlasily-dalsi-udery-40588155\" class=\"c_N\" rel=\"nofollow noopener\"><img height=\"2304\" width=\"4096\" src=\"https:\/\/www.europesays.com\/cz\/wp-content\/uploads\/2026\/07\/1784190790_737_e098.jpeg\" loading=\"eager\" decoding=\"sync\" class=\"c_t c_r\"\/><\/a><\/p>\n","protected":false},"excerpt":{"rendered":"N\u011bkolik minut pot\u00e9, co americk\u00e1 arm\u00e1da ve st\u0159edu ve 21:00\u00a0SEL\u010c ozn\u00e1mila druhou st\u0159ede\u010dn\u00ed vlnu \u00fatok\u016f na \u00cdr\u00e1n, psala&hellip;\n","protected":false},"author":2,"featured_media":149216,"comment_status":"","ping_status":"","sticky":false,"template":"","format":"standard","meta":{"footnotes":"","_share_on_mastodon":"0"},"categories":[11],"tags":[7480,808,7301,54,113,53,52],"class_list":["post-149215","post","type-post","status-publish","format-standard","has-post-thumbnail","category-svet","tag-bahrajn","tag-iran","tag-kuvajt","tag-svet","tag-usa","tag-world","tag-world-news"],"share_on_mastodon":{"url":"https:\/\/pubeurope.com\/@cz\/116928735672844759","error":""},"_links":{"self":[{"href":"https:\/\/www.europesays.com\/cz\/wp-json\/wp\/v2\/posts\/149215","targetHints":{"allow":["GET"]}}],"collection":[{"href":"https:\/\/www.europesays.com\/cz\/wp-json\/wp\/v2\/posts"}],"about":[{"href":"https:\/\/www.europesays.com\/cz\/wp-json\/wp\/v2\/types\/post"}],"author":[{"embeddable":true,"href":"https:\/\/www.europesays.com\/cz\/wp-json\/wp\/v2\/users\/2"}],"replies":[{"embeddable":true,"href":"https:\/\/www.europesays.com\/cz\/wp-json\/wp\/v2\/comments?post=149215"}],"version-history":[{"count":0,"href":"https:\/\/www.europesays.com\/cz\/wp-json\/wp\/v2\/posts\/149215\/revisions"}],"wp:featuredmedia":[{"embeddable":true,"href":"https:\/\/www.europesays.com\/cz\/wp-json\/wp\/v2\/media\/149216"}],"wp:attachment":[{"href":"https:\/\/www.europesays.com\/cz\/wp-json\/wp\/v2\/media?parent=149215"}],"wp:term":[{"taxonomy":"category","embeddable":true,"href":"https:\/\/www.europesays.com\/cz\/wp-json\/wp\/v2\/categories?post=149215"},{"taxonomy":"post_tag","embeddable":true,"href":"https:\/\/www.europesays.com\/cz\/wp-json\/wp\/v2\/tags?post=149215"}],"curies":[{"name":"wp","href":"https:\/\/api.w.org\/{rel}","templated":true}]}}