{"id":149761,"date":"2026-07-16T18:34:22","date_gmt":"2026-07-16T18:34:22","guid":{"rendered":"https:\/\/www.europesays.com\/cz\/149761\/"},"modified":"2026-07-16T18:34:22","modified_gmt":"2026-07-16T18:34:22","slug":"festivaly-cyklistika-i-trhy-uzijte-si-vikend-na-vysocine","status":"publish","type":"post","link":"https:\/\/www.europesays.com\/cz\/149761\/","title":{"rendered":"Festivaly, cyklistika i\u00a0trhy: U\u017eijte si v\u00edkend na Vyso\u010din\u011b"},"content":{"rendered":"<p>17.\u00a07.\u00a0\u2013 18.\u00a07.\u00a0Hro\u0161en\u00ed na \u0158ece<\/p>\n<p class=\"e_cx\">Pl\u00e1\u017e rybn\u00edku \u0158eka v\u00a0kempu Mo\u0159e u\u00a0Krucemburku o\u017eije v\u00a0p\u00e1tek a\u00a0v sobotu dal\u0161\u00edm ro\u010dn\u00edkem obl\u00edben\u00e9ho festivalu Hro\u0161en\u00ed na \u0158ece. Hudebn\u00ed p\u0159ehl\u00eddka v\u00a0malebn\u00e9m prost\u0159ed\u00ed CHKO \u017d\u010f\u00e1rsk\u00e9 vrchy se tradi\u010dn\u011b zam\u011b\u0159uje na folk, bluegrass, country, trampskou i\u00a0irskou muziku, p\u0159i\u010dem\u017e hork\u00e9 letn\u00ed dny nab\u00edz\u00ed ide\u00e1ln\u00ed p\u0159\u00edle\u017eitost spojit koncertn\u00ed z\u00e1\u017eitek s\u00a0koup\u00e1n\u00edm a\u00a0odpo\u010dinkem na m\u011bl\u010din\u011b. P\u00e1te\u010dn\u00ed program odstartuje v\u00a017:00\u00a0hodin a\u00a0p\u0159edstav\u00ed interprety Ve \u010dtvrtek v\u00a0p\u011bt, Honzovy Novorky, Duo Naboso, Epydemye a\u00a0uskupen\u00ed Posledn\u00ed \u0161ance M\u00edry O\u0161ance. Sobotn\u00ed hudebn\u00ed maraton vypukne ji\u017e ve 13:00\u00a0hodin a\u00a0na p\u00f3diu p\u0159iv\u00edt\u00e1 Sa\u0161u Nikl\u00ed\u010dkovou, Malina Brothers, p\u0159ekvapen\u00ed D\u011btsk\u00e9 Porty, formaci \u0160any a\u00a0host\u00e9, legend\u00e1rn\u00edho \u017dalmana a\u00a0spol., duo Radim Zenkl &amp; Ondra Koz\u00e1k, Zelen\u00e1\u010de, Bokomara trio a\u00a0skupinu Wild West. Vedle skv\u011bl\u00e9 muziky \u010dek\u00e1 na n\u00e1v\u0161t\u011bvn\u00edky bohat\u00e1 tombola, do kter\u00e9 z\u00edsk\u00e1 ka\u017ed\u00fd majitel platn\u00e9 vstupenky l\u00edstek zdarma u\u00a0vstupu.<\/p>\n<p><img fetchpriority=\"high\" height=\"1333\"   width=\"2000\" src=\"https:\/\/www.europesays.com\/cz\/wp-content\/uploads\/2026\/07\/reka-hroseni.jpeg\" loading=\"eager\" decoding=\"sync\" class=\"e_ah e_af\"\/>Foto: Se souhlasem www.hroseni.cz, foto:  Honza &#8222;HROCH&#8220; Vo\u0148ka<\/p>\n<p class=\"e_cx\">Hro\u0161en\u00ed na \u0158ece<\/p>\n<p>17.\u00a07.\u00a0\u2013 19.\u00a07.\u00a0Mezin\u00e1rodn\u00ed festival KoresponDance<\/p>\n<p class=\"e_cx\">Z\u00e1mek \u017d\u010f\u00e1r nad S\u00e1zavou se od p\u00e1tku do ned\u011ble stane centrem sv\u011btov\u00e9ho pohybu, kde vypukne ji\u017e 14.\u00a0ro\u010dn\u00edk mezin\u00e1rodn\u00edho festivalu sou\u010dasn\u00e9ho tance, hip hopu, pohybov\u00e9ho divadla a\u00a0nov\u00e9ho cirkusu KoresponDance. Leto\u0161n\u00ed bohat\u00e1 dramaturgie je zam\u011b\u0159ena na p\u0159ekra\u010dov\u00e1n\u00ed hranic mezi um\u011bleck\u00fdmi obory i\u00a0generacemi a\u00a0p\u0159edstav\u00ed des\u00edtky \u0161pi\u010dkov\u00fdch tv\u016frc\u016f z\u00a0\u010cesk\u00e9 republiky i\u00a0zahrani\u010d\u00ed. N\u00e1v\u0161t\u011bvn\u00edci se mohou t\u011b\u0161it na poetick\u00e9 novocirkusov\u00e9 p\u0159edstaven\u00ed Francouze R\u00e9miho Lucheze, \u0159eckou street dance choreografii od performerky Vasiliki Papapostolou, hypnotick\u00e9 Ravelovo Bolero v\u00a0pod\u00e1n\u00ed litevsk\u00e9ho souboru \u0160eiko Dance Company nebo na Moving Zen taiwansk\u00e9ho um\u011blce Chien Hung Kua. Festival vedle programu pro rodiny s\u00a0d\u011btmi p\u0159edstav\u00ed tak\u00e9 novou linii KoresponDance Next v\u011bnovanou nastupuj\u00edc\u00ed um\u011bleck\u00e9 generaci, jej\u00edm\u017e vrcholem bude tradi\u010dn\u00ed tane\u010dn\u00ed battle pod taktovkou Mr. Krisse. V\u00fdznamn\u00fdm momentem cel\u00e9ho festivalu se stane slavnostn\u00ed spu\u0161t\u011bn\u00ed programu Hub 800\u00a0v\u00a0nov\u00e9m Kulturn\u011b kreativn\u00edm centru Vyso\u010dina, kter\u00e9 doprovod\u00ed exkluzivn\u00ed koncert Her Country klav\u00edristky Nikol B\u00f3kov\u00e9 a\u00a0hornisty Radka Babor\u00e1ka. Cel\u00fd program se uskute\u010dn\u00ed za ka\u017ed\u00e9ho po\u010das\u00ed, p\u0159i\u010dem\u017e v\u00a0p\u0159\u00edpad\u011b de\u0161t\u011b se jednotliv\u00e1 vystoupen\u00ed p\u0159esouvaj\u00ed do vnit\u0159n\u00edch prostor z\u00e1mku.<\/p>\n<p><img height=\"1267\"   width=\"1826\" src=\"https:\/\/www.europesays.com\/cz\/wp-content\/uploads\/2026\/07\/korespondance.jpeg\" loading=\"eager\" decoding=\"sync\" class=\"e_ah e_af\"\/>Foto: Se souhlasem autorky Aleny \u010ce\u0161kov\u00e9<\/p>\n<p class=\"e_cx\">P\u0159edstaven\u00ed \u0160kola tan\u010d\u00ed v\u00a0Z\u00e1mku \u017d\u010f\u00e1r nad S\u00e1zavou<\/p>\n<p>17.\u00a07.\u00a0\u2013 19.\u00a07.\u00a0Road Classics Vyso\u010dina <\/p>\n<p class=\"e_cx\">Nad\u0161enci do silni\u010dn\u00ed cyklistiky se mohou t\u011b\u0161it na jedine\u010dn\u00fd sportovn\u00ed v\u00edkend od p\u00e1tku do ned\u011ble, kdy Vyso\u010dina Arena v\u00a0Nov\u00e9m M\u011bst\u011b na Morav\u011b a\u00a0malebn\u00e9 tra\u0165ov\u00e9 \u00faseky v\u00a0CHKO \u017d\u010f\u00e1rsk\u00e9 vrchy p\u0159iv\u00edtaj\u00ed presti\u017en\u00ed seri\u00e1l Road Classics. Tento cyklistick\u00fd sv\u00e1tek nab\u00edz\u00ed jezdc\u016fm luxus zcela uzav\u0159en\u00fdch komunikac\u00ed, \u0161pi\u010dkov\u00fd servis a\u00a0t\u0159i r\u016fzn\u00e9 form\u00e1ty\u00a0\u2013 od ostr\u00e9ho \u201eZ\u00e1vodu\u201c zam\u011b\u0159en\u00e9ho na minim\u00e1ln\u00ed celkov\u00fd \u010das p\u0159es z\u00e1\u017eitkov\u00fd \u201e\u0160vih\u201c s\u00a0m\u011b\u0159en\u00fdmi segmenty a\u00a0zaslou\u017een\u00fdm espresem na bohat\u00fdch ob\u010derstvova\u010dk\u00e1ch a\u017e po jeho plnohodnotnou zkr\u00e1cenou variantu. Cel\u00fd program odstartuje v\u00a0p\u00e1tek ve 20:30\u00a0atraktivn\u00edm \u010dasovk\u00e1\u0159sk\u00fdm prologem pod um\u011bl\u00fdm osv\u011btlen\u00edm p\u0159\u00edmo na asfaltov\u00e9m okruhu ar\u00e9ny. V\u00a0sobotu v\u00a011:00\u00a0pak vypukne start hlavn\u00ed dlouh\u00e9 trasy a\u00a0ve 12:30\u00a0trasy kr\u00e1tk\u00e9, p\u0159i\u010dem\u017e v\u00a0c\u00edli na ka\u017ed\u00e9ho \u00fasp\u011b\u0161n\u00e9ho absolventa \u010dek\u00e1 pam\u011btn\u00ed artefakt, tombola a\u00a0kompletn\u00ed z\u00e1zem\u00ed v\u010detn\u011b sprch \u010di my\u010dky kol. V\u00edkendov\u00fd program uzav\u0159e ned\u011bln\u00ed rann\u00ed pohodov\u00e1 vyj\u00ed\u017e\u010fka After ride s\u00a0Pav\u00e9 Cycles od 10:00\u00a0hodin. Pro z\u00e1jemce je na m\u00edst\u011b k\u00a0dispozici i\u00a0p\u016fj\u010dovna \u0161pi\u010dkov\u00fdch model\u016f zna\u010dek Colnago a\u00a0BMC.<\/p>\n<p><img height=\"2080\"   width=\"3120\" src=\"https:\/\/www.europesays.com\/cz\/wp-content\/uploads\/2026\/07\/gravel-cyklo.jpeg\" loading=\"eager\" decoding=\"sync\" class=\"e_ah e_af\"\/>Foto: Se souhlasem autora Roberta \u0160imiceho<\/p>\n<p class=\"e_cx\">Cyklistick\u00e9 z\u00e1vody<\/p>\n<p>18.\u00a07.\u00a0Proch\u00e1zka novom\u011bstskou histori\u00ed<\/p>\n<p class=\"e_cx\">Poznat taje architektury, um\u011bn\u00ed i\u00a0osudy obyvatel historick\u00e9ho centra Nov\u00e9ho M\u011bsta na Morav\u011b m\u016f\u017eete v\u00a0sobotu od 10:00\u00a0do 12:00\u00a0hodin. Obl\u00edben\u00e1 komentovan\u00e1 prohl\u00eddka pod veden\u00edm pr\u016fvodce Adama Dost\u00e1la slibuje op\u011bt spoustu nov\u00fdch zaj\u00edmavost\u00ed a\u00a0pohled\u016f do minulosti. Sraz \u00fa\u010dastn\u00edk\u016f je p\u0159ed Hor\u00e1ckou galeri\u00ed. \u010cervencov\u00e9 putov\u00e1n\u00ed se zam\u011b\u0159\u00ed mimo jin\u00e9 na pozoruhodnou postavu Vratislava II. z\u00a0Pern\u0161tejna, jeho\u017e man\u017eelka Marie Manrique de Lara y Mendoza p\u0159ivezla v\u00a0roce 1556\u00a0ze \u0160pan\u011blska slavnou so\u0161ku dnes zn\u00e1mou jako Pra\u017esk\u00e9 Jezul\u00e1tko, kter\u00e1 m\u00e1 p\u0159ekvapivou novom\u011bstskou vazbu. Trasa v\u00e1s zavede tak\u00e9 do parku ke sloupu sv. Anny, jeho\u017e dne\u0161n\u00ed podoba nen\u00ed tak \u00fapln\u011b barokn\u00ed, jak se na prvn\u00ed pohled zd\u00e1, a\u00a0p\u0159edstav\u00ed ikonick\u00e1 socha\u0159sk\u00e1 d\u00edla pod otev\u0159en\u00fdm nebem, kter\u00e1 neodmysliteln\u011b dotv\u00e1\u0159ej\u00ed jedine\u010dnou tv\u00e1\u0159 m\u011bsta.<\/p>\n<p><img height=\"1536\"   width=\"2048\" src=\"https:\/\/www.europesays.com\/cz\/wp-content\/uploads\/2026\/07\/historie-nmnm-komentovana-prohlidka.jpeg\" loading=\"eager\" decoding=\"sync\" class=\"e_ah e_af\"\/>Foto: Koruna Vyso\u010diny<\/p>\n<p class=\"e_cx\">Proch\u00e1zka novom\u011bstskou histori\u00ed<\/p>\n<p>18.\u00a07.\u00a0Setk\u00e1n\u00ed historick\u00fdch vozidel ve Svratouchu<\/p>\n<p class=\"e_cx\">V\u0161ichni milovn\u00edci v\u016fn\u011b benz\u00ednu a\u00a0star\u00fdch \u010das\u016f jsou v\u00a0sobotu od 9:00\u00a0hodin zv\u00e1ni na obl\u00edben\u00e9 11.\u00a0Setk\u00e1n\u00ed historick\u00fdch vozidel u\u00a0Muzea motocykl\u016f ve Svratouchu. Akce nab\u00edz\u00ed jedine\u010dnou p\u0159\u00edle\u017eitost spojit obdivov\u00e1n\u00ed veter\u00e1n\u016f s\u00a0prohl\u00eddkou samotn\u00e9ho muzea, kter\u00e9 s\u00eddl\u00ed v\u00a0pam\u00e1tkov\u011b chr\u00e1n\u011bn\u00e9 budov\u011b b\u00fdval\u00e9 evangelick\u00e9 \u0161koly z\u00a0roku 1863, ji\u017e pro sb\u011bratelskou expozici zachr\u00e1nil Pavel \u0160iller. Dopoledn\u00ed program u\u00a0muzea zp\u0159\u00edjemn\u00ed vystoupen\u00ed d\u011bt\u00ed ze Z\u0160 Svratouch, swingov\u00e9ho kvartetu ZEVL, tria Ha\u0161lerky a\u00a0harmonik\u00e1\u0159e Milana Makovi\u010dky. Div\u00e1cky nejatraktivn\u011bj\u0161\u00ed \u010d\u00e1st odstartuje ve 12:30\u00a0spanilou j\u00edzdou traktor\u016f po obci, na kterou ve 14:00\u00a0nav\u00e1\u017ee j\u00edzda historick\u00fdch vozidel po okol\u00ed, ru\u010dn\u00ed startov\u00e1n\u00ed pam\u011btnick\u00e9ho traktoru Zetor 25\u00a0klikou a\u00a0d\u011btsk\u00e1 sout\u011b\u017e v\u00a0p\u0159etahov\u00e1n\u00ed traktoru. Od 13:30\u00a0se nav\u00edc program roz\u0161\u00ed\u0159\u00ed do kulturn\u00edho are\u00e1lu Borovina, kde atmosf\u00e9ru dolad\u00ed country tane\u010dn\u00ed skupina Rikat\u00e1do a\u00a0reprodukovan\u00e1 hudba DJ Ver\u010di. O\u00a0skv\u011bl\u00e9 gastro z\u00e1zem\u00ed se postar\u00e1 uzen\u00e1 krkovice, klob\u00e1sy \u010di vep\u0159ov\u00e9 na grilu.<\/p>\n<p><img height=\"2709\"   width=\"3612\" src=\"https:\/\/www.europesays.com\/cz\/wp-content\/uploads\/2026\/07\/svratouch.jpeg\" loading=\"eager\" decoding=\"sync\" class=\"e_ah e_af\"\/>Foto: Koruna Vyso\u010diny<\/p>\n<p class=\"e_cx\">Muzeum ve Svratouchu<\/p>\n<p>18.\u00a07.\u00a0Novom\u011bstsk\u00e9 farm\u00e1\u0159sk\u00e9 trhy<\/p>\n<p class=\"e_cx\">Vratislavovo n\u00e1m\u011bst\u00ed v\u00a0Nov\u00e9m M\u011bst\u011b na Morav\u011b o\u017eije v\u00a0sobotu od 8:00\u00a0do 12:00\u00a0hodin dal\u0161\u00edm obl\u00edben\u00fdm farm\u00e1\u0159sk\u00fdm trhem. T\u011b\u0161it se m\u016f\u017eete na bohatou nab\u00eddku poctiv\u00fdch potravin a\u00a0produkt\u016f s\u00a0jasn\u00fdm p\u016fvodem od lok\u00e1ln\u00edch producent\u016f. Na pultech najdete masn\u00e9 speciality z\u00a0Fry\u0161avy, T\u0159eb\u00ed\u010de, N\u00e1m\u011b\u0161t\u011b nad Oslavou \u010di Net\u00edna, kr\u016ft\u00ed maso Zelenka, dr\u016fbe\u017e a\u00a0vejce ze Zlatkova i\u00a0ml\u00e9\u010dn\u00e9 v\u00fdrobky z\u00a0B\u0159ezin a\u00a0Havl\u00ed\u010dkova Brodu. Chyb\u011bt nebudou ani tradi\u010dn\u00ed polensk\u00e9 mrkvance, pe\u010divo z\u00a0Frg\u00e1lovny a\u00a0od peka\u0159e Kejvala, nakl\u00e1dan\u00e9 s\u00fdry, Proset\u00ednsk\u00e9 trubi\u010dky, med z\u00a0Rokytna, sirupy ze Sn\u011b\u017en\u00e9ho, d\u017eemy, ko\u0159en\u00ed a\u00a0pivo z\u00a0novom\u011bstsk\u00e9ho pivovaru Hejkal. Vedle gastronomick\u00fdch dobrot trhy nab\u00eddnou tak\u00e9 \u0161irok\u00fd v\u00fdb\u011br letni\u010dek, trvalek, bylinek a\u00a0okrasn\u00fdch \u010di ovocn\u00fdch ke\u0159\u016f pro va\u0161e zahrady. P\u0159\u00edjemnou pr\u00e1zdninovou atmosf\u00e9ru n\u00e1kup\u016f od 9:00\u00a0do 11:30\u00a0hodin dolad\u00ed \u017eiv\u00e9 vystoupen\u00ed swingov\u00e9 a\u00a0dixielandov\u00e9 kapely Tata band Josefa Ku\u010dery.<\/p>\n<p><img height=\"1280\"   width=\"1920\" src=\"https:\/\/www.europesays.com\/cz\/wp-content\/uploads\/2026\/07\/nmnm-trhy.jpeg\" loading=\"eager\" decoding=\"sync\" class=\"e_ah e_af\"\/>Foto: Se souhlasem autora Milo\u0161e Neumana<\/p>\n<p class=\"e_cx\">Novom\u011bstsk\u00e9 farm\u00e1\u0159sk\u00e9 trhy<\/p>\n<p>18.\u00a07.\u00a0WOODYFEST<\/p>\n<p class=\"e_cx\">P\u0159\u00edznivci punkov\u00e9 a\u00a0undergroundov\u00e9 sc\u00e9ny by si m\u011bli v\u00a0kalend\u00e1\u0159i v\u00fdrazn\u011b ozna\u010dit sobotu, kdy ve V\u011bst\u00ednku nedaleko V\u00edrsk\u00e9 p\u0159ehrady od 13:00\u00a0hodin vypukne v\u00a0po\u0159ad\u00ed dev\u00e1t\u00fd a\u00a0z\u00e1rove\u0148 \u00fapln\u011b posledn\u00ed ro\u010dn\u00edk neziskov\u00e9ho open-air festivalu WOODYFEST. Rozlu\u010dkov\u00fd maraton nez\u00e1visl\u00e9 muziky nab\u00eddne par\u00e1dn\u00ed obsazen\u00ed v\u00a0\u010dele s\u00a0legend\u00e1rn\u00edmi The Plastic People of the Universe, kter\u00e9 na p\u00f3diu dopln\u00ed formace Zem\u011b\u017elu\u010d, Houba, Bez \u0160ance, O3, Ctib, Idiot Crusoe, slovensk\u00e9 kapely Bratislavsk\u00e9 Diev\u010dat\u00e1 a\u00a0Ilegality \u010di americk\u00fd host Foxy. Akce vyhl\u00e1\u0161en\u00e1 svou jedine\u010dnou p\u0159\u00e1telskou atmosf\u00e9rou nab\u00edz\u00ed parkov\u00e1n\u00ed p\u0159\u00edmo v\u00a0m\u00edst\u011b i\u00a0bezplatn\u00e9 stanov\u00e1n\u00ed v\u00a0are\u00e1lu s\u00a0ned\u011bln\u00ed sn\u00eddan\u00ed v\u00a0podob\u011b vaj\u00ed\u010dek zdarma. O\u00a0skv\u011bl\u00e9 gastro z\u00e1zem\u00ed se postar\u00e1 dostatek chlazen\u00e9ho piva, to\u010den\u00e1 limon\u00e1da a\u00a0poctiv\u00e9 lok\u00e1ln\u00ed ob\u010derstven\u00ed od klob\u00e1s a\u00a0uzen\u00e9ho masa a\u017e po grilovan\u00fd hermel\u00edn \u010di veganskou hl\u00edvovou dr\u0161\u0165kovku, p\u0159i\u010dem\u017e p\u0159ed p\u0159\u00edpadn\u00fdm de\u0161t\u011bm n\u00e1v\u0161t\u011bvn\u00edky spolehliv\u011b ochr\u00e1n\u00ed p\u0159ipraven\u00e9 velk\u00e9 stany a\u00a0p\u0159\u00edst\u0159e\u0161ky.<\/p>\n<p><img height=\"1536\"   width=\"2048\" src=\"https:\/\/www.europesays.com\/cz\/wp-content\/uploads\/2026\/07\/pilak-fest.jpeg\" loading=\"eager\" decoding=\"sync\" class=\"e_ah e_af\"\/>Foto: Koruna Vyso\u010diny<\/p>\n<p class=\"e_cx\">Hudebn\u00ed festival<\/p>\n<p>18.\u00a07.\u00a0Milion t\u00f3n\u016f pro demokracii <\/p>\n<p class=\"e_cx\">N\u00e1dhern\u00e9 prostory n\u00e1dvo\u0159\u00ed Hor\u00e1ck\u00e9 galerie v\u00a0Nov\u00e9m M\u011bst\u011b na Morav\u011b se v\u00a0sobotu od 14:00\u00a0hodin stanou d\u011bji\u0161t\u011bm 1.\u00a0ro\u010dn\u00edku multi\u017e\u00e1nrov\u00e9ho festivalu Milion t\u00f3n\u016f pro demokracii. Tato akce, kter\u00e1 navazuje na \u00fasp\u011b\u0161n\u00fd lo\u0148sk\u00fd nult\u00fd ro\u010dn\u00edk pod Harus\u00e1kem, si klade za c\u00edl propojovat lidi nap\u0159\u00ed\u010d generacemi i\u00a0n\u00e1zory, oslavovat svobodu a\u00a0otev\u00edrat smyslupln\u00fd dialog prost\u0159ednictv\u00edm kultury. Bohat\u00fd program na jednom p\u00f3diu propoj\u00ed hudbu, diskuse i\u00a0\u017eiv\u00e9 slovo\u00a0\u2013 t\u011b\u0161it se m\u016f\u017eete na undergroundovou legendu Garage &amp; Tony Duch\u00e1\u010dek, \u010desko-slovenskou kapelu Starci na chmelu, osobit\u00fd zvuk formac\u00ed Ne\u00fasp\u011b\u0161n\u00fd atlet, \u010casova\u010d a\u00a0Atomy Nevad\u00ed, strhuj\u00edc\u00ed Slam Poetry Show i\u00a0na inspirativn\u00ed debatu s\u00a0Nat\u00e1li\u00ed Koc\u00e1bovou. Cel\u00e1 akce m\u00e1 charitativn\u00ed rozm\u011br a\u00a0je zcela neziskov\u00e1, tak\u017ee p\u0159\u00edpadn\u00fd finan\u010dn\u00ed p\u0159ebytek z\u00a0prodeje vstupenek podpo\u0159\u00ed vybran\u00fd soci\u00e1ln\u00ed projekt p\u0159\u00edmo v\u00a0Nov\u00e9m M\u011bst\u011b.<\/p>\n<p><img height=\"1280\"   width=\"1920\" src=\"https:\/\/www.europesays.com\/cz\/wp-content\/uploads\/2026\/07\/horacka-galerie-nmnm.jpeg\" loading=\"eager\" decoding=\"sync\" class=\"e_ah e_af\"\/>Foto: Se souhlasem autora Milo\u0161e Neumana<\/p>\n<p class=\"e_cx\">Hor\u00e1ck\u00e1 galerie v\u00a0Nov\u00e9m M\u011bst\u011b na Morav\u011b<\/p>\n<p>18.\u00a07.\u00a0Loutky, sm\u00edch a\u00a0cimb\u00e1l ve Sn\u011b\u017en\u00e9m<\/p>\n<p class=\"e_cx\">Park na n\u00e1m\u011bst\u00ed ve Sn\u011b\u017en\u00e9m nab\u00eddne pestr\u00fd kulturn\u00ed program s\u00a0n\u00e1zvem \u201eLoutky, sm\u00edch a\u00a0cimb\u00e1l\u201c, kter\u00fd pod hlavi\u010dkou mezigenera\u010dn\u00ed akce nab\u00eddne skv\u011blou z\u00e1bavu pro v\u0161echny v\u011bkov\u00e9 kategorie. Cel\u00e9 odpoledne\u00a0odstartuje ve 14:00\u00a0hodin D\u0159ev\u011bn\u00e9 divadlo Jana Hrubce s\u00a0kouzelnou loutkovou poh\u00e1dkou O\u00a0Vytrval\u00e9m princi ur\u010denou pro celou rodinu. Na divadeln\u00ed z\u00e1\u017eitek\u00a0nav\u00e1\u017ee od 15:00\u00a0do 17:00\u00a0hodin Cimb\u00e1lov\u00e1 muzika Ale\u0161e Smutn\u00e9ho, kter\u00e1 do parku vnese podmaniv\u00e9 t\u00f3ny lidov\u00e9 hudby a\u00a0skv\u011blou n\u00e1ladu. O\u00a0par\u00e1dn\u00ed a\u00a0pat\u0159i\u010dn\u011b t\u0159askav\u00e9 fin\u00e1le se od 17:30\u00a0hodin postar\u00e1 vyhl\u00e1\u0161en\u00e1 stand-up comedy show Na Stoj\u00e1ka live, kde v\u00e1s sv\u00fdmi b\u0159itk\u00fdmi monology a\u00a0humorem zaru\u010den\u011b rozesm\u011bj\u00ed Karel Hynek, Ester PES Ko\u010di\u010dkov\u00e1 a\u00a0Petr Vydra. Po celou dobu kon\u00e1n\u00ed je v\u00a0parku zaji\u0161t\u011bno bohat\u00e9 ob\u010derstven\u00ed.<\/p>\n<p><img height=\"2448\"   width=\"3264\" src=\"https:\/\/www.europesays.com\/cz\/wp-content\/uploads\/2026\/07\/snezne.jpeg\" loading=\"eager\" decoding=\"sync\" class=\"e_ah e_af\"\/>Foto: Se souhlasem autorky Anny Hole\u0161ov\u00e9<\/p>\n<p class=\"e_cx\">Kulturn\u00ed akce ve Sn\u011b\u017en\u00e9m<\/p>\n<p>18.\u00a07.\u00a0BBQ fest<\/p>\n<p class=\"e_cx\">V\u00fdleti\u0161t\u011b v\u00a0Dale\u010d\u00edn\u011b provon\u00ed v\u00a0sobotu od 11:00\u00a0hodin v\u00a0po\u0159ad\u00ed ji\u017e druh\u00fd BBQ Fest, kter\u00fd nab\u00eddne nefal\u0161ovanou gastronomickou pohodu za ka\u017ed\u00e9ho po\u010das\u00ed. N\u00e1v\u0161t\u011bvn\u00edci se mohou t\u011b\u0161it na kompletn\u00ed BBQ menu p\u0159\u00edmo ze smokeru, kter\u00e9 bude obsahovat vyhl\u00e1\u0161en\u00fd hov\u011bz\u00ed brisket, vep\u0159ov\u00e1 i\u00a0hov\u011bz\u00ed \u017eebra, trhan\u00e9 maso, burgery, poctiv\u00e9 klob\u00e1sy a\u00a0k\u0159upav\u00e9 bacon candy. Jako speci\u00e1ln\u00ed host se p\u0159edstav\u00ed Kuba Parus &amp; The Barbecue Company Gastro se sv\u00fdm l\u00e1kav\u00fdm mexick\u00fdm menu pln\u00fdm tacos, chobotnic a\u00a0grilovan\u00fdch krevet, o\u00a0sladkou te\u010dku se postar\u00e1 Kav\u00e1rna Zastav se a\u00a0na \u010depu nebude chyb\u011bt \u0160tajgr z\u00a0Prvn\u00edho byst\u0159ick\u00e9ho pivovaru \u010di Boh\u00e9m. Cel\u00fdm dnem pln\u00fdm skv\u011bl\u00e9ho j\u00eddla provede moder\u00e1tor D\u00e1da \u201eBrab\u010d\u00e1k\u201c Brabec z\u00a0Hitr\u00e1dia FM Plus. Na nejmen\u0161\u00ed hosty \u010dekaj\u00ed sk\u00e1kac\u00ed hrady, prol\u00e9za\u010dky a\u00a0malov\u00e1n\u00ed na obli\u010dej, zat\u00edmco dosp\u011bl\u00ed mohou vyzkou\u0161et turnaj dvojic v\u00a0popul\u00e1rn\u00ed h\u0159e Cornhole nebo si odpo\u010dinout v\u00a0chill z\u00f3n\u011b u\u00a0vodn\u00ed d\u00fdmky. Skv\u011ble pro\u017eitou sobotu pak na samotn\u00fd z\u00e1v\u011br stylov\u011b korunuje ve\u010dern\u00ed prom\u00edt\u00e1n\u00ed letn\u00edho kina pod \u0161ir\u00fdm nebem.<\/p>\n<p><img height=\"1366\"   width=\"2048\" src=\"https:\/\/www.europesays.com\/cz\/wp-content\/uploads\/2026\/07\/bbq.jpeg\" loading=\"eager\" decoding=\"sync\" class=\"e_ah e_af\"\/>Foto: Koruna Vyso\u010diny<\/p>\n<p class=\"e_cx\">Smoke Ring BBQ<\/p>\n","protected":false},"excerpt":{"rendered":"17.\u00a07.\u00a0\u2013 18.\u00a07.\u00a0Hro\u0161en\u00ed na \u0158ece Pl\u00e1\u017e rybn\u00edku \u0158eka v\u00a0kempu Mo\u0159e u\u00a0Krucemburku o\u017eije v\u00a0p\u00e1tek a\u00a0v sobotu dal\u0161\u00edm ro\u010dn\u00edkem obl\u00edben\u00e9ho festivalu&hellip;\n","protected":false},"author":2,"featured_media":149762,"comment_status":"","ping_status":"","sticky":false,"template":"","format":"standard","meta":{"footnotes":"","_share_on_mastodon":"0"},"categories":[14],"tags":[456,79,38407,9838,38406,4341,28324,3754,746,1448,2365,8444,8443,1836,1837,8442,7807,3912,16696,4399,80,38408,9125,8447,2527,2526],"class_list":["post-149761","post","type-post","status-publish","format-standard","has-post-thumbnail","category-zabava","tag-akce","tag-entertainment","tag-farmarske-trhy","tag-festivaly","tag-hromadne-akce","tag-hudebni-festivaly","tag-jak-si-uzit-vikend","tag-kam-o-vikendu","tag-kraj-vysocina","tag-kultura","tag-kulturni-tipy","tag-nove-mesto-na-morave","tag-spolecenske-akce","tag-tipy-na-vikend","tag-tipy-na-vylety","tag-vikend","tag-vylety","tag-vylety-po-cesku","tag-vylety-s-detmi","tag-vysocina","tag-zabava","tag-zamek-zdar-nad-sazavou","tag-zavody","tag-zdar-nad-sazavou","tag-zdarske-vrchy","tag-zdarsko"],"share_on_mastodon":{"url":"https:\/\/pubeurope.com\/@cz\/116931099183393024","error":""},"_links":{"self":[{"href":"https:\/\/www.europesays.com\/cz\/wp-json\/wp\/v2\/posts\/149761","targetHints":{"allow":["GET"]}}],"collection":[{"href":"https:\/\/www.europesays.com\/cz\/wp-json\/wp\/v2\/posts"}],"about":[{"href":"https:\/\/www.europesays.com\/cz\/wp-json\/wp\/v2\/types\/post"}],"author":[{"embeddable":true,"href":"https:\/\/www.europesays.com\/cz\/wp-json\/wp\/v2\/users\/2"}],"replies":[{"embeddable":true,"href":"https:\/\/www.europesays.com\/cz\/wp-json\/wp\/v2\/comments?post=149761"}],"version-history":[{"count":0,"href":"https:\/\/www.europesays.com\/cz\/wp-json\/wp\/v2\/posts\/149761\/revisions"}],"wp:featuredmedia":[{"embeddable":true,"href":"https:\/\/www.europesays.com\/cz\/wp-json\/wp\/v2\/media\/149762"}],"wp:attachment":[{"href":"https:\/\/www.europesays.com\/cz\/wp-json\/wp\/v2\/media?parent=149761"}],"wp:term":[{"taxonomy":"category","embeddable":true,"href":"https:\/\/www.europesays.com\/cz\/wp-json\/wp\/v2\/categories?post=149761"},{"taxonomy":"post_tag","embeddable":true,"href":"https:\/\/www.europesays.com\/cz\/wp-json\/wp\/v2\/tags?post=149761"}],"curies":[{"name":"wp","href":"https:\/\/api.w.org\/{rel}","templated":true}]}}