{"id":150041,"date":"2026-07-17T06:41:12","date_gmt":"2026-07-17T06:41:12","guid":{"rendered":"https:\/\/www.europesays.com\/cz\/150041\/"},"modified":"2026-07-17T06:41:12","modified_gmt":"2026-07-17T06:41:12","slug":"ukrajinci-uderili-na-nadrazi-a-sklad-ropy-v-kerci","status":"publish","type":"post","link":"https:\/\/www.europesays.com\/cz\/150041\/","title":{"rendered":"Ukrajinci ude\u0159ili na n\u00e1dra\u017e\u00ed a\u00a0sklad ropy v\u00a0Ker\u010di"},"content":{"rendered":"<p class=\"c_bB\">\u201eNa \u017eelezni\u010dn\u00ed stanici Ker\u010d jsou zaznamen\u00e1na \u010detn\u00e1 ohniska po\u017e\u00e1r\u016f, ho\u0159\u00ed sklady a\u00a0pravd\u011bpodobn\u011b i\u00a0ropn\u00fd sklad \u201aKer\u010d\u2018 a\u00a0vlakov\u00e9 soupravy na kolej\u00edch. Nedaleko se nach\u00e1z\u00ed a\u00a0mo\u017en\u00e1 tak\u00e9 ho\u0159\u00ed v\u00fdkonn\u00e1 elektrick\u00e1 rozvodna,\u201c uvedl telegramov\u00fd kan\u00e1l <a data-dot=\"atm-link\" target=\"_blank\" rel=\"noopener nofollow\" href=\"https:\/\/t.me\/Crimeanwind\/104915\" class=\"c_N\">Crimean Wind<\/a> s\u00a0odkazem na satelitn\u00ed sn\u00edmky.<\/p>\n<p class=\"c_bB\">Stejn\u00fd kan\u00e1l <a data-dot=\"atm-link\" target=\"_blank\" rel=\"noopener nofollow\" href=\"https:\/\/t.me\/Crimeanwind\/104920\" class=\"c_N\">informoval<\/a> tak\u00e9 o\u00a0pravd\u011bpodobn\u00e9m ukrajinsk\u00e9m \u00faderu na elektrickou rozvodnu ve vesnici Koktebel nedaleko Feodosie na Krymu. <\/p>\n<p><img fetchpriority=\"high\" height=\"2625\"   width=\"4096\" src=\"https:\/\/www.europesays.com\/cz\/wp-content\/uploads\/2026\/07\/2df1.jpeg\" loading=\"eager\" decoding=\"sync\" class=\"c_t c_r\"\/>Foto: 2026 Planet Labs Pbc, Reuters<\/p>\n<p class=\"c_bB\">Ker\u010dsk\u00fd pr\u016fliv na satelitn\u00edm sn\u00edmku.<\/p>\n<p class=\"c_bB\">Ukrajina pravideln\u011b \u00fato\u010d\u00ed na vojenskou infrastrukturu na \u00fazem\u00ed Ruska a\u00a0na okupovan\u00fdch \u00fazem\u00edch ve snaze oslabit schopnost Moskvy pokra\u010dovat ve veden\u00ed v\u00e1lky.<\/p>\n<p><a data-dot=\"atm-link\" target=\"_self\" href=\"https:\/\/www.novinky.cz\/clanek\/zahranicni-palivova-krize-v-rusku-vlada-resi-kdo-by-mel-tankovat-prednostne-40588293\" class=\"c_N\" rel=\"nofollow noopener\"><img height=\"1080\" width=\"1920\" src=\"https:\/\/www.europesays.com\/cz\/wp-content\/uploads\/2026\/07\/1784270472_238_image.jpeg\" loading=\"eager\" decoding=\"sync\" class=\"c_t c_r\"\/><\/a><\/p>\n<p class=\"c_bB\">Ukrajinsk\u00e9 drony tak\u00e9 zas\u00e1hly nov\u00fd \u017eelezni\u010dn\u00ed most v\u00a0Don\u011bck\u00e9 oblasti u\u00a0obce Hranitne, na n\u011bm\u017e vypukl po\u017e\u00e1r, upozornila agentura <a data-dot=\"atm-link\" target=\"_blank\" rel=\"noopener nofollow\" href=\"https:\/\/www.unian.ua\/war\/kerch-droni-navidalis-u-okupovane-misto-pislya-chogo-tam-zagorilas-zaliznichna-stanciya-13443270.html\" class=\"c_N\">Unian<\/a>.<\/p>\n<p class=\"c_bB\">Analytick\u00fd kan\u00e1l <a data-dot=\"atm-link\" target=\"_blank\" rel=\"noopener nofollow\" href=\"https:\/\/t.me\/supernova_plus\/55733\" class=\"c_N\">Supernova<\/a> tak\u00e9 ozn\u00e1mil, \u017ee ukrajinsk\u00e1 arm\u00e1da provedla n\u00e1let na sedm tanker\u016f rusk\u00e9 st\u00ednov\u00e9 flotily v\u00a0\u010cern\u00e9m mo\u0159i, tuto informaci v\u0161ak zat\u00edm nepotvrdilo ukrajinsk\u00e9 velen\u00ed a\u00a0ne\u0161lo ji nez\u00e1visle ov\u011b\u0159it, upozornil web <a data-dot=\"atm-link\" target=\"_blank\" rel=\"noopener nofollow\" href=\"https:\/\/kyivindependent.com\/fires-drone-strikes-reported-overnight-across-occupied-crimea-as-shadow-fleet-vessels-allegedly-struck-in-black-sea\/\" class=\"c_N\">Kyiv Independent<\/a>.<\/p>\n<p><a data-dot=\"atm-link\" target=\"_self\" href=\"https:\/\/www.novinky.cz\/clanek\/valka-na-ukrajine-ukrajinci-na-krymu-znicili-rusky-takticky-bombarder-40588482\" class=\"c_N\" rel=\"nofollow noopener\"><img height=\"681\" width=\"1212\" src=\"https:\/\/www.europesays.com\/cz\/wp-content\/uploads\/2026\/07\/1784270472_676_726c.jpeg\" loading=\"eager\" decoding=\"sync\" class=\"c_t c_r\"\/><\/a><\/p>\n","protected":false},"excerpt":{"rendered":"\u201eNa \u017eelezni\u010dn\u00ed stanici Ker\u010d jsou zaznamen\u00e1na \u010detn\u00e1 ohniska po\u017e\u00e1r\u016f, ho\u0159\u00ed sklady a\u00a0pravd\u011bpodobn\u011b i\u00a0ropn\u00fd sklad \u201aKer\u010d\u2018 a\u00a0vlakov\u00e9 soupravy na&hellip;\n","protected":false},"author":2,"featured_media":150042,"comment_status":"","ping_status":"","sticky":false,"template":"","format":"standard","meta":{"footnotes":"","_share_on_mastodon":"0"},"categories":[10],"tags":[17,21,34574,2269,10181,16,61,18,19,22,110,56,20],"class_list":["post-150041","post","type-post","status-publish","format-standard","has-post-thumbnail","category-zpravy","tag-headlines","tag-hlavni-udalosti","tag-kerc","tag-krym","tag-nalety","tag-news","tag-rusko","tag-top-news","tag-top-stories","tag-udalosti-dne","tag-ukrajina","tag-valka-rusko-ukrajina","tag-zpravy"],"share_on_mastodon":{"url":"https:\/\/pubeurope.com\/@cz\/116933957272387752","error":""},"_links":{"self":[{"href":"https:\/\/www.europesays.com\/cz\/wp-json\/wp\/v2\/posts\/150041","targetHints":{"allow":["GET"]}}],"collection":[{"href":"https:\/\/www.europesays.com\/cz\/wp-json\/wp\/v2\/posts"}],"about":[{"href":"https:\/\/www.europesays.com\/cz\/wp-json\/wp\/v2\/types\/post"}],"author":[{"embeddable":true,"href":"https:\/\/www.europesays.com\/cz\/wp-json\/wp\/v2\/users\/2"}],"replies":[{"embeddable":true,"href":"https:\/\/www.europesays.com\/cz\/wp-json\/wp\/v2\/comments?post=150041"}],"version-history":[{"count":0,"href":"https:\/\/www.europesays.com\/cz\/wp-json\/wp\/v2\/posts\/150041\/revisions"}],"wp:featuredmedia":[{"embeddable":true,"href":"https:\/\/www.europesays.com\/cz\/wp-json\/wp\/v2\/media\/150042"}],"wp:attachment":[{"href":"https:\/\/www.europesays.com\/cz\/wp-json\/wp\/v2\/media?parent=150041"}],"wp:term":[{"taxonomy":"category","embeddable":true,"href":"https:\/\/www.europesays.com\/cz\/wp-json\/wp\/v2\/categories?post=150041"},{"taxonomy":"post_tag","embeddable":true,"href":"https:\/\/www.europesays.com\/cz\/wp-json\/wp\/v2\/tags?post=150041"}],"curies":[{"name":"wp","href":"https:\/\/api.w.org\/{rel}","templated":true}]}}