{"id":150440,"date":"2026-07-17T13:05:09","date_gmt":"2026-07-17T13:05:09","guid":{"rendered":"https:\/\/www.europesays.com\/cz\/150440\/"},"modified":"2026-07-17T13:05:09","modified_gmt":"2026-07-17T13:05:09","slug":"ukrajinci-promenili-azovske-a-cerne-more-na-hrbitov-ruskych-lodi","status":"publish","type":"post","link":"https:\/\/www.europesays.com\/cz\/150440\/","title":{"rendered":"Ukrajinci prom\u011bnili Azovsk\u00e9 a\u00a0\u010cern\u00e9 mo\u0159e na h\u0159bitov rusk\u00fdch lod\u00ed"},"content":{"rendered":"<p class=\"c_bB\">Ukrajin\u011b se poda\u0159ilo v\u00fdznamn\u011b roz\u0161\u00ed\u0159it kapacity v\u00a0nasazen\u00ed n\u00e1mo\u0159n\u00edch dron\u016f a\u00a0dron\u016f s\u00a0dlouh\u00fdm doletem, kter\u00e9 \u00fato\u010d\u00ed nejen na rusk\u00e1 plavidla, ale tak\u00e9 na energetickou infrastrukturu. Takov\u00e1 strategie podle z\u00e1padn\u00edch odborn\u00edk\u016f, kter\u00e9 citoval den\u00edk <a data-dot=\"atm-link\" target=\"_blank\" rel=\"noopener nofollow\" href=\"https:\/\/www.telegraph.co.uk\/world-news\/2026\/07\/17\/ukraine-turns-sea-of-azov-into-graveyard-for-russian-ships\/\" class=\"c_N\">Telegraph<\/a>, m\u011bn\u00ed povahu konfliktu a\u00a0zvy\u0161uje ekonomick\u00fd tlak na Moskvu.<\/p>\n<p class=\"c_bB\">\u201eFlotilop\u00e1d pokra\u010duje bez p\u0159est\u00e1n\u00ed. B\u011bhem prvn\u00edch 12\u00a0dn\u016f operace MoLo\u010cKa drony zas\u00e1hly 159\u00a0plavidel rusk\u00e9 st\u00ednov\u00e9 flotily. Dne\u0161n\u00ed \u00falovky v\u00a0\u010cern\u00e9m mo\u0159i: dev\u011bt n\u00e1kladn\u00edch lod\u00ed, jeden ropn\u00fd tanker, jeden tanker na zkapaln\u011bn\u00fd plyn (LPG) a\u00a0jeden remork\u00e9r,\u201c ozn\u00e1mil na s\u00edti <a data-dot=\"atm-link\" target=\"_blank\" rel=\"noopener nofollow\" href=\"https:\/\/x.com\/414magyarbirds\/status\/2078022340286312840\" class=\"c_N\">X<\/a> velitel ukrajinsk\u00fdch dronov\u00fdch sil Robert \u201eMagyar\u201c Brovdi.<\/p>\n<p class=\"c_bB\">Rusko se sna\u017eilo v\u00a0Azovsk\u00e9m mo\u0159i, jeho\u017e pob\u0159e\u017e\u00ed ovl\u00e1d\u00e1, naj\u00edt bezpe\u010dn\u00fd \u00fakryt pro sv\u00e9 tankery p\u0159ed \u00fatoky ukrajinsk\u00fdch n\u00e1mo\u0159n\u00edch dron\u016f, jak v\u00a0\u010dervnu p\u0159ipomn\u011bl web <a data-dot=\"atm-link\" target=\"_blank\" rel=\"noopener nofollow\" href=\"https:\/\/www.businessinsider.com\/russia-navy-using-azov-sea-strike-ukraine-still-exposed-experts-2024-6\" class=\"c_N\">Business Insider<\/a>. Z\u00e1rove\u0148 jsou v\u0161ak st\u00e1le snadn\u00fdm c\u00edlem pro \u00fadery ze vzduchu, kde ukrajinsk\u00e9 drony od 6.\u00a0\u010dervence po\u0161kodily 117\u00a0plavidel. Dal\u0161\u00edch 42\u00a0plavidel zas\u00e1hly v\u00a0\u010cern\u00e9m mo\u0159i.<\/p>\n<p><a data-dot=\"atm-link\" target=\"_self\" href=\"https:\/\/www.novinky.cz\/clanek\/zahranicni-evropa-ukrajinci-zasahli-20-ruskych-lodi-v-cernem-mori-40588170\" class=\"c_N\" rel=\"nofollow noopener\"><img fetchpriority=\"high\" height=\"1080\" width=\"1920\" src=\"https:\/\/www.europesays.com\/cz\/wp-content\/uploads\/2026\/07\/5c29.jpeg\" loading=\"eager\" decoding=\"sync\" class=\"c_t c_r\"\/><\/a><\/p>\n<p class=\"c_bB\">\u201e\u00datoky na pob\u0159e\u017en\u00ed ropn\u00e9 termin\u00e1ly maj\u00ed za c\u00edl sn\u00ed\u017eit v\u00fdd\u011blek Ruska z\u00a0exportu a\u00a0\u00fadery na rusk\u00e9 rafin\u00e9rie by m\u011bly ochromit ekonomiku a\u00a0oslabit schopnost Ruska v\u00e9st v\u00e1lku. Vladimir Putin m\u00e1 velmi v\u00e1\u017en\u00e9 probl\u00e9my,\u201c m\u00edn\u00ed vojensk\u00fd expert a\u00a0poradce Alan Riley z\u00a0think-tanku Atlantic Council.<\/p>\n<p class=\"c_bB\">Kyjev z\u00e1rove\u0148 pokra\u010duje v\u00a0\u00faderech na rusk\u00e9 ropn\u00e9 rafin\u00e9rie, kde drony c\u00edl\u00ed na jejich nejcitliv\u011bj\u0161\u00ed \u010d\u00e1sti. \u201eJakmile zni\u010d\u00edte nejslo\u017eit\u011bj\u0161\u00ed \u010d\u00e1sti rafinerie, bude nutn\u00e9 prov\u00e9st jejich v\u00fdm\u011bnu. Ne\u017e doraz\u00ed n\u00e1hradn\u00ed sou\u010d\u00e1stky z\u00a0\u010c\u00edny, m\u016f\u017ee to trvat rok nebo i\u00a018\u00a0m\u011bs\u00edc\u016f,\u201c doplnil Riley.<\/p>\n<p><a data-dot=\"atm-link\" target=\"_self\" href=\"https:\/\/www.novinky.cz\/clanek\/zahranicni-putinova-popularita-za-tyden-vyznamne-poklesla-40588595\" class=\"c_N\" rel=\"nofollow noopener\"><img height=\"875\" width=\"1556\" src=\"https:\/\/www.europesays.com\/cz\/wp-content\/uploads\/2026\/07\/1784293509_452_vladimir-putin.jpeg\" loading=\"eager\" decoding=\"sync\" class=\"c_t c_r\"\/><\/a><\/p>\n","protected":false},"excerpt":{"rendered":"Ukrajin\u011b se poda\u0159ilo v\u00fdznamn\u011b roz\u0161\u00ed\u0159it kapacity v\u00a0nasazen\u00ed n\u00e1mo\u0159n\u00edch dron\u016f a\u00a0dron\u016f s\u00a0dlouh\u00fdm doletem, kter\u00e9 \u00fato\u010d\u00ed nejen na rusk\u00e1 plavidla,&hellip;\n","protected":false},"author":2,"featured_media":150441,"comment_status":"","ping_status":"","sticky":false,"template":"","format":"standard","meta":{"footnotes":"","_share_on_mastodon":"0"},"categories":[10],"tags":[17619,4833,464,17,21,10181,16,61,1908,18,19,22,110,56,20],"class_list":["post-150440","post","type-post","status-publish","format-standard","has-post-thumbnail","category-zpravy","tag-azovske-more","tag-cerne-more","tag-drony","tag-headlines","tag-hlavni-udalosti","tag-nalety","tag-news","tag-rusko","tag-tanker","tag-top-news","tag-top-stories","tag-udalosti-dne","tag-ukrajina","tag-valka-rusko-ukrajina","tag-zpravy"],"share_on_mastodon":{"url":"https:\/\/pubeurope.com\/@cz\/116935467037761675","error":""},"_links":{"self":[{"href":"https:\/\/www.europesays.com\/cz\/wp-json\/wp\/v2\/posts\/150440","targetHints":{"allow":["GET"]}}],"collection":[{"href":"https:\/\/www.europesays.com\/cz\/wp-json\/wp\/v2\/posts"}],"about":[{"href":"https:\/\/www.europesays.com\/cz\/wp-json\/wp\/v2\/types\/post"}],"author":[{"embeddable":true,"href":"https:\/\/www.europesays.com\/cz\/wp-json\/wp\/v2\/users\/2"}],"replies":[{"embeddable":true,"href":"https:\/\/www.europesays.com\/cz\/wp-json\/wp\/v2\/comments?post=150440"}],"version-history":[{"count":0,"href":"https:\/\/www.europesays.com\/cz\/wp-json\/wp\/v2\/posts\/150440\/revisions"}],"wp:featuredmedia":[{"embeddable":true,"href":"https:\/\/www.europesays.com\/cz\/wp-json\/wp\/v2\/media\/150441"}],"wp:attachment":[{"href":"https:\/\/www.europesays.com\/cz\/wp-json\/wp\/v2\/media?parent=150440"}],"wp:term":[{"taxonomy":"category","embeddable":true,"href":"https:\/\/www.europesays.com\/cz\/wp-json\/wp\/v2\/categories?post=150440"},{"taxonomy":"post_tag","embeddable":true,"href":"https:\/\/www.europesays.com\/cz\/wp-json\/wp\/v2\/tags?post=150440"}],"curies":[{"name":"wp","href":"https:\/\/api.w.org\/{rel}","templated":true}]}}