{"id":150450,"date":"2026-07-17T13:13:20","date_gmt":"2026-07-17T13:13:20","guid":{"rendered":"https:\/\/www.europesays.com\/cz\/150450\/"},"modified":"2026-07-17T13:13:20","modified_gmt":"2026-07-17T13:13:20","slug":"severni-plzensko-tipy-na-vylety-kde-se-vykoupat-a-najist","status":"publish","type":"post","link":"https:\/\/www.europesays.com\/cz\/150450\/","title":{"rendered":"Severn\u00ed Plze\u0148sko: Tipy na v\u00fdlety, kde se vykoupat a naj\u00edst"},"content":{"rendered":"<p class=\"e_bX\">Majest\u00e1tn\u00ed z\u00e1mky ani galerie v\u00a0t\u011bchto m\u00edstech nenajdete. Bude-li v\u00e1m ale sta\u010dit divok\u00e1 p\u0159\u00edroda n\u011bkdej\u0161\u00edch Sudet, koupac\u00ed \u201eza\u0161\u00edv\u00e1rny\u201c, v\u0161udyp\u0159\u00edtomn\u00e9 baroko a\u00a0proch\u00e1zky mezi chalupami, jak\u00e9 si mo\u017en\u00e1 pamatujete z\u00a0filmu Cesta z\u00a0m\u011bsta od Tom\u00e1\u0161e Vorla, je pro v\u00e1s severn\u00ed Plze\u0148sko ide\u00e1ln\u00edm m\u00edstem pro pr\u00e1zdninov\u00fd v\u00fdlet.<\/p>\n<p>Nejlep\u0161\u00ed koup\u00e1n\u00ed: Plov\u00e1rna Man\u011bt\u00edn a\u00a0lom Hradi\u0161\u0165sk\u00fd vrch<\/p>\n<p class=\"e_bX\">Jedni\u010dkou mezi severoplze\u0148sk\u00fdmi koupali\u0161ti je plov\u00e1rna Man\u011bt\u00edn. Lid\u00e9 sdru\u017een\u00ed okolo spolku Baroko v\u00a0\u010cech\u00e1ch si p\u0159ed deseti lety venkovn\u00ed baz\u00e9n z\u00a0pades\u00e1t\u00fdch let pronajali a\u00a0z neatraktivn\u00edho m\u00edsta vytvo\u0159ili kulturn\u011b-odpo\u010dinkov\u00fd r\u00e1j. Mezi ope\u010dov\u00e1van\u00fdm baz\u00e9nem a\u00a0prvorepublikov\u011b vyhl\u00ed\u017eej\u00edc\u00edm barem s\u00a0p\u0159evl\u00e9k\u00e1rnami je nata\u017een\u00e1 st\u0159\u00ed\u0161ka, pod kterou cel\u00e9 l\u00e9to v\u017edy o\u00a0v\u00edkendu prob\u00edhaj\u00ed koncerty.<\/p>\n<p class=\"e_bX\">Hr\u00e1la tu i\u00a0Na\u010deva nebo Lenka Dusilov\u00e1, v\u00a0pl\u00e1nu jsou B\u00e1ra Zmekov\u00e1 nebo p\u00edsni\u010dk\u00e1\u0159 Zapom\u011blsem. K\u00a0dispozici je tu d\u0159ev\u011bn\u00fd pl\u00e1\u017eov\u00fd n\u00e1bytek, stejn\u011b jako d\u011btsk\u00e9 h\u0159i\u0161t\u011b, a\u00a0kdy\u017e se na plov\u00e1rnu snese noc, cel\u00fd are\u00e1l se rozz\u00e1\u0159\u00ed z\u00e1plavou sv\u011bt\u00fdlek. S\u00a0mohutn\u00fdm barokn\u00edm kostelem svat\u00e9 Barbory v\u00a0z\u00e1dech to tu vypad\u00e1 jako v\u00a0poh\u00e1dce. Za koup\u00e1n\u00ed se tu nic neplat\u00ed a\u00a0na koncertech je p\u0159ipraven\u00e1 pokladni\u010dka na dobrovoln\u00e9 vstupn\u00e9.<\/p>\n<p><a data-dot=\"mol-article-card-media\" aria-hidden=\"true\" tabindex=\"-1\" href=\"https:\/\/www.seznamzpravy.cz\/clanek\/prirodni-koupaliste-cr-114213\" class=\"e_n f_l5\" rel=\"nofollow noopener\" target=\"_blank\"><img fetchpriority=\"high\" height=\"2592\"   width=\"4608\" src=\"https:\/\/www.europesays.com\/cz\/wp-content\/uploads\/2026\/06\/1782309372_880_orWBV.jpeg\" loading=\"eager\" decoding=\"sync\" class=\"e_aa e_Z\"\/><\/a><\/p>\n<p class=\"e_bX\">Stovku si naopak p\u0159ipravte pro vstup do are\u00e1lu b\u00fdval\u00e9ho \u010dedi\u010dov\u00e9ho lomu Hradi\u0161\u0165sk\u00fd vrch, kam lze bu\u010f dojet autem, anebo doj\u00edt p\u0159\u00edjemnou, zhruba kilometrovou proch\u00e1zkou z\u00a0Konstantinov\u00fdch L\u00e1zn\u00ed. Odm\u011bnou bude k\u0159i\u0161\u0165\u00e1lov\u011b pr\u016fzra\u010dn\u00e1 voda, travnat\u00e1 pl\u00e1\u017e a\u00a0p\u00eds\u010dit\u00fd pozvoln\u00fd vstup do vody. Ob\u010das se tu konaj\u00ed i\u00a0koncerty a\u00a0mal\u00e9 festivaly.<\/p>\n<p class=\"e_bX\">Jeden tip m\u00e1me zejm\u00e9na pro ty, kter\u00fdm vyhovuje rychl\u00e9 koup\u00e1n\u00ed a\u00a0nepot\u0159ebuj\u00ed poleh\u00e1vat na b\u0159ehu na dece. Kousek nad obc\u00ed Krsy, sm\u011brem k\u00a0silnici spojuj\u00edc\u00ed Plze\u0148 s\u00a0Karlov\u00fdmi Vary, je nikterak velk\u00e9, av\u0161ak svou celoro\u010dn\u011b sp\u00ed\u0161e chladn\u011bj\u0161\u00ed vodou velmi p\u0159\u00edjemn\u00e9 jez\u00edrko, kter\u00e9 od p\u0159\u00edjezdov\u00e9 silnice nen\u00ed vid\u011bt. Prozrazuj\u00ed ho jen auta zaparkovan\u00e1 na louce. Krsk\u00e9 jez\u00edrko b\u00fdvalo \u010dedi\u010dov\u00fdm lomem, dnes ho krom\u011b skal obklopuj\u00ed b\u0159\u00edzy.<\/p>\n<p><img height=\"3024\"   width=\"4032\" src=\"https:\/\/www.europesays.com\/cz\/wp-content\/uploads\/2026\/07\/koupaliste-manetin.mpo.jpeg\" loading=\"eager\" decoding=\"sync\" class=\"e_aa e_Z\"\/>Foto: Hana Sl\u00edvov\u00e1<\/p>\n<p class=\"e_bX\">Obnoven\u00e9 koupali\u0161t\u011b Man\u011bt\u00edn.<\/p>\n<p>Kde se naj\u00edst na severn\u00edm Plze\u0148sku <\/p>\n<p class=\"e_bX\">Dlouhodob\u011b vynikaj\u00edc\u00ed italskou kuchyni nab\u00edz\u00ed Caf\u00e9 Kry\u0161tof Harant v\u00a0Doln\u00edch Pol\u017eic\u00edch v\u00a0malebn\u00e9 restauraci s\u00a0jurtou a\u00a0indi\u00e1nsk\u00fdm teepee na zahrad\u011b. Rezervace je ov\u0161em zejm\u00e9na o\u00a0v\u00edkendu nutn\u00e1.<\/p>\n<p class=\"e_bX\">Na horkou \u010dokol\u00e1du a\u00a0pala\u010dinku zajd\u011bte do Kav\u00e1rny Srdce u\u00a0l\u00e1ze\u0148sk\u00e9ho domu v\u00a0Konstantinov\u00fdch L\u00e1zn\u00edch a\u00a0rovnou se i\u00a0projd\u011bte po malebn\u00e9 nau\u010dn\u00e9 stezce Hradi\u0161\u0165sk\u00fd vrch. <\/p>\n<p class=\"e_bX\">V\u00a0Ne\u010dtin\u00e1ch funguje jedna z\u00a0m\u00e1la restaurac\u00ed v\u00a0okol\u00ed. Jmenuje se Hostinec Na radnici, b\u00fdv\u00e1 tu \u010dasto plno (zastavuj\u00ed se tu cyklisti, motork\u00e1\u0159i, ostatn\u00ed turist\u00e9 i\u00a0m\u00edstn\u00ed) a\u00a0va\u0159\u00ed zejm\u00e9na \u010deskou klasiku ve velk\u00fdch porc\u00edch, za kterou tu lze ov\u0161em zaplatit pouze hotov\u011b. <\/p>\n<p class=\"e_bX\">Man\u011bt\u00edn, kter\u00fd dlouhodob\u011b nenab\u00edzel jinou variantu ne\u017e kombinaci pizzerie na n\u00e1m\u011bst\u00ed &#8211; lidov\u00e9 bistro Jit\u0159enka, je v\u00a0l\u00e9t\u011b pest\u0159ej\u0161\u00ed o\u00a0zbrusu nov\u00e9 a\u00a0v dom\u011b s\u00a0kr\u00e1snou zahradou otev\u0159en\u00e9 Bistro Miska. V\u00a0nab\u00eddce je jedno j\u00eddlo a\u00a0jedna pol\u00e9vka indick\u00e9 provenience a\u00a0kus \u0159e\u010di s\u00a0mil\u00fdmi majiteli k\u00a0tomu. <\/p>\n<p class=\"e_bX\">P\u0159es ulici si chalup\u00e1\u0159i otev\u0159eli malou kav\u00e1rnu V\u00a0koz\u00edm pe\u0159\u00ed, krom\u011b k\u00e1vy, v\u00edna a\u00a0dom\u00e1c\u00edho z\u00e1kusku tu m\u016f\u017eete zakusit i\u00a0v\u00fdtvarn\u00fd talent majitel\u016f. <\/p>\n<p class=\"e_bX\">V\u00a0Rab\u0161tejn\u011b nad St\u0159elou pak n\u00e1m\u011bst\u00ed\u010dku v\u00e9vod\u00ed infocentrum spojen\u00e9 s\u00a0\u00fatulnou kav\u00e1rnou \u010cetnick\u00e1 stanice, dole u\u00a0\u0159eky se naj\u00edte v\u00a0hostinci U\u00a0Kamenn\u00e9ho mostu. <\/p>\n<p class=\"e_bX\">A\u00a0zapomenout nesm\u00edme ani na dom\u00e1c\u00ed mo\u0161ty z\u00a0mo\u0161t\u00e1rny v\u00a0nedalek\u00fdch Stvolnech.<\/p>\n<p>Proch\u00e1zka: Ml\u00fdnsk\u00e1 stezka mezi Ne\u010dtinami a\u00a0Man\u011bt\u00ednem<\/p>\n<p class=\"e_bX\">Obec Ne\u010dtiny se p\u0159ed \u010dty\u0159iadvaceti lety stala vesnic\u00ed roku, porota tehdy ocenila aktivn\u00ed komunitn\u00ed \u017eivot, p\u00e9\u010di o\u00a0m\u00edstn\u00ed pam\u00e1tky i\u00a0obnovu lidov\u00e9 architektury. Ne\u010dtiny zdob\u00ed p\u00edskovcov\u00e9 sochy od m\u00edstn\u00edch autor\u016f a\u00a0je tu i\u00a0mal\u00e9 region\u00e1ln\u00ed muzeum.<\/p>\n<p class=\"e_bX\">Kr\u00e1sn\u00e1 je tu ale hlavn\u011b proch\u00e1zka po zhruba \u0161est kilometr\u016f dlouh\u00e9 nau\u010dn\u00e9 ml\u00fdnsk\u00e9 stezce. Z\u00a0Ne\u010dtin vede p\u0159es malebn\u00e9 Le\u0161ovice do m\u011bste\u010dka Man\u011bt\u00edn pod\u00e9l Star\u00e9ho, respektive Man\u011bt\u00ednsk\u00e9ho potoka, je dob\u0159e zna\u010den\u00e1 a\u00a0potk\u00e1te na n\u00ed n\u011bkolik ml\u00fdn\u016f, v\u010detn\u011b toho, kter\u00fd ob\u00fdval divadeln\u00edk Ctibor Turba. O\u00a0historii mlyn\u00e1\u0159stv\u00ed v\u00e1s po cest\u011b sprav\u00ed infocedule.<\/p>\n<p>V\u00fdlet: Hr\u00e1zd\u011bn\u00e9 chalupy v\u00a0nejmen\u0161\u00edm\u00a0historick\u00e9m m\u011bst\u011b<\/p>\n<p class=\"e_bX\">Rab\u0161tejn nad St\u0159elou je zn\u00e1m\u00fd jako nejmen\u0161\u00ed historick\u00e9 m\u011bsto v\u00a0\u010cesk\u00e9 republice. Je rozeset\u00fd na kopci i\u00a0v sam\u00e9m \u00fadol\u00ed \u0159eky St\u0159ely, p\u0159es kterou se klene kamenn\u00fd most ze 14.\u00a0stolet\u00ed\u00a0\u2014 u\u00a0n\u00e1s pravd\u011bpodobn\u011b druh\u00fd nejstar\u0161\u00ed. Pro Rab\u0161tejn jsou typick\u00e9 star\u00e9 rouben\u00e9 a\u00a0hr\u00e1zd\u011bn\u00e9 chalupy, kter\u00e9 dotv\u00e1\u0159ej\u00ed poh\u00e1dkov\u00fd charakter m\u011bste\u010dka.<\/p>\n<p class=\"e_bX\">Pokud si chcete u\u017e\u00edt i\u00a0trochu divok\u00e9 p\u0159\u00edrody, zahrnuj\u00edc\u00ed prudk\u00e9 skalnat\u00e9 a\u00a0zalesn\u011bn\u00e9 str\u00e1n\u011b obklopuj\u00edc\u00ed \u0159eku St\u0159elu, vyrazte na kr\u00e1tk\u00fd okruh zna\u010den\u00fd jako Via Czechia: provede v\u00e1s kousek nad \u0159ekou okolo star\u00e9ho ml\u00fdna a\u00a0p\u0159es lok\u00e1ln\u011b typick\u00e1 b\u0159idlicov\u00e1 pole zp\u011bt pod parkovi\u0161t\u011b u\u00a0z\u00e1mku.<\/p>\n<p class=\"e_bX\">Po cest\u011b nakoukn\u011bte na zachoval\u00fd \u017eidovsk\u00fd h\u0159bitov. Posledn\u00ed dv\u011b \u017eidovsk\u00e9 rodiny odsud ode\u0161ly v\u00a0roce 1938\u00a0a\u00a0skon\u010dila se tak t\u0159\u00edsetlet\u00e1 historie m\u00edstn\u00ed komunity. Mo\u017en\u00e1, \u017ee Rab\u0161tejn nad St\u0159elou v\u00e1m bude pov\u011bdom\u00fd i\u00a0b\u011bhem prvn\u00ed n\u00e1v\u0161t\u011bvy, objevuje se toti\u017e ve filmech Cesta z\u00a0m\u011bsta, Cesta do lesa a\u00a0Cesta dom\u016f re\u017eis\u00e9ra Tom\u00e1\u0161e Vorla, kter\u00fd se nedaleko odtud usadil. Rab\u0161tejn si vyslou\u017eil i\u00a0celosv\u011btovou sl\u00e1vu, nat\u00e1\u010del se tu toti\u017e klip k\u00a0ofici\u00e1ln\u00edmu remixu skladby Personal Jesus od Depeche Mode z\u00a0roku 2013.<\/p>\n<p><img height=\"2200\"   width=\"1650\" src=\"https:\/\/www.europesays.com\/cz\/wp-content\/uploads\/2026\/07\/rabstejn-nad-strelou.jpeg\" loading=\"eager\" decoding=\"sync\" class=\"e_aa e_Z\"\/>Foto: Dva kocou\u0159i na cest\u00e1ch, Mapy.com<\/p>\n<p class=\"e_bX\">V Rab\u0161tejn\u011b nad St\u0159elou budete obdivovat tam\u011bj\u0161\u00ed architekturu. <\/p>\n<p>Proch\u00e1zka: Z\u00a0Man\u011bt\u00edna do Brda, klasick\u00e9 severn\u00ed Plze\u0148sko<\/p>\n<p class=\"e_bX\">Z Man\u011bt\u00edna, d\u00edky barokn\u00edm soch\u00e1m Maty\u00e1\u0161e Bernarda Brauna a\u00a0kr\u00e1sn\u011b upraven\u00e9 z\u00e1meck\u00e9 zahrad\u011b asi nejzn\u00e1m\u011bj\u0161\u00edho m\u011bsta v\u00a0t\u00e9to oblasti, se po \u010derven\u00e9 zna\u010dce vydejte sm\u011br Frant\u016fv ml\u00fdn a\u00a0zp\u011bt po \u017elut\u00e9 p\u0159es vesni\u010dku Brdo. Tento zhruba desetikilometrov\u00fd okruh je esenc\u00ed severn\u00edho Plze\u0148ska. P\u016fjdete sm\u00ed\u0161en\u00fdmi lesy po stezk\u00e1ch nad meandruj\u00edc\u00edm potokem, na louk\u00e1ch dost mo\u017en\u00e1 bude st\u00e1t skautsk\u00fd t\u00e1bor, minete v\u00edce \u010di m\u00e9n\u011b udr\u017eovan\u00e9 ml\u00fdny i\u00a0osamocen\u00e9 chalupy s\u00a0divok\u00fdmi zahr\u00e1dkami, natrh\u00e1te si maliny a\u00a0p\u0159i tro\u0161e \u0161t\u011bst\u00ed naraz\u00edte na n\u011bjak\u00e9 k\u0159emen\u00e1\u010de.<\/p>\n<p class=\"e_bX\">Ty ostatn\u011b rostou i\u00a0na Chlumsk\u00e9m vrchu, co\u017e je stolov\u00e1 hora vyp\u00ednaj\u00edc\u00ed se p\u0159\u00edmo nad Man\u011bt\u00ednem. Nab\u00edz\u00ed nejen kr\u00e1sn\u00e9 v\u00fdhledy do okol\u00ed, ale i\u00a0bohatou faunu. \u017dije tu t\u00e9m\u011b\u0159 300\u00a0\u017eivo\u010di\u0161n\u00fdch druh\u016f, v\u010detn\u011b mloka skvrnit\u00e9ho, jezevce nebo jelena sika.<\/p>\n<p><a data-dot=\"mol-article-card-media\" aria-hidden=\"true\" tabindex=\"-1\" href=\"https:\/\/www.seznamzpravy.cz\/clanek\/magazin-cestovani-rusalcino-jezirko-i-hornicka-historie-tip-na-vylet-po-kraji-stredoceskeho-palerma-310562\" class=\"e_n f_l5\" rel=\"nofollow noopener\" target=\"_blank\"><img height=\"2268\"   width=\"4032\" src=\"https:\/\/www.europesays.com\/cz\/wp-content\/uploads\/2026\/07\/vylet-pribram-rozmital.heif.jpeg\" loading=\"eager\" decoding=\"sync\" class=\"e_aa e_Z\"\/><\/a>Prohl\u00eddka: V\u00edtejte v\u00a0kaolinov\u00fdch dolech<\/p>\n<p class=\"e_bX\">Jestli v\u00e1s l\u00e1k\u00e1 sv\u011bt pod zem\u00ed, pak by v\u00e1s mohla bavit prohl\u00eddka v\u00a0Centru Caolinum v\u00a0obci Nev\u0159e\u0148 kousek za Plzn\u00ed, kter\u00e9 se v\u011bnuje historii t\u011b\u017eby kaolinu (b\u00edl\u00e9ho j\u00edlu). T\u011b\u017eba tu prob\u00edhala od 19.\u00a0stolet\u00ed. \u201eV dole se dochovaly chodby, z\u00a0nich\u017e n\u011bkter\u00e9 jsou a\u017e dvan\u00e1ct metr\u016f vysok\u00e9 a\u00a0osm metr\u016f \u0161irok\u00e9. Na st\u011bn\u00e1ch jsou dosud viditeln\u00e9 zn\u00e1mky po ru\u010dn\u00edm kop\u00e1n\u00ed a\u00a0na strop\u011b jsou \u010dern\u00e9 skvrny, pravd\u011bpodobn\u011b stopy po o\u010douzen\u00ed karbidov\u00fdmi lampami, kter\u00fdmi si v\u00a0t\u00e9 dob\u011b kop\u00e1\u010di na pr\u00e1ci sv\u00edtili. Na strop\u011b jedn\u00e9 z\u00a0chodeb je dochovan\u00fd hornick\u00fd znak &#8211; zk\u0159\u00ed\u017een\u00fd ml\u00e1tek a\u00a0\u017eel\u00edzko &#8211; s\u00a0n\u00e1pisem D. J. 1891,\u201c l\u00e1k\u00e1 centrum k\u00a0prohl\u00eddce.<\/p>\n<p><img height=\"853\"   width=\"1280\" src=\"https:\/\/www.europesays.com\/cz\/wp-content\/uploads\/2026\/07\/caolinum-centrum-plzensko.jpeg\" loading=\"eager\" decoding=\"sync\" class=\"e_aa e_Z\"\/>Foto: Mapy.com<\/p>\n<p class=\"e_bX\">V Centru Caolinum na n\u00e1v\u0161t\u011bvn\u00edky \u010dek\u00e1 prohl\u00eddka dol\u016f, kde se t\u011b\u017eil kaolin. <\/p>\n<p>V\u00fdlet: Hrad Gut\u0161tejn a\u00a0\u00dater\u00fd, poh\u00e1dkov\u00e1 romance<\/p>\n<p class=\"e_bX\">Vid\u011bli jste poh\u00e1dky Princezna zaklet\u00e1 v\u00a0\u010dase 2\u00a0nebo Z\u00a0pekla \u0161t\u011bst\u00ed 2? Pak si mo\u017en\u00e1 vzpomenete na romantickou (a dodnes zcela p\u0159\u00edstupnou) z\u0159\u00edceninu hradu Gut\u0161tejn z\u00a0p\u0159elomu 13.\u00a0a\u00a014.\u00a0stolet\u00ed, kterou najdete n\u011bkolik kilometr\u016f ji\u017en\u011b od Konstantinov\u00fdch L\u00e1zn\u00ed.<\/p>\n<p class=\"e_bX\">Romantiky tu neubylo: auto m\u016f\u017eete nechat p\u0159ed n\u011bkdej\u0161\u00edm loveck\u00fdm z\u00e1me\u010dkem Da\u0148kov a\u00a0kilometr k\u00a0hradu doj\u00edt p\u011b\u0161ky. Za n\u00e1v\u0161t\u011bvu stoj\u00ed i\u00a0nedalek\u00e9 poutn\u00ed m\u00edsto \u0160ip\u00edn a\u00a0stejnojmenn\u00e1 mali\u010dk\u00e1 ves. Osada stoj\u00ed tam, kde b\u00fdvalo hradi\u0161t\u011b z\u00a0pozdn\u00ed doby bronzov\u00e9.<\/p>\n<p class=\"e_bX\">M\u00edsto je to i\u00a0d\u00edky kostelu sv. Barbory a\u00a0vyhl\u00eddce nad \u00datersk\u00fdm potokem vcelku magick\u00e9. Jestli\u017ee v\u00e1m nevad\u00ed str\u00e1vit na v\u00fdlet\u011b p\u016fl dne, absolvujte &#8211; t\u0159eba od parkovi\u0161\u0165\u00e1tka u\u00a0pot\u00ednsk\u00e9 pily &#8211; cestu malebn\u00fdm \u00fadol\u00edm pod\u00e9l meandruj\u00edc\u00edho potoka do m\u011bste\u010dka \u00dater\u00fd. Budete-li m\u00edt \u0161t\u011bst\u00ed, po cest\u011b naraz\u00edte na kvetouc\u00ed oc\u00fany.<\/p>\n<p class=\"e_bX\">V\u00a0\u00dater\u00fd v\u00e1s \u010dek\u00e1 lidov\u00e1 architektura v\u00a0podob\u011b hr\u00e1zd\u011bn\u00fdch dom\u016f a\u00a0tak\u00e9 mohutn\u00fd barokn\u00ed kostel Narozen\u00ed sv. Jana K\u0159titele z\u00a0konce 17.\u00a0stolet\u00ed. I\u00a0tady propadli kouzlu filma\u0159i: to\u010dil se tu seri\u00e1l Zdivo\u010del\u00e1 zem\u011b. Pokud nechcete absolvovat celou dlouhou cestu, dojd\u011bte t\u0159eba jen ke z\u0159\u00edcenin\u011b Falken\u0161ejn a\u00a0tam to obra\u0165te. <\/p>\n<p>V\u00fdlet: Kostel sv. Bla\u017eeje, Nov\u00fd Dv\u016fr a\u00a0Tepl\u00e1<\/p>\n<p class=\"e_bX\">Sjedete-li z \u201ekarlovarsk\u00e9\u201c silnice kousek za obc\u00ed Bezv\u011brov sm\u011brem na Ne\u017eichov, naskytne se v\u00e1m n\u00e1dhern\u00fd v\u00fdhled na zvln\u011bnou krajinu, louky a\u00a0pastviny. V\u00a0Ne\u017eichov\u011b se m\u016f\u017eete stavit na m\u00edstn\u00ed farm\u011b, kter\u00e1 vyr\u00e1b\u00ed vlastn\u00ed s\u00fdry \u010di jogurty, a\u00a0pak pokra\u010dujte k\u00a0Bla\u017eejsk\u00e9mu rybn\u00edku. Na jeho b\u0159ehu stoj\u00ed mohutn\u00e9 poz\u016fstatky jednolodn\u00edho kostela sv. Bla\u017eeje, kter\u00fd nechal v\u00a0roce 1732\u00a0postavit opat tepelsk\u00e9ho kl\u00e1\u0161tera Reimund III.<\/p>\n<p class=\"e_bX\">\u201eKostel vyho\u0159el na sv\u00e1tek Bo\u017e\u00edho T\u011bla dne 20.\u00a06.\u00a01957\u00a0kolem druh\u00e9 hodiny odpoledne po z\u00e1sahu blesku. Sho\u0159ela ale pouze st\u0159echa. Klenba z\u016fstala st\u00e1t a\u00a0v\u011bt\u0161ina mobili\u00e1\u0159e se pr\u00fd zachr\u00e1nila. Byla odvezena do statku v\u00a0Brani\u0161ov\u011b, odkud byla pozd\u011bji transportov\u00e1na do kl\u00e1\u0161tera v\u00a0Tepl\u00e9. Po vyho\u0159en\u00ed byl kostel ponech\u00e1n bez opravy a\u00a0za\u010dal ch\u00e1trat, po n\u011bkolika letech se z\u0159\u00edtila i\u00a0klenba,\u201c p\u00ed\u0161e Martin \u010cechura v\u00a0knize Zanikl\u00e9 kostely \u010cech. Nyn\u00ed je kostel zabezpe\u010den\u00fd a\u00a0jeho zachoval\u00e9 zdi vytv\u00e1\u0159\u00ed prostor, kter\u00fd l\u00e1k\u00e1 k\u00a0jednor\u00e1zov\u00fdm kulturn\u00edm ud\u00e1lostem.<\/p>\n<p class=\"e_bX\">Jen \u010dty\u0159i kilometry od kostela sv. Bla\u017eeje si m\u016f\u017eete prohl\u00e9dnout architektonick\u00fd skvost, opatstv\u00ed Nov\u00fd Dv\u016fr. M\u00edstn\u00ed cisterci\u00e1ci pat\u0159\u00ed k\u00a0takzvan\u00fdm trapist\u016fm. Doraz\u00edte-li ke kl\u00e1\u0161teru, o\u00a0jeho\u017e minimalistickou a\u00a0odbornou rekonstrukci se postarali britsk\u00fd architekt John Pawson a\u00a0plze\u0148sk\u00fd architekt Jan Soukup, m\u016f\u017eete si n\u011bkter\u00fd z\u00a0v\u00fdrobk\u016f trapist\u016f zakoupit v\u00a0kl\u00e1\u0161tern\u00edm obch\u016fdku.<\/p>\n<p class=\"e_bX\">Asi nejv\u00edce turist\u016f m\u00ed\u0159\u00ed zejm\u00e9na b\u011bhem letn\u00edch m\u011bs\u00edc\u016f do dvan\u00e1ct kilometr\u016f vzd\u00e1len\u00e9ho kl\u00e1\u0161tera Tepl\u00e1 a\u00a0jeho zahrad. Premonstr\u00e1tsk\u00fd kl\u00e1\u0161ter zalo\u017eil v\u00a0roce 1193\u00a0\u010desk\u00fd \u0161lechtic Hroznata, vz\u00e1p\u011bt\u00ed do n\u011bj povolal premonstr\u00e1tsk\u00e9 \u0159eholn\u00edky z\u00a0pra\u017esk\u00e9ho Strahova. \u0160lechtic\u016fv odkaz si tu dodnes p\u0159ipom\u00ednaj\u00ed skrz Hroznatovu akademii, kter\u00e1 po\u0159\u00e1d\u00e1 nejr\u016fzn\u011bj\u0161\u00ed d\u00edlny a\u00a0workshopy pro ve\u0159ejnost a\u00a0vzd\u011bl\u00e1vac\u00ed programy pro \u0161koly. V\u00a0are\u00e1lu kl\u00e1\u0161tera se bu\u010f m\u016f\u017eete zcela voln\u011b pono\u0159it do zahrady, anebo se \u00fa\u010dastnit pozn\u00e1vac\u00ed prohl\u00eddky. V\u00a0nab\u00eddce je kl\u00e1\u0161tern\u00ed knihovna s\u00a0muzeem a\u00a0tak\u00e9 opatovo apartm\u00e1.<\/p>\n","protected":false},"excerpt":{"rendered":"Majest\u00e1tn\u00ed z\u00e1mky ani galerie v\u00a0t\u011bchto m\u00edstech nenajdete. Bude-li v\u00e1m ale sta\u010dit divok\u00e1 p\u0159\u00edroda n\u011bkdej\u0161\u00edch Sudet, koupac\u00ed \u201eza\u0161\u00edv\u00e1rny\u201c, v\u0161udyp\u0159\u00edtomn\u00e9&hellip;\n","protected":false},"author":2,"featured_media":150451,"comment_status":"","ping_status":"","sticky":false,"template":"","format":"standard","meta":{"footnotes":"","_share_on_mastodon":"0"},"categories":[7],"tags":[43,42,41,40,11459,1863,1837,3912],"class_list":["post-150450","post","type-post","status-publish","format-standard","has-post-thumbnail","category-cesko","tag-ceska-republika","tag-cesko","tag-czech-republic","tag-czechia","tag-koupaliste","tag-plzen","tag-tipy-na-vylety","tag-vylety-po-cesku"],"share_on_mastodon":{"url":"https:\/\/pubeurope.com\/@cz\/116935498728365125","error":""},"_links":{"self":[{"href":"https:\/\/www.europesays.com\/cz\/wp-json\/wp\/v2\/posts\/150450","targetHints":{"allow":["GET"]}}],"collection":[{"href":"https:\/\/www.europesays.com\/cz\/wp-json\/wp\/v2\/posts"}],"about":[{"href":"https:\/\/www.europesays.com\/cz\/wp-json\/wp\/v2\/types\/post"}],"author":[{"embeddable":true,"href":"https:\/\/www.europesays.com\/cz\/wp-json\/wp\/v2\/users\/2"}],"replies":[{"embeddable":true,"href":"https:\/\/www.europesays.com\/cz\/wp-json\/wp\/v2\/comments?post=150450"}],"version-history":[{"count":0,"href":"https:\/\/www.europesays.com\/cz\/wp-json\/wp\/v2\/posts\/150450\/revisions"}],"wp:featuredmedia":[{"embeddable":true,"href":"https:\/\/www.europesays.com\/cz\/wp-json\/wp\/v2\/media\/150451"}],"wp:attachment":[{"href":"https:\/\/www.europesays.com\/cz\/wp-json\/wp\/v2\/media?parent=150450"}],"wp:term":[{"taxonomy":"category","embeddable":true,"href":"https:\/\/www.europesays.com\/cz\/wp-json\/wp\/v2\/categories?post=150450"},{"taxonomy":"post_tag","embeddable":true,"href":"https:\/\/www.europesays.com\/cz\/wp-json\/wp\/v2\/tags?post=150450"}],"curies":[{"name":"wp","href":"https:\/\/api.w.org\/{rel}","templated":true}]}}