{"id":150647,"date":"2026-07-17T16:20:23","date_gmt":"2026-07-17T16:20:23","guid":{"rendered":"https:\/\/www.europesays.com\/cz\/150647\/"},"modified":"2026-07-17T16:20:23","modified_gmt":"2026-07-17T16:20:23","slug":"konzumace-syra-v-lutisich-skoncila-smrti-zena-ho-koupila-pred-kostelem-zemrela-v-nemocnici","status":"publish","type":"post","link":"https:\/\/www.europesays.com\/cz\/150647\/","title":{"rendered":"Konzumace s\u00fdra v Luti\u0161\u00edch skon\u010dila smrt\u00ed. \u017dena ho koupila p\u0159ed kostelem, zem\u0159ela v nemocnici"},"content":{"rendered":"<p>\n                        Na Slovensku zem\u0159ela 63let\u00e1 \u017eena pot\u00e9, co se nakazila bakteri\u00ed listerie. Sn\u011bdla s\u00fdrov\u00e9 nit\u011b, kter\u00e9 koupila od prodejce na ulici. Veterin\u00e1\u0159i varuj\u00ed, \u017ee v letn\u00edch vedrech je riziko n\u00e1kazy u nevhodn\u011b skladovan\u00fdch potravin v\u00fdrazn\u011b vy\u0161\u0161\u00ed. Informovala o tom TV JOJ.\n                    <\/p>\n<p>S\u00fdrov\u00e9 nit\u011b p\u0159ivezl do obce Luti\u0161e polsk\u00fd prodejce. Nab\u00edzel je v\u011b\u0159\u00edc\u00edm, kte\u0159\u00ed \u0161li na m\u0161i. Kupovali je p\u0159\u00edmo z kufru osobn\u00edho auta. Inspekto\u0159i zkontrolovali prodej s\u00fdrov\u00fdch v\u00fdrobk\u016f p\u0159ed kostelem pot\u00e9, co jedna ze z\u00e1kaznic skon\u010dila v \u017eilinsk\u00e9 nemocnici.<\/p>\n<p>\u010cT\u011aTE TAK\u00c9: <a target=\"_blank\" href=\"https:\/\/cnn.iprima.cz\/ctyricet-stupnu-na-salech-ustecke-nemocnice-at-si-to-jde-vyzkouset-vedeni-sopti-pracovnici-517226\" rel=\"nofollow noopener\">A\u017e 40 \u00b0C na s\u00e1lech \u00fasteck\u00e9 nemocnice. Leje z n\u00e1s, a\u0165 si to vyzkou\u0161\u00ed i veden\u00ed, sopt\u00ed pracovn\u00edci<\/a><\/p>\n<p>\u201eNavzdory velk\u00e9mu \u00fasil\u00ed zdravotn\u00edk\u016f se ji vzhledem k jej\u00edmu celkov\u00e9mu zdravotn\u00edmu stavu a n\u00e1sledn\u00e9mu p\u016fsoben\u00ed bakterie bohu\u017eel nepoda\u0159ilo zachr\u00e1nit,\u201c sd\u011blila mluv\u010d\u00ed nemocnice Zuzana Fialov\u00e1 pro <a target=\"_blank\" href=\"https:\/\/www.noviny.sk\/slovensko\/1234481-zena-zomrela-v-nemocnici-po-nakaze-listeriou-syrove-nite-kupila-na-severe-slovenska\" rel=\"nofollow noopener\">TV JOJ<\/a>.<\/p>\n<p>Nejz\u00e1va\u017en\u011bj\u0161\u00ed forma onemocn\u011bn\u00ed postihuje podle slovensk\u00e9 St\u00e1tn\u00ed veterin\u00e1rn\u00ed a potravinov\u00e9 spr\u00e1vy nervovou soustavu. \u201eM\u016f\u017ee zp\u016fsobit v\u00e1\u017en\u00e9 zdravotn\u00ed komplikace, dokonce i smrt,\u201c uvedl \u0159editel odborn\u00e9 sekce Roman Matej\u010d\u00edk.<\/p>\n<p>Ov\u011b\u0159en\u00fd prodejce je z\u00e1klad<\/p>\n<p>Z\u00e1kazn\u00edci by m\u011bli bedliv\u011b vyb\u00edrat, od koho s\u00fdrov\u00e9 v\u00fdrobky nakupuj\u00ed. \u201eKdy\u017e si najdou sv\u00e9ho ov\u011b\u0159en\u00e9ho farm\u00e1\u0159e nebo dodavatele, kter\u00fd garantuje kvalitu a bezpe\u010dnost, lze podobn\u00fdm ud\u00e1lostem p\u0159edch\u00e1zet,\u201c citovala TV JOJ doporu\u010den\u00ed Slovensk\u00e9 zem\u011bd\u011blsk\u00e9 a potravin\u00e1\u0159sk\u00e9 komory.<\/p>\n<p class=\"intro-title-mobile\">\n        \u010ct\u011bte tak\u00e9\n    <\/p>\n<p>        <a href=\"https:\/\/cnn.iprima.cz\/silene-zabery-z-koupaliste-vitr-zvedl-skakaci-hrad-6lety-chlapec-z-nej-vypadl-517102\" class=\"image-link\" rel=\"nofollow noopener\" target=\"_blank\"><\/p>\n<p>            <img decoding=\"async\" loading=\"lazy\" class=\"image\" src=\"https:\/\/www.europesays.com\/cz\/wp-content\/uploads\/2026\/07\/88a26c271910175396c6a489010560c4.jpg\" alt=\"V\u00edtr zvedl na Slovensku nafukovac\u00ed hrad, v n\u011bm\u017e si hr\u00e1l \u0161estilet\u00fd chlapec.\"\/><\/p>\n<p>            <\/a><\/p>\n<p class=\"intro-title-desktop\">\n            \u010ct\u011bte tak\u00e9\n        <\/p>\n<p>                <a href=\"https:\/\/cnn.iprima.cz\/silene-zabery-z-koupaliste-vitr-zvedl-skakaci-hrad-6lety-chlapec-z-nej-vypadl-517102\" class=\"title-link\" rel=\"nofollow noopener\" target=\"_blank\"><\/p>\n<p class=\"title\">\n                D\u011bsiv\u00e9 z\u00e1b\u011bry ze Slovenska: V\u00edtr zvedl sk\u00e1kac\u00ed hrad, \u0161estilet\u00fd chlapec je v\u00e1\u017en\u011b zran\u011bn\u00fd\n            <\/p>\n<p>        <\/a><\/p>\n<p>                                                                                                15. \u010dvc 2026, 12:51<\/p>\n<p>                6 min \u010dten\u00ed<\/p>\n<p>Ml\u00e9\u010dn\u00e9 v\u00fdrobky ale nejsou jedin\u00e9, kter\u00e9 mohou b\u00fdt v t\u011bchto letn\u00edch vedrech rizikov\u00e9. Nebezpe\u010dn\u00e9 mohou b\u00fdt tak\u00e9 vejce, maso nebo rostlinn\u00e9 produkty. Odpov\u011bdnost nav\u00edc nenese jenom v\u00fdrobce a prodejce, ale i spot\u0159ebitel.<\/p>\n<p>Plat\u00ed proto t\u0159i z\u00e1kladn\u00ed pravidla \u2013 odd\u011blovat \u010derstv\u00e9 potraviny od t\u011bch, kter\u00e9 je\u0161t\u011b projdou tepelnou \u00fapravou, \u010distit pracovn\u00ed desku zejm\u00e9na p\u0159i zpracov\u00e1n\u00ed masa a zeleniny a nezapomenout si um\u00fdvat ruce.<br \/>MOHLI JSTE P\u0158EHL\u00c9DNOUT: <a target=\"_blank\" href=\"https:\/\/cnn.iprima.cz\/kdo-nese-vinu-pri-stretu-se-sanitkou-minule-rozsudky-mohou-napovedet-i-v-kauze-turek-517243\" rel=\"nofollow noopener\">Varov\u00e1n\u00ed pro Turka. Soudy za sr\u00e1\u017eky se sanitkami v\u017edy tvrd\u011b trestaly, ukazuje historie<\/a><\/p>\n","protected":false},"excerpt":{"rendered":"Na Slovensku zem\u0159ela 63let\u00e1 \u017eena pot\u00e9, co se nakazila bakteri\u00ed listerie. Sn\u011bdla s\u00fdrov\u00e9 nit\u011b, kter\u00e9 koupila od prodejce&hellip;\n","protected":false},"author":2,"featured_media":150648,"comment_status":"","ping_status":"","sticky":false,"template":"","format":"standard","meta":{"footnotes":"","_share_on_mastodon":"0"},"categories":[11],"tags":[4261,346,2886,45,35158,54,22206,25364,53,52,597,1244,31957,38543],"class_list":["post-150647","post","type-post","status-publish","format-standard","has-post-thumbnail","category-svet","tag-bakterie","tag-nemocnice","tag-produkty-a-sluzby","tag-slovensko","tag-spotrebni-zbozi","tag-svet","tag-syr","tag-tv-joj","tag-world","tag-world-news","tag-zdravi","tag-zena","tag-zilina","tag-zuzana-fialova"],"share_on_mastodon":{"url":"https:\/\/pubeurope.com\/@cz\/116936234020066755","error":""},"_links":{"self":[{"href":"https:\/\/www.europesays.com\/cz\/wp-json\/wp\/v2\/posts\/150647","targetHints":{"allow":["GET"]}}],"collection":[{"href":"https:\/\/www.europesays.com\/cz\/wp-json\/wp\/v2\/posts"}],"about":[{"href":"https:\/\/www.europesays.com\/cz\/wp-json\/wp\/v2\/types\/post"}],"author":[{"embeddable":true,"href":"https:\/\/www.europesays.com\/cz\/wp-json\/wp\/v2\/users\/2"}],"replies":[{"embeddable":true,"href":"https:\/\/www.europesays.com\/cz\/wp-json\/wp\/v2\/comments?post=150647"}],"version-history":[{"count":0,"href":"https:\/\/www.europesays.com\/cz\/wp-json\/wp\/v2\/posts\/150647\/revisions"}],"wp:featuredmedia":[{"embeddable":true,"href":"https:\/\/www.europesays.com\/cz\/wp-json\/wp\/v2\/media\/150648"}],"wp:attachment":[{"href":"https:\/\/www.europesays.com\/cz\/wp-json\/wp\/v2\/media?parent=150647"}],"wp:term":[{"taxonomy":"category","embeddable":true,"href":"https:\/\/www.europesays.com\/cz\/wp-json\/wp\/v2\/categories?post=150647"},{"taxonomy":"post_tag","embeddable":true,"href":"https:\/\/www.europesays.com\/cz\/wp-json\/wp\/v2\/tags?post=150647"}],"curies":[{"name":"wp","href":"https:\/\/api.w.org\/{rel}","templated":true}]}}