{"id":150941,"date":"2026-07-18T05:06:07","date_gmt":"2026-07-18T05:06:07","guid":{"rendered":"https:\/\/www.europesays.com\/cz\/150941\/"},"modified":"2026-07-18T05:06:07","modified_gmt":"2026-07-18T05:06:07","slug":"kvuli-bource-prerusily-colours-of-ostrava-program-dva-koncerty-byly-zruseny","status":"publish","type":"post","link":"https:\/\/www.europesays.com\/cz\/150941\/","title":{"rendered":"Kv\u016fli bou\u0159ce p\u0159eru\u0161ily Colours of Ostrava program, dva koncerty byly zru\u0161eny"},"content":{"rendered":"<p>&#13;<br \/>\n  Komer\u010dn\u00ed prezentace Aktual.: 17.07.2026 21:36&#13;<br \/>\n  Vyd\u00e1no: 17.07.2026, 21:05&#13;\n<\/p>\n<p class=\"big\" itemprop=\"description\">    Ostrava &#8211; Kv\u016fli bou\u0159ce, kter\u00e1 se p\u0159ehnala nad are\u00e1lem, p\u0159eru\u0161il v p\u00e1tek ve\u010der festival Colours of Ostrava zhruba na hodinu program. Dva koncerty byly nejprve odlo\u017eeny a posl\u00e9ze zru\u0161eny, dal\u0161\u00ed t\u0159i byly p\u0159eru\u0161eny nebo rovnou za\u010daly pozd\u011bji. Lid\u00e9 se po upozorn\u011bn\u00ed po\u0159adatel\u016f na bl\u00ed\u017e\u00edc\u00ed se silnou bou\u0159ku schovali v budov\u00e1ch a pevn\u00fdch stanech. Zhruba od 21:00 program pokra\u010duje. Chv\u00edlemi r\u016fzn\u011b intenzivn\u011b pr\u0161\u00ed. Mluv\u010d\u00ed festivalu Ond\u0159ej Bambas \u0159ekl \u010cTK, \u017ee v are\u00e1lu ale bou\u0159ka \u017e\u00e1dn\u00e9 \u0161kody nezp\u016fsobila.<\/p>\n<p>Kv\u016fli po\u010das\u00ed na festivalu nevystoupil Malkit Singh, kter\u00fd hraje hudbu \u017e\u00e1nru bhangra a tradi\u010dn\u00ed pand\u017e\u00e1bskou hudbu propojuje s rapem, housem i tane\u010dn\u00ed elektronikou. Zru\u0161eno bylo rovn\u011b\u017e vystoupen\u00ed kypersk\u00e9 um\u011blkyn\u011b Delly, jej\u00ed\u017e hudebn\u00ed tvorba se pohybuje na pomez\u00ed alternativn\u00edho popu a rocku. Posunut\u00fd byl mimo jin\u00e9 koncert trumpetisty Ibrahima Maaloufa s projektem Trumpets of Michel Ange na hlavn\u00ed sc\u00e9n\u011b.<\/p>\n<p>Bambas \u0159ekl, \u017ee Della sv\u00e9 zru\u0161en\u00e9 vystoupen\u00ed nahrad\u00ed v sobotu. Zat\u00edm se je\u0161t\u011b nev\u00ed, na kter\u00e9 sc\u00e9n\u011b a v jak\u00e9m \u010dase.<\/p>\n<p>Mluv\u010d\u00ed moravskoslezsk\u00fdch hasi\u010d\u016f Tom\u00e1\u0161 \u010c\u00e1p \u0159ekl \u010cTK, \u017ee zat\u00edm v kraji kv\u016fli bou\u0159k\u00e1m nezaznamenali v\u011bt\u0161\u00ed \u0161kody. Vyj\u00ed\u017ed\u011bli jen k jednotliv\u00fdm p\u0159\u00edpad\u016fm, nejv\u00edce v Ostrav\u011b. \u0160lo p\u0159edev\u0161\u00edm o odstra\u0148ov\u00e1n\u00ed spadl\u00fdch v\u011btv\u00ed \u010di strom\u016f, v jednom p\u0159\u00edpad\u011b \u010distili ucpan\u00fd kan\u00e1l.<\/p>\n<p class=\"tags\">&#13;<br \/>\n<a href=\"https:\/\/www.ceskenoviny.cz\/tema\/cr\/1\" class=\"tag blue\" itemprop=\"about\" rel=\"tag nofollow noopener\" target=\"_blank\">\u010cR<\/a>&#13;<br \/>\n&#13;<br \/>\n&#13;<br \/>\n&#13;<br \/>\n<a href=\"https:\/\/www.ceskenoviny.cz\/tema\/pop\/461\" class=\"tag blue\" itemprop=\"about\" rel=\"tag nofollow noopener\" target=\"_blank\">pop<\/a>&#13;<br \/>\n&#13;<br \/>\n&#13;<br \/>\n&#13;<br \/>\n<a href=\"https:\/\/www.ceskenoviny.cz\/tema\/pocasi\/366\" class=\"tag blue\" itemprop=\"about\" rel=\"tag nofollow noopener\" target=\"_blank\">Po\u010das\u00ed<\/a>&#13;<br \/>\n&#13;<br \/>\n&#13;<br \/>\n&#13;<br \/>\n<a href=\"https:\/\/www.ceskenoviny.cz\/tema\/hudba\/343\" class=\"tag blue\" itemprop=\"about\" rel=\"tag nofollow noopener\" target=\"_blank\">hudba<\/a>&#13;<br \/>\n&#13;<br \/>\n&#13;<br \/>\n&#13;<br \/>\n<a href=\"https:\/\/www.ceskenoviny.cz\/tema\/colours-of-ostrava\/21814\" class=\"tag blue\" itemprop=\"about\" rel=\"tag nofollow noopener\" target=\"_blank\">Colours of Ostrava<\/a>&#13;<br \/>\n&#13;<br \/>\n&#13;<br \/>\n&#13;<br \/>\n<a href=\"https:\/\/www.ceskenoviny.cz\/tema\/boure\/13868\" class=\"tag blue\" itemprop=\"about\" rel=\"tag nofollow noopener\" target=\"_blank\">bou\u0159e<\/a>&#13;<br \/>\n&#13;<br \/>\n&#13;<br \/>\n&#13;<br \/>\n<a href=\"https:\/\/www.ceskenoviny.cz\/tema\/festival\/870\" class=\"tag blue\" itemprop=\"about\" rel=\"tag nofollow noopener\" target=\"_blank\">festival<\/a>&#13;<br \/>\n&#13;<br \/>\n&#13;<br \/>\n&#13;<br \/>\n<a href=\"https:\/\/www.ceskenoviny.cz\/tema\/audio\/13822\" class=\"tag blue\" itemprop=\"about\" rel=\"tag nofollow noopener\" target=\"_blank\">AUDIO<\/a>&#13;<br \/>\n&#13;<br \/>\n&#13;<br \/>\n&#13;<br \/>\n<a href=\"https:\/\/www.ceskenoviny.cz\/tema\/foto\/13820\" class=\"tag blue\" itemprop=\"about\" rel=\"tag nofollow noopener\" target=\"_blank\">FOTO<\/a>&#13;<br \/>\n&#13;<br \/>\n&#13;<br \/>\n&#13;<br \/>\n &#13;<\/p>\n","protected":false},"excerpt":{"rendered":"&#13; Komer\u010dn\u00ed prezentace Aktual.: 17.07.2026 21:36&#13; Vyd\u00e1no: 17.07.2026, 21:05&#13; Ostrava &#8211; Kv\u016fli bou\u0159ce, kter\u00e1 se p\u0159ehnala nad are\u00e1lem,&hellip;\n","protected":false},"author":2,"featured_media":150942,"comment_status":"","ping_status":"","sticky":false,"template":"","format":"standard","meta":{"footnotes":"","_share_on_mastodon":"0"},"categories":[10],"tags":[942,1317,302,304,305,9837,298,303,10879,1092,17,21,84,16,255,7235,18,19,22,20],"class_list":["post-150941","post","type-post","status-publish","format-standard","has-post-thumbnail","category-zpravy","tag-audio","tag-boure","tag-ceskenoviny-cz","tag-cn","tag-cn-cz","tag-colours-of-ostrava","tag-cr","tag-ctk","tag-festival","tag-foto","tag-headlines","tag-hlavni-udalosti","tag-hudba","tag-news","tag-pocasi","tag-pop","tag-top-news","tag-top-stories","tag-udalosti-dne","tag-zpravy"],"share_on_mastodon":{"url":"https:\/\/pubeurope.com\/@cz\/116939245769154054","error":""},"_links":{"self":[{"href":"https:\/\/www.europesays.com\/cz\/wp-json\/wp\/v2\/posts\/150941","targetHints":{"allow":["GET"]}}],"collection":[{"href":"https:\/\/www.europesays.com\/cz\/wp-json\/wp\/v2\/posts"}],"about":[{"href":"https:\/\/www.europesays.com\/cz\/wp-json\/wp\/v2\/types\/post"}],"author":[{"embeddable":true,"href":"https:\/\/www.europesays.com\/cz\/wp-json\/wp\/v2\/users\/2"}],"replies":[{"embeddable":true,"href":"https:\/\/www.europesays.com\/cz\/wp-json\/wp\/v2\/comments?post=150941"}],"version-history":[{"count":0,"href":"https:\/\/www.europesays.com\/cz\/wp-json\/wp\/v2\/posts\/150941\/revisions"}],"wp:featuredmedia":[{"embeddable":true,"href":"https:\/\/www.europesays.com\/cz\/wp-json\/wp\/v2\/media\/150942"}],"wp:attachment":[{"href":"https:\/\/www.europesays.com\/cz\/wp-json\/wp\/v2\/media?parent=150941"}],"wp:term":[{"taxonomy":"category","embeddable":true,"href":"https:\/\/www.europesays.com\/cz\/wp-json\/wp\/v2\/categories?post=150941"},{"taxonomy":"post_tag","embeddable":true,"href":"https:\/\/www.europesays.com\/cz\/wp-json\/wp\/v2\/tags?post=150941"}],"curies":[{"name":"wp","href":"https:\/\/api.w.org\/{rel}","templated":true}]}}