{"id":151285,"date":"2026-07-18T12:54:10","date_gmt":"2026-07-18T12:54:10","guid":{"rendered":"https:\/\/www.europesays.com\/cz\/151285\/"},"modified":"2026-07-18T12:54:10","modified_gmt":"2026-07-18T12:54:10","slug":"mate-to-za-32-bilionu-amazon-predplatitelum-rozeslal-faktury-na-astronomicke-castky","status":"publish","type":"post","link":"https:\/\/www.europesays.com\/cz\/151285\/","title":{"rendered":"M\u00e1te to za 32\u00a0bilion\u016f. Amazon p\u0159edplatitel\u016fm rozeslal faktury na astronomick\u00e9 \u010d\u00e1stky"},"content":{"rendered":"<p class=\"c_bB\">Amazon Web Services z\u00e1kazn\u00edk\u016fm po cel\u00e9m sv\u011bt\u011b nab\u00edz\u00ed datov\u00e9 a\u00a0cloudov\u00e9 slu\u017eby, informuje den\u00edk <a data-dot=\"atm-link\" target=\"_blank\" rel=\"noopener nofollow\" href=\"https:\/\/www.theguardian.com\/technology\/2026\/jul\/17\/amazon-web-services-customers-trillion-dollar-bills-global-glitch\" class=\"c_N\">The Guardian<\/a>. Pro oby\u010dejn\u00e9 u\u017eivatele jsou tyto slu\u017eby pom\u011brn\u011b dostupn\u00e9, ale v\u00a0p\u00e1tek m\u011bs\u00ed\u010dn\u00ed vy\u00fa\u010dtov\u00e1n\u00ed \u0159ad\u011b z\u00a0nich p\u0159ineslo velmi nep\u0159\u00edjemn\u00e9 p\u0159ekvapen\u00ed.<\/p>\n<p class=\"c_bB\">\u201eKdy\u017e jsem dostal e-mail od Amazon Web Services s\u00a0fakturou za aplikaci na\u0161\u00ed charity pro audit \u0161koln\u00edch are\u00e1l\u016f, kter\u00e1 n\u00e1s norm\u00e1ln\u011b m\u011bs\u00ed\u010dn\u011b stoj\u00ed m\u00ed\u0148 ne\u017e libru (28,5\u00a0koruny), skoro jsem dostal infarkt,\u201c \u0159ekl \u0161\u00e9f marketingu anglick\u00e9 charity Learning Through Landscapes Dan Harvey. Podle vy\u00fa\u010dtov\u00e1n\u00ed m\u011bla charita za p\u0159edplatn\u00e9, kter\u00e9 ji o\u00a0m\u011bs\u00edc d\u0159\u00edve st\u00e1lo 43\u00a0cent\u016f (9,1\u00a0koruny), zaplatit 7,8\u00a0miliardy dolar\u016f (165,2\u00a0miliardy korun).<\/p>\n<p class=\"c_bB\">Nejvy\u0161\u0161\u00ed zaznamenan\u00e1 \u010d\u00e1stka, kterou Amazon n\u011bkomu omylem na\u00fa\u010dtoval, je 1,5\u00a0bilionu dolar\u016f. Tou se na soci\u00e1ln\u00ed s\u00edti X pochlubil u\u017eivatel jm\u00e9nem Bharath. \u201eVid\u011bl jsem 1,5\u00a0bilionu dolar\u016f a\u00a0moje du\u0161e opustila t\u011blo,\u201c napsal Bharath.<\/p>\n<p><a data-dot=\"atm-link\" target=\"_self\" href=\"https:\/\/www.novinky.cz\/clanek\/ekonomika-bezos-otevira-svuj-vesmirny-byznys-investorum-40587323\" class=\"c_N\" rel=\"nofollow noopener\"><img fetchpriority=\"high\" height=\"787\" width=\"1400\" src=\"https:\/\/www.europesays.com\/cz\/wp-content\/uploads\/2026\/07\/1784379249_307_new-glenn-blue-origin-raketoplan.jpeg\" loading=\"eager\" decoding=\"sync\" class=\"c_t c_r\"\/><\/a><\/p>\n<p class=\"c_bB\">Anglick\u00e1 histori\u010dka Andrea Zuvichov\u00e1 zase zjistila, \u017ee m\u00e1 za svou webovou str\u00e1nku s\u00a0n\u00e1zvem D\u00e1ma ze sedmn\u00e1ct\u00e9ho stolet\u00ed Amazonu zaplatit 245\u00a0miliard dolar\u016f (5,2\u00a0bilionu korun). To je p\u0159ibli\u017en\u011b stejn\u00e1 \u010d\u00e1stka, na kterou magaz\u00edn Forbes odhaduje celkovou hodnotu majetku majitele Amazonu Jeffa Bezose. \u201eB\u011b\u017en\u011b za m\u011bs\u00edc plat\u00edme p\u0159ibli\u017en\u011b 15\u00a0dolar\u016f (317,6\u00a0koruny). Dok\u00e1\u017eete si tedy p\u0159edstavit, \u017ee n\u00e1s to p\u011bkn\u011b p\u0159ekvapilo\u2026 Ale v\u00e1\u017en\u011b, n\u011bkter\u00e9 lidi to mohlo hodn\u011b vyd\u011bsit, a\u00a0dokonce jim to mohlo zp\u016fsobit zdravotn\u00ed probl\u00e9my,\u201c \u0159ekla Zuvichov\u00e1.<\/p>\n<p class=\"c_bB\">Na vin\u011b byla glob\u00e1ln\u00ed chyba syst\u00e9mu Amazonu, kter\u00e1 se projevila v\u00a0p\u00e1tek odpoledne. Po hodin\u011b a\u00a0p\u016fl p\u00e1tr\u00e1n\u00ed firma identifikovala, \u017ee se konkr\u00e9tn\u011b jednalo o\u00a0probl\u00e9m \u201es jednotkov\u00fdm oce\u0148ov\u00e1n\u00edm v\u00a0r\u00e1mci subsyst\u00e9mu pro odhad v\u00fdpo\u010dtu fakturace\u201c a\u00a0cel\u00fd syst\u00e9m vypnula. D\u011bsiv\u00e1 vy\u00fa\u010dtov\u00e1n\u00ed ale z\u00e1kazn\u00edk\u016fm podle p\u0159\u00edsp\u011bvk\u016f na soci\u00e1ln\u00edch s\u00edt\u00edch chod\u00ed d\u00e1l.<\/p>\n<p><a data-dot=\"atm-link\" target=\"_self\" href=\"https:\/\/www.novinky.cz\/clanek\/ekonomika-datacentra-nejvetsich-firem-tvori-emise-uhliku-jako-tretina-francie-40587825\" class=\"c_N\" rel=\"nofollow noopener\"><img height=\"720\" width=\"1280\" src=\"https:\/\/www.europesays.com\/cz\/wp-content\/uploads\/2026\/07\/1784379250_359_5HdBzS.jpeg\" loading=\"eager\" decoding=\"sync\" class=\"c_t c_r\"\/><\/a><\/p>\n","protected":false},"excerpt":{"rendered":"Amazon Web Services z\u00e1kazn\u00edk\u016fm po cel\u00e9m sv\u011bt\u011b nab\u00edz\u00ed datov\u00e9 a\u00a0cloudov\u00e9 slu\u017eby, informuje den\u00edk The Guardian. Pro oby\u010dejn\u00e9 u\u017eivatele&hellip;\n","protected":false},"author":2,"featured_media":151286,"comment_status":"","ping_status":"","sticky":false,"template":"","format":"standard","meta":{"footnotes":"","_share_on_mastodon":"0"},"categories":[12],"tags":[891,67,68,33486,3458],"class_list":["post-151285","post","type-post","status-publish","format-standard","has-post-thumbnail","category-byznys","tag-amazon","tag-business","tag-byznys","tag-faktury","tag-jeff-bezos"],"share_on_mastodon":{"url":"https:\/\/pubeurope.com\/@cz\/116941086225973744","error":""},"_links":{"self":[{"href":"https:\/\/www.europesays.com\/cz\/wp-json\/wp\/v2\/posts\/151285","targetHints":{"allow":["GET"]}}],"collection":[{"href":"https:\/\/www.europesays.com\/cz\/wp-json\/wp\/v2\/posts"}],"about":[{"href":"https:\/\/www.europesays.com\/cz\/wp-json\/wp\/v2\/types\/post"}],"author":[{"embeddable":true,"href":"https:\/\/www.europesays.com\/cz\/wp-json\/wp\/v2\/users\/2"}],"replies":[{"embeddable":true,"href":"https:\/\/www.europesays.com\/cz\/wp-json\/wp\/v2\/comments?post=151285"}],"version-history":[{"count":0,"href":"https:\/\/www.europesays.com\/cz\/wp-json\/wp\/v2\/posts\/151285\/revisions"}],"wp:featuredmedia":[{"embeddable":true,"href":"https:\/\/www.europesays.com\/cz\/wp-json\/wp\/v2\/media\/151286"}],"wp:attachment":[{"href":"https:\/\/www.europesays.com\/cz\/wp-json\/wp\/v2\/media?parent=151285"}],"wp:term":[{"taxonomy":"category","embeddable":true,"href":"https:\/\/www.europesays.com\/cz\/wp-json\/wp\/v2\/categories?post=151285"},{"taxonomy":"post_tag","embeddable":true,"href":"https:\/\/www.europesays.com\/cz\/wp-json\/wp\/v2\/tags?post=151285"}],"curies":[{"name":"wp","href":"https:\/\/api.w.org\/{rel}","templated":true}]}}