{"id":152306,"date":"2026-07-19T17:06:21","date_gmt":"2026-07-19T17:06:21","guid":{"rendered":"https:\/\/www.europesays.com\/cz\/152306\/"},"modified":"2026-07-19T17:06:21","modified_gmt":"2026-07-19T17:06:21","slug":"colours-of-ostrava-extrem-stridal-jeste-vetsi-extrem-letos-jsem-si-uzil-jen-jidlo","status":"publish","type":"post","link":"https:\/\/www.europesays.com\/cz\/152306\/","title":{"rendered":"Colours of Ostrava, extr\u00e9m st\u0159\u00eddal je\u0161t\u011b v\u011bt\u0161\u00ed extr\u00e9m. Letos jsem si u\u017eil jen j\u00eddlo"},"content":{"rendered":"<p class=\"e_cx\">P\u00e1tek, to byl ide\u00e1ln\u00ed \u010das vyrazit do are\u00e1lu Doln\u00edch V\u00edtkovic na legend\u00e1rn\u00ed Colours of Ostrava. <\/p>\n<p class=\"e_cx\">R\u00e1no to vypadalo na slune\u010dn\u00fd den pln\u00fd z\u00e1bavy dlouho do noci. Kdy\u017e jsem sed\u011bl v\u00a0k\u0159esle u\u00a0barbera, \u0159\u00edkal mi, \u017ee jsem si nemohl vybrat lep\u0161\u00ed po\u010das\u00ed. <\/p>\n<p class=\"e_cx\">S\u00a0odstupem \u010dasu mu mus\u00edm d\u00e1t za pravdu\u00a0\u2013 \u201elep\u0161\u00ed\u201c po\u010das\u00ed jsem si opravdu vybrat nemohl. Vlastn\u011b to byl jeden extr\u00e9m za druh\u00fdm.<\/p>\n<p><img fetchpriority=\"high\" height=\"3072\"   width=\"4096\" src=\"https:\/\/www.europesays.com\/cz\/wp-content\/uploads\/2026\/07\/1784480773_987_colours.jpeg\" loading=\"eager\" decoding=\"sync\" class=\"e_ah e_af\"\/>Foto: Novin\u00e1\u0159 v dom\u00e1cnosti<\/p>\n<p class=\"e_cx\">Na vstupu do are\u00e1lu jsme v\u00a0p\u00e1tek neza\u017eili \u017e\u00e1dn\u00e9 velk\u00e9 fronty<\/p>\n<p class=\"e_cx\">P\u0159i vstupu do are\u00e1lu jsem v\u00a0podve\u010der \u010dekal v\u011bt\u0161\u00ed fronty, ale na naskenov\u00e1n\u00ed vstupenek a\u00a0nacvaknut\u00ed (a naskenov\u00e1n\u00ed) n\u00e1ramku jsme \u010dekali jen p\u00e1r minut. <\/p>\n<p class=\"e_cx\">Pak se p\u0159ed n\u00e1mi u\u017e otev\u0159ela cel\u00e1 plocha Colours, kde bylo takov\u00e9 horko, \u017ee i\u00a0hasi\u010dsk\u00e9 vozy kropily prostor p\u0159ed hlavn\u00edm p\u00f3diem. <\/p>\n<p class=\"e_cx\">Proto\u017ee jsme byli s\u00a0man\u017eelkou zpocen\u00ed, ani\u017e bychom se p\u0159edt\u00edm n\u011bjak namo\u010dili, hned jsme si za\u0161li koupit pit\u00ed\u00a0\u2013 kousek od budovy, kde prob\u00edhala stand-up show. <\/p>\n<p class=\"e_cx\">\u00dapln\u011b to nebylo moje kafe, mo\u017en\u00e1 po p\u00e1r drinc\u00edch a\u00a0o dv\u011b t\u0159i hodiny pozd\u011bji by m\u011b to bavilo v\u00edc, ale publikum se celkem dob\u0159e bavilo i\u00a0tak.<\/p>\n<p><img height=\"3072\"   width=\"4096\" src=\"https:\/\/www.europesays.com\/cz\/wp-content\/uploads\/2026\/07\/1784480774_689_colours.jpeg\" loading=\"eager\" decoding=\"sync\" class=\"e_ah e_af\"\/>Foto: Novin\u00e1\u0159 v dom\u00e1cnosti<\/p>\n<p class=\"e_cx\">Prost\u0159ed\u00ed, kde se festival odehr\u00e1v\u00e1, bych ohodnotil jedni\u010dkou s\u00a0hv\u011bzdi\u010dkou<\/p>\n<p class=\"e_cx\">Rad\u011bji jsme se vydali prozkoumat are\u00e1l, abychom m\u011bli p\u0159edstavu, co si m\u016f\u017eeme poslechnout a\u00a0co koupit. <\/p>\n<p class=\"e_cx\">V\u016fbec jsem ne\u010dekal, \u017ee tady potk\u00e1m svou sestru\u00a0\u2013 v\u017edy\u0165 jsou tu na m\u00edst\u011b tis\u00edcovky lid\u00ed, a\u00a0potkat n\u011bkoho konkr\u00e9tn\u00edho je docela velk\u00e1 n\u00e1hoda. N\u00e1m se to za jeden ve\u010der stalo hned dvakr\u00e1t. <\/p>\n<p class=\"e_cx\">Po prvn\u00edm setk\u00e1n\u00ed jsme si ujasnili bojov\u00fd pl\u00e1n a\u00a0s man\u017eelkou jsme se vydali naj\u00edst s\u00a0t\u00edm, \u017ee se pozd\u011bji sejdeme u\u00a0koncertu Paris Palomy.<\/p>\n<p><img height=\"3072\"   width=\"4096\" src=\"https:\/\/www.europesays.com\/cz\/wp-content\/uploads\/2026\/07\/1784480775_725_colours.jpeg\" loading=\"eager\" decoding=\"sync\" class=\"e_ah e_af\"\/>Foto: Novin\u00e1\u0159 v dom\u00e1cnosti<\/p>\n<p class=\"e_cx\">St\u00e1nky s\u00a0ob\u010derstven\u00edm a\u00a0merchem, k\u00a0tomu vekovn\u00ed h\u0159\u00ed\u0161t\u011b, lo\u010f a\u00a0spoustu dal\u0161\u00edho. Bavilo m\u011b objevovat, co se v\u0161e d\u00e1 naj\u00edt<\/p>\n<p class=\"e_cx\">Nejprve jsme zam\u00ed\u0159ili ke st\u00e1nk\u016fm s\u00a0ob\u010derstven\u00edm, kde bylo rozhodn\u011b z\u00a0\u010deho vyb\u00edrat. Ale u\u017e p\u0159i n\u00e1kupu j\u00eddla se n\u00e1hle zvedl v\u00edtr a\u00a0z jedn\u00e9 z \u201euli\u010dek\u201c n\u00e1m do obli\u010deje zav\u00e1l oblak prachu ze such\u00e9 hl\u00edny a\u00a0tr\u00e1vy. <\/p>\n<p class=\"e_cx\">Rychle jsme si koupili ob\u010derstven\u00ed a\u00a0vydali se na na\u0161e strategick\u00e9 m\u00edsto, kde panoval relativn\u00ed klid a\u00a0odkud jsme dob\u0159e vid\u011bli na hlavn\u00ed p\u00f3dium. <\/p>\n<p><img height=\"3072\"   width=\"4096\" src=\"https:\/\/www.europesays.com\/cz\/wp-content\/uploads\/2026\/07\/1784480775_800_colours.jpeg\" loading=\"eager\" decoding=\"sync\" class=\"e_ah e_af\"\/>Foto: Novin\u00e1\u0159 v dom\u00e1cnosti<\/p>\n<p class=\"e_cx\">Ob\u010derstven\u00ed? Za dv\u011b stovky jsme se najedli dva<\/p>\n<p class=\"e_cx\">Byl to patrov\u00fd st\u00e1nek s\u00a0terasou vep\u0159edu a\u00a0\u201epevnou\u201c \u010d\u00e1st\u00ed a\u017e za n\u00ed. Po patn\u00e1cti minut\u00e1ch p\u0159i\u0161el p\u0159\u00edkaz vyklidit terasu a\u00a0my si do t\u00e9 doby mysleli, \u017ee m\u00e1me dobrou pozici pro to, co p\u0159ijde. <\/p>\n<p class=\"e_cx\">Koukali jsme do mobil\u016f na radar a\u00a0bylo jasn\u00e9, \u017ee bou\u0159ka opravdu brzy p\u0159ijde. <\/p>\n<p class=\"e_cx\">Jak se \u0159\u00edk\u00e1, festival v\u00a0\u010cesku bez de\u0161t\u011b snad ani nen\u00ed festival.<\/p>\n<p><img height=\"3072\"   width=\"4096\" src=\"https:\/\/www.europesays.com\/cz\/wp-content\/uploads\/2026\/07\/1784480776_97_colours.jpeg\" loading=\"eager\" decoding=\"sync\" class=\"e_ah e_af\"\/>Foto: Novin\u00e1\u0159 v dom\u00e1cnosti<\/p>\n<p class=\"e_cx\">Tady vypadaj\u00ed kom\u00edny je\u0161t\u011b hodn\u011b optimisticky<\/p>\n<p class=\"e_cx\">Pak p\u0159i\u0161el p\u0159\u00edkaz, ze kter\u00e9ho jsme radost u\u017e nem\u011bli\u00a0\u2013 v\u00a0podstat\u011b \u0161lo o\u00a0evakuaci st\u00e1nk\u016f kv\u016fli hroz\u00edc\u00ed bou\u0159ce a\u00a0pr\u016ftr\u017ei mra\u010den. <\/p>\n<p class=\"e_cx\">Po extr\u00e9mn\u00edm horku p\u0159i\u0161lo extr\u00e9mn\u00ed ochlazen\u00ed, zvedl se v\u00edtr a\u00a0na pokyn po\u0159adatel\u016f jsme se museli natla\u010dit do jedn\u00e9 z\u00a0kamenn\u00fdch budov. Ne\u017e jsme se tam dostali, p\u011bkn\u011b jsme zmokli, doslova skrz naskrz.<\/p>\n<p><img height=\"3072\"   width=\"4096\" src=\"https:\/\/www.europesays.com\/cz\/wp-content\/uploads\/2026\/07\/1784480777_502_colours.jpeg\" loading=\"eager\" decoding=\"sync\" class=\"e_ah e_af\"\/>Foto: Novin\u00e1\u0159 v dom\u00e1cnosti<\/p>\n<p class=\"e_cx\">Ze startu bylo n\u00e1ro\u010dn\u011bj\u0161\u00ed se zorientovat v\u00a0programu. V\u0161ude prob\u00edhalo n\u011bco<\/p>\n<p class=\"e_cx\">Nejbl\u00ed\u017e jsme m\u011bli k\u00a0Futureu, ale tam u\u017e bylo p\u011bkn\u011b plno. <\/p>\n<p class=\"e_cx\">Po stran\u00e1ch byly vstupy do m\u00edstnost\u00ed, kde se \u010depovalo pivo a\u00a0v\u00edno, my z\u016fstali ve st\u0159edn\u00ed chodb\u011b pln\u00e9 lid\u00ed. Pokyn zn\u011bl jasn\u011b, tak\u017ee jsme v\u011bd\u011bli, \u017ee tu n\u011bjakou dobu z\u016fstaneme. <\/p>\n<p class=\"e_cx\">Nejd\u0159\u00edv jsme si vybrali m\u00edsto u\u00a0st\u011bny, ale pak jsme na\u0161li mnohem lep\u0161\u00ed kout\u00a0\u2013 z\u00e1dve\u0159\u00ed mezi v\u011b\u0161\u00e1kem (na kter\u00fd tu ur\u010dit\u011b nikdo nic nepov\u011bs\u00ed) a\u00a0hasic\u00edm p\u0159\u00edstrojem. <\/p>\n<p>Hodinu mezi v\u011b\u0161\u00e1kem a\u00a0hasi\u010d\u00e1kem<\/p>\n<p class=\"e_cx\">Vytvo\u0159ili jsme si takovou malou \u201ekapsu\u201c, do kter\u00e9 jsme pozvali i\u00a0sestru a\u00a0jej\u00ed zn\u00e1m\u00e9, kter\u00e9 jsme tu op\u011bt ne\u010dekan\u011b potkali. <\/p>\n<p class=\"e_cx\">Mezit\u00edm u\u017e n\u011bkte\u0159\u00ed sed\u011bli na zemi u\u00a0automat\u016f nebo p\u0159ed v\u00fdtahem, proto\u017ee jinde se sed\u011bt nedalo, a\u00a0dovnit\u0159 proudili dal\u0161\u00ed a\u00a0dal\u0161\u00ed lid\u00e9.<\/p>\n<p><img height=\"3072\"   width=\"4096\" src=\"https:\/\/www.europesays.com\/cz\/wp-content\/uploads\/2026\/07\/1784480777_830_colours.jpeg\" loading=\"eager\" decoding=\"sync\" class=\"e_ah e_af\"\/>Foto: Novin\u00e1\u0159 v dom\u00e1cnosti<\/p>\n<p class=\"e_cx\">Tady u\u017e vypadaly kom\u00edny hroziv\u011bji, zat\u00e1hlo se a\u00a0za\u010dalo foukat<\/p>\n<p class=\"e_cx\">N\u011bkte\u0159\u00ed p\u0159ich\u00e1zeli s\u00a0narychlo po\u0159\u00edzen\u00fdmi pl\u00e1\u0161t\u011bnkami, jin\u00ed z\u016fst\u00e1vali uvnit\u0159 budovy jako my. Vzduch tu byl dost vyd\u00fdchan\u00fd, tak\u017ee m\u011b celkem p\u0159ekvapuje, \u017ee se nikomu neud\u011blalo \u0161patn\u011b. <\/p>\n<p class=\"e_cx\">Pr\u00e1v\u011b kv\u016fli tomu mnoz\u00ed volili cestu po schodech nahoru, ale hl\u00edda\u010d v\u00a0tu chv\u00edli volal, \u017ee horn\u00ed patro je jen pro person\u00e1l. Pak ale na dv\u011b minuty zmizel, a\u00a0kdy\u017e se vr\u00e1til, tvrdil tot\u00e9\u017e znovu\u00a0\u2013 jen\u017ee ho u\u017e nikdo neposlouchal, proto\u017ee tu opravdu nebylo k\u00a0hnut\u00ed. <\/p>\n<p class=\"e_cx\">P\u0159itom by sta\u010dilo jedin\u00e9: p\u00e1skou ohradit schodi\u0161t\u011b nahoru, na kter\u00e9 si mnoz\u00ed cht\u011bli jen sednout.<\/p>\n<p><img height=\"3072\"   width=\"4096\" src=\"https:\/\/www.europesays.com\/cz\/wp-content\/uploads\/2026\/07\/1784480777_682_colours.jpeg\" loading=\"eager\" decoding=\"sync\" class=\"e_ah e_af\"\/>Foto: Novin\u00e1\u0159 v dom\u00e1cnosti<\/p>\n<p class=\"e_cx\">Uvnit\u0159 betonov\u00e9ho vinn\u00e9ho skl\u00edpku byla z\u00e1bava v\u00a0pln\u00e9m proudu, venku se ale schylovalo k\u00a0bou\u0159ce<\/p>\n<p class=\"e_cx\">Ve Futureu jsme str\u00e1vili t\u00e9m\u011b\u0159 hodinu\u00a0\u2013 pov\u00eddali jsme si se zn\u00e1m\u00fdmi, probrali to nejd\u016fle\u017eit\u011bj\u0161\u00ed a\u00a0sledovali aktualizace Colours of Ostrava na soci\u00e1ln\u00edch s\u00edt\u00edch. <\/p>\n<p class=\"e_cx\">Ty na\u0161t\u011bst\u00ed braly zp\u011btnou vazbu n\u00e1v\u0161t\u011bvn\u00edk\u016f v\u00e1\u017en\u011b, tak\u017ee po \u010desk\u00e9m varov\u00e1n\u00ed, a\u0165 se schov\u00e1me uvnit\u0159 budov, p\u0159i\u0161lo i\u00a0varov\u00e1n\u00ed v\u00a0angli\u010dtin\u011b. <\/p>\n<p><img height=\"3072\"   width=\"4096\" src=\"https:\/\/www.europesays.com\/cz\/wp-content\/uploads\/2026\/07\/1784480778_51_colours.jpeg\" loading=\"eager\" decoding=\"sync\" class=\"e_ah e_af\"\/>Foto: Novin\u00e1\u0159 v dom\u00e1cnosti<\/p>\n<p class=\"e_cx\">V\u00fdstraha &#8211; siln\u00e1 bou\u0159ka. Nevstupujte pod stromy ani pod voln\u00e9 otev\u0159en\u00e9 prostranstv\u00ed &#8211; a\u00a0to pro n\u00e1s byla posledn\u00ed kapka<\/p>\n<p class=\"e_cx\">Pak se v\u00a0\u00fazk\u00fdch skupin\u00e1ch za\u010dalo prosl\u00fdchat, \u017ee se program \u010d\u00e1ste\u010dn\u011b ru\u0161\u00ed, a\u00a0z\u00e1hy se to objevilo i\u00a0na soci\u00e1ln\u00edch s\u00edt\u00edch. <\/p>\n<p class=\"e_cx\">V\u00a0n\u011bkter\u00fdch p\u0159\u00edpadech se poda\u0159ilo interpreta posunout na jin\u00fd term\u00edn, jin\u00ed kv\u016fli rozmar\u016fm po\u010das\u00ed nakonec nezahr\u00e1li v\u016fbec.<\/p>\n<p><img height=\"3072\"   width=\"4096\" src=\"https:\/\/www.europesays.com\/cz\/wp-content\/uploads\/2026\/07\/1784480779_402_colours.jpeg\" loading=\"eager\" decoding=\"sync\" class=\"e_ah e_af\"\/>Foto: Novin\u00e1\u0159 v dom\u00e1cnosti<\/p>\n<p class=\"e_cx\">Z\u016fstat nebo odej\u00edt? Spousta lid\u00ed volila druhou mo\u017enost<\/p>\n<p class=\"e_cx\">Kdy\u017e jsme se dostali ven, po\u010das\u00ed se na chv\u00edli umoud\u0159ilo, ale bylo jasn\u00e9, \u017ee jde jen o\u00a0klid p\u0159ed bou\u0159\u00ed. Pohled do mobiln\u00edch map uk\u00e1zal, \u017ee podobn\u00e9 p\u0159eh\u00e1\u0148ky se budou opakovat cel\u00fd ve\u010der a\u00a0\u017ee se rozhodn\u011b je\u0161t\u011b nerozpr\u0161elo naplno. <\/p>\n<p class=\"e_cx\">St\u00e1li jsme tak p\u0159ed dilematem\u00a0\u2013 z\u016fstat a\u00a0b\u00fdt je\u0161t\u011b v\u00edc mok\u0159\u00ed (i kdy\u017e to u\u017e skoro ne\u0161lo), nebo to vzd\u00e1t, ani\u017e by se to pro n\u00e1s v\u016fbec po\u0159\u00e1dn\u011b rozjelo. <\/p>\n<p><img height=\"2598\"   width=\"3464\" src=\"https:\/\/www.europesays.com\/cz\/wp-content\/uploads\/2026\/07\/colours.mpo.jpeg\" loading=\"eager\" decoding=\"sync\" class=\"e_ah e_af\"\/>Foto: Novin\u00e1\u0159 v dom\u00e1cnosti<\/p>\n<p class=\"e_cx\">Lou\u017ee p\u0159i v\u00fdchodu z\u00a0are\u00e1lu<\/p>\n<p class=\"e_cx\">Nakonec jsme zvolili rozum a\u00a0vydali se zp\u00e1tky na ubytov\u00e1n\u00ed. <\/p>\n<p class=\"e_cx\">A\u00a0nebyli jsme v\u00a0tom sami\u00a0\u2013 v\u00a0tu chv\u00edli od Colours of Ostrava odch\u00e1zely doslova davy lid\u00ed sm\u011brem k\u00a0tramvaji, kolem bl\u00e1tiv\u00fdch kalu\u017e\u00ed k\u00a0nedalek\u00e9mu podchodu. <\/p>\n<p><img height=\"3072\"   width=\"4096\" src=\"https:\/\/www.europesays.com\/cz\/wp-content\/uploads\/2026\/07\/1784480780_763_colours.jpeg\" loading=\"eager\" decoding=\"sync\" class=\"e_ah e_af\"\/>Foto: Novin\u00e1\u0159 v dom\u00e1cnosti<\/p>\n<p class=\"e_cx\">Dnes to nevy\u0161lo, tak zase za rok<\/p>\n<p class=\"e_cx\">Proti n\u00e1m m\u00ed\u0159ili lid\u00e9, kte\u0159\u00ed se na koncerty teprve chystali, ale mnohem v\u011bt\u0161\u00ed \u010d\u00e1st odch\u00e1zela pry\u010d\u00a0\u2013 hlavn\u011b rodiny s\u00a0d\u011btmi a\u00a0teenage\u0159i, mnoz\u00ed s\u00a0botami od bahna nebo \u00fapln\u011b promo\u010den\u00ed. <\/p>\n<p class=\"e_cx\">U\u00a0v\u00fdchodu jsme obsluze \u0159ekli, \u017ee dnes u\u017e se nevr\u00e1t\u00edme, a\u00a0vyrazili k\u00a0tramvaji.<\/p>\n<p><img height=\"3072\"   width=\"4096\" src=\"https:\/\/www.europesays.com\/cz\/wp-content\/uploads\/2026\/07\/1784480780_72_colours.jpeg\" loading=\"eager\" decoding=\"sync\" class=\"e_ah e_af\"\/>Foto: Novin\u00e1\u0159 v dom\u00e1cnosti<\/p>\n<p class=\"e_cx\">Bolt Tower p\u0159i odjezdu z\u00a0Colours<\/p>\n<p class=\"e_cx\">Tam byla velk\u00e1 tla\u010denice, dal\u0161\u00ed extr\u00e9m dne. Na\u0161e tramvaj m\u011bla p\u0159ijet za deset minut, ale nakonec se na n\u00e1s usm\u00e1lo \u0161t\u011bst\u00ed\u00a0\u2013 tramvaj m\u00ed\u0159\u00edc\u00ed jin\u00fdm sm\u011brem m\u011bla kv\u016fli bou\u0159ce zpo\u017ed\u011bn\u00ed, tak\u017ee prvn\u00ed dorazila pr\u00e1v\u011b ta na\u0161e. <\/p>\n<p class=\"e_cx\">Ve chv\u00edli, kdy jsme nastupovali, p\u0159i\u0161la druh\u00e1 vlna bou\u0159ky, a\u00a0j\u00e1 jsem nez\u00e1vid\u011bl t\u011bm, kdo z\u016fstali na festivalu nebo \u010dekali na nezast\u0159e\u0161en\u00e9 zast\u00e1vce na dal\u0161\u00ed spoj. <\/p>\n<p><img height=\"1153\"   width=\"2048\" src=\"https:\/\/www.europesays.com\/cz\/wp-content\/uploads\/2026\/07\/1784480781_966_colours.jpeg\" loading=\"eager\" decoding=\"sync\" class=\"e_ah e_af\"\/>Foto: Novin\u00e1\u0159 v dom\u00e1cnosti<\/p>\n<p class=\"e_cx\">Po de\u0161ti z\u016fstali opravdu jen skaln\u00ed fanou\u0161ci<\/p>\n<p class=\"e_cx\">Po p\u0159\u00edjezdu na na\u0161i zast\u00e1vku d\u00e9\u0161\u0165 nepolevoval a\u00a0na ubytov\u00e1n\u00ed jsme to m\u011bli je\u0161t\u011b p\u00e1r minut p\u011b\u0161ky. Nakonec jsme to dob\u011bhli mezi kapkami de\u0161t\u011b a\u00a0na hotel dorazili \u00fapln\u011b promo\u010den\u00ed.<\/p>\n<p><img height=\"1153\"   width=\"2048\" src=\"https:\/\/www.europesays.com\/cz\/wp-content\/uploads\/2026\/07\/1784480781_755_colours.jpeg\" loading=\"eager\" decoding=\"sync\" class=\"e_ah e_af\"\/>Foto: Novin\u00e1\u0159 v dom\u00e1cnosti<\/p>\n<p class=\"e_cx\">Na Mobyho vydr\u017eel m\u00e1lokdo, d\u00e9\u0161\u0165 se na akci vr\u00e1til je\u0161t\u011b n\u011bkolikr\u00e1t &#8211; ten den prost\u011b hudb\u011b nep\u0159\u00e1lo. A\u00a0zrovna na ten den jsem m\u011bl vstupenku<\/p>\n<p class=\"e_cx\">Byl jsem na leto\u0161n\u00edch Colours of Ostrava? <\/p>\n<p class=\"e_cx\">Byl, ale po\u010das\u00ed n\u00e1m vystavilo stopku. Kdybychom z\u016fstali, mo\u017en\u00e1 bychom to odstonali, a\u00a0zdrav\u00ed pro n\u00e1s bylo d\u016fle\u017eit\u011bj\u0161\u00ed. <\/p>\n<p class=\"e_cx\">Na leto\u0161n\u00edm festivalu jsem se hlavn\u011b dob\u0159e najedl, zbytek z\u00e1\u017eitku ale zkazil d\u00e9\u0161\u0165\u00a0\u2013 a\u00a0hlavn\u011b si pamatuju tla\u010denici v\u00a0budov\u011b. <\/p>\n<p class=\"e_cx\">P\u0159\u00edrod\u011b se ale porou\u010det ned\u00e1\u00a0\u2013 venkovn\u00ed st\u00e1nky jsou p\u0159i bou\u0159ce nepou\u017eiteln\u00e9, a\u00a0tak nezb\u00fdv\u00e1 ne\u017e doufat, \u017ee p\u0159\u00ed\u0161t\u00ed rok to dopadne l\u00e9pe. <\/p>\n<p class=\"e_cx\">Hor\u0161\u00ed to u\u017e snad b\u00fdt ani nem\u016f\u017ee.<\/p>\n<p class=\"e_cx\">vlastn\u00ed zku\u0161enosti a\u00a0z\u00e1\u017eitky<\/p>\n","protected":false},"excerpt":{"rendered":"P\u00e1tek, to byl ide\u00e1ln\u00ed \u010das vyrazit do are\u00e1lu Doln\u00edch V\u00edtkovic na legend\u00e1rn\u00ed Colours of Ostrava. R\u00e1no to vypadalo&hellip;\n","protected":false},"author":2,"featured_media":152307,"comment_status":"","ping_status":"","sticky":false,"template":"","format":"standard","meta":{"footnotes":"","_share_on_mastodon":"0"},"categories":[14],"tags":[43,9837,3659,444,79,617,9771,851,1448,650,1016,744,1073,1718,651,649,1837,5004,80,437,13788,597],"class_list":["post-152306","post","type-post","status-publish","format-standard","has-post-thumbnail","category-zabava","tag-ceska-republika","tag-colours-of-ostrava","tag-dest","tag-deti","tag-entertainment","tag-hotely","tag-humor","tag-jidlo","tag-kultura","tag-lide","tag-nazor","tag-ostrava","tag-pribeh","tag-pribehy-ze-zivota","tag-rodina","tag-spolecnost","tag-tipy-na-vylety","tag-tramvaje","tag-zabava","tag-zajimavosti","tag-zazitky","tag-zdravi"],"share_on_mastodon":{"url":"https:\/\/pubeurope.com\/@cz\/116947739721204166","error":""},"_links":{"self":[{"href":"https:\/\/www.europesays.com\/cz\/wp-json\/wp\/v2\/posts\/152306","targetHints":{"allow":["GET"]}}],"collection":[{"href":"https:\/\/www.europesays.com\/cz\/wp-json\/wp\/v2\/posts"}],"about":[{"href":"https:\/\/www.europesays.com\/cz\/wp-json\/wp\/v2\/types\/post"}],"author":[{"embeddable":true,"href":"https:\/\/www.europesays.com\/cz\/wp-json\/wp\/v2\/users\/2"}],"replies":[{"embeddable":true,"href":"https:\/\/www.europesays.com\/cz\/wp-json\/wp\/v2\/comments?post=152306"}],"version-history":[{"count":0,"href":"https:\/\/www.europesays.com\/cz\/wp-json\/wp\/v2\/posts\/152306\/revisions"}],"wp:featuredmedia":[{"embeddable":true,"href":"https:\/\/www.europesays.com\/cz\/wp-json\/wp\/v2\/media\/152307"}],"wp:attachment":[{"href":"https:\/\/www.europesays.com\/cz\/wp-json\/wp\/v2\/media?parent=152306"}],"wp:term":[{"taxonomy":"category","embeddable":true,"href":"https:\/\/www.europesays.com\/cz\/wp-json\/wp\/v2\/categories?post=152306"},{"taxonomy":"post_tag","embeddable":true,"href":"https:\/\/www.europesays.com\/cz\/wp-json\/wp\/v2\/tags?post=152306"}],"curies":[{"name":"wp","href":"https:\/\/api.w.org\/{rel}","templated":true}]}}